{"id":518254,"date":"2025-11-07T12:26:10","date_gmt":"2025-11-07T12:26:10","guid":{"rendered":"https:\/\/www.europesays.com\/fr\/518254\/"},"modified":"2025-11-07T12:26:10","modified_gmt":"2025-11-07T12:26:10","slug":"royaume-uni-la-jeune-femme-qui-pretendait-etre-maddie-condamnee","status":"publish","type":"post","link":"https:\/\/www.europesays.com\/fr\/518254\/","title":{"rendered":"Royaume-Uni: La jeune femme qui pr\u00e9tendait \u00eatre Maddie condamn\u00e9e"},"content":{"rendered":"<p>Une femme ayant <a href=\"https:\/\/www.lematin.ch\/story\/angleterre-elle-est-persuadee-qu-elle-est-maddie-c-est-effrayant-103430804\" rel=\"nofollow noopener\" target=\"_blank\">pr\u00e9tendu pendant des ann\u00e9es \u00eatre Maddie<\/a>, Madeleine McCann, la fillette britannique disparue en 2007 au Portugal, a \u00e9t\u00e9 reconnue coupable vendredi d\u2019avoir harcel\u00e9 les parents de cette derni\u00e8re par la justice britannique.<\/p>\n<p>Julia Wandelt, une Polonaise de 24 ans, \u00e9tait jug\u00e9e pour avoir harcel\u00e9 Kate et Gerry McCann entre juin 2022 et f\u00e9vrier 2025, notamment en leur envoyant des lettres et en les appelant au t\u00e9l\u00e9phone, pr\u00e9tendant \u00eatre leur fille Maddie. Sa co-accus\u00e9e, Karen Spragg, a elle \u00e9t\u00e9 totalement acquitt\u00e9e des m\u00eames charges par le jury.<\/p>\n","protected":false},"excerpt":{"rendered":"Une femme ayant pr\u00e9tendu pendant des ann\u00e9es \u00eatre Maddie, Madeleine McCann, la fillette britannique disparue en 2007 au&hellip;\n","protected":false},"author":2,"featured_media":518255,"comment_status":"","ping_status":"","sticky":false,"template":"","format":"standard","meta":{"footnotes":""},"categories":[1588],"tags":[11,1777,674,12,473,1853,1851,1850,1852],"class_list":{"0":"post-518254","1":"post","2":"type-post","3":"status-publish","4":"format-standard","5":"has-post-thumbnail","7":"category-royaume-uni","8":"tag-actualites","9":"tag-eu","10":"tag-europe","11":"tag-news","12":"tag-royaume-uni","13":"tag-royaume-uni-de-grande-bretagne-et-dirlande-du-nord","14":"tag-uk","15":"tag-united-kingdom","16":"tag-united-kingdom-of-great-britain-and-northern-ireland"},"share_on_mastodon":{"url":"https:\/\/pubeurope.com\/@fr\/115508411391821352","error":""},"_links":{"self":[{"href":"https:\/\/www.europesays.com\/fr\/wp-json\/wp\/v2\/posts\/518254","targetHints":{"allow":["GET"]}}],"collection":[{"href":"https:\/\/www.europesays.com\/fr\/wp-json\/wp\/v2\/posts"}],"about":[{"href":"https:\/\/www.europesays.com\/fr\/wp-json\/wp\/v2\/types\/post"}],"author":[{"embeddable":true,"href":"https:\/\/www.europesays.com\/fr\/wp-json\/wp\/v2\/users\/2"}],"replies":[{"embeddable":true,"href":"https:\/\/www.europesays.com\/fr\/wp-json\/wp\/v2\/comments?post=518254"}],"version-history":[{"count":0,"href":"https:\/\/www.europesays.com\/fr\/wp-json\/wp\/v2\/posts\/518254\/revisions"}],"wp:featuredmedia":[{"embeddable":true,"href":"https:\/\/www.europesays.com\/fr\/wp-json\/wp\/v2\/media\/518255"}],"wp:attachment":[{"href":"https:\/\/www.europesays.com\/fr\/wp-json\/wp\/v2\/media?parent=518254"}],"wp:term":[{"taxonomy":"category","embeddable":true,"href":"https:\/\/www.europesays.com\/fr\/wp-json\/wp\/v2\/categories?post=518254"},{"taxonomy":"post_tag","embeddable":true,"href":"https:\/\/www.europesays.com\/fr\/wp-json\/wp\/v2\/tags?post=518254"}],"curies":[{"name":"wp","href":"https:\/\/api.w.org\/{rel}","templated":true}]}}