{"id":518256,"date":"2025-11-07T12:27:13","date_gmt":"2025-11-07T12:27:13","guid":{"rendered":"https:\/\/www.europesays.com\/fr\/518256\/"},"modified":"2025-11-07T12:27:13","modified_gmt":"2025-11-07T12:27:13","slug":"vodafone-et-ast-spacemobile-choisissent-lallemagne-pour-leur-centre-europeen-d","status":"publish","type":"post","link":"https:\/\/www.europesays.com\/fr\/518256\/","title":{"rendered":"Vodafone et AST SpaceMobile choisissent l&rsquo;Allemagne pour leur centre europ\u00e9en d&rsquo;"},"content":{"rendered":"<p>        &#13;<\/p>\n<p>(Zonebourse.com) &#8211; <\/p>\n<p>Vodafone annonce, avec AST SpaceMobile, la cr\u00e9ation d&rsquo;un centre d&rsquo;op\u00e9rations satellitaires europ\u00e9en en Allemagne, destin\u00e9 \u00e0 piloter la future constellation SatCo et \u00e0 renforcer la souverainet\u00e9 num\u00e9rique de l&rsquo;Union europ\u00e9enne. Le site sera implant\u00e9 pr\u00e8s de Munich ou de Hanovre.<br \/>Cette initiative s&rsquo;inscrit dans le cadre de leur coentreprise luxembourgeoise SatCo, d\u00e9di\u00e9e \u00e0 la connectivit\u00e9 mobile par satellite pour les op\u00e9rateurs europ\u00e9ens. Le lancement commercial est pr\u00e9vu \u00e0 partir de 2026.<br \/>La constellation int\u00e9grera un &lsquo;command switch&rsquo; garantissant la supervision et la s\u00e9curit\u00e9 europ\u00e9ennes via le chiffrement des communications et la gestion des faisceaux satellitaires.<br \/>Le r\u00e9seau soutiendra \u00e9galement les communications d&rsquo;urgence et de secours, conform\u00e9ment \u00e0 la vision du syst\u00e8me europ\u00e9en de communication critique (EUCCS).<\/p>\n<p>Copyright \u00a9 2025 Zonebourse.com &#8211; All rights reserved.<\/p>\n<p>&#13;<br \/>\n            &#13;<\/p>\n<p>Vous avez aim\u00e9 cet article ? Partagez-le avec vos amis avec les boutons ci-dessous.<\/p>\n<p>        <a target=\"_blank\" title=\"Twitter\" href=\"https:\/\/twitter.com\/share?url=https:\/\/www.abcbourse.com\/marches\/vodafone-et-ast-spacemobile-choisissent-l-allemagne-pour-leur-centre-europeen-d-_679731&amp;text=Vodafone et AST SpaceMobile choisissent l&#039;Allemagne pour leur centre europ\u00e9en d&#039;op\u00e9rations satellitaires&amp;via=abcbourse\" rel=\"nofollow noopener\">&#13;<br \/>\n            <img decoding=\"async\" src=\"https:\/\/www.europesays.com\/fr\/wp-content\/uploads\/2025\/04\/share_twitter.png\" class=\"mr10\" alt=\"Twitter\"\/>&#13;<br \/>\n        <\/a><br \/>\n        <a target=\"_blank\" title=\"Facebook\" href=\"https:\/\/www.facebook.com\/sharer.php?u=https:\/\/www.abcbourse.com\/marches\/vodafone-et-ast-spacemobile-choisissent-l-allemagne-pour-leur-centre-europeen-d-_679731&amp;t=Vodafone et AST SpaceMobile choisissent l&#039;Allemagne pour leur centre europ\u00e9en d&#039;op\u00e9rations satellitaires\" rel=\"nofollow noopener\">&#13;<br \/>\n            <img decoding=\"async\" src=\"https:\/\/www.europesays.com\/fr\/wp-content\/uploads\/2025\/10\/share_fb.png\" alt=\"Facebook\" class=\"mr10\"\/>&#13;<br \/>\n        <\/a><br \/>\n        <a target=\"_blank\" title=\"Linkedin\" href=\"https:\/\/www.linkedin.com\/shareArticle?mini=true&amp;url=https:\/\/www.abcbourse.com\/marches\/vodafone-et-ast-spacemobile-choisissent-l-allemagne-pour-leur-centre-europeen-d-_679731&amp;title=Vodafone et AST SpaceMobile choisissent l&#039;Allemagne pour leur centre europ\u00e9en d&#039;op\u00e9rations satellitaires\" rel=\"nofollow noopener\">&#13;<br \/>\n            <img decoding=\"async\" src=\"https:\/\/www.europesays.com\/fr\/wp-content\/uploads\/2025\/04\/share_linkedin.png\" alt=\"Linkedin\" class=\"mr10\"\/>&#13;<br \/>\n        <\/a><br \/>\n        <a target=\"_blank\" title=\"Envoyer par mail\" href=\"http:\/\/www.abcbourse.com\/cdn-cgi\/l\/email-protection#427d313720282721367f142d2623242d2c27622736620311166211322321270f2d202b2e2762212a2d2b312b3131272c36622e65032e2e272f23252c2762322d3730622e2737306221272c363027622737302d3281eb272c6226652d3281eb3023362b2d2c3162312336272e2e2b36232b30273164202d263b7f2a36363231786d6d3535356c232021202d373031276c212d2f6d2f2330212a27316d342d2623242d2c276f27366f2331366f31322321272f2d202b2e276f212a2d2b312b3131272c366f2e6f232e2e272f23252c276f322d37306f2e2737306f21272c3630276f2737302d3227272c6f266f1d74757b757173\" rel=\"nofollow noopener\">&#13;<br \/>\n            <img decoding=\"async\" src=\"https:\/\/www.europesays.com\/fr\/wp-content\/uploads\/2025\/10\/share_email.png\" alt=\"email\"\/>&#13;<br \/>\n        <\/a><br \/>\n    <script async src=\"https:\/\/platform.twitter.com\/widgets.js\" charset=\"utf-8\"><\/script><\/p>\n","protected":false},"excerpt":{"rendered":"&#13; (Zonebourse.com) &#8211; Vodafone annonce, avec AST SpaceMobile, la cr\u00e9ation d&rsquo;un centre d&rsquo;op\u00e9rations satellitaires europ\u00e9en en Allemagne, destin\u00e9&hellip;\n","protected":false},"author":2,"featured_media":26192,"comment_status":"","ping_status":"","sticky":false,"template":"","format":"standard","meta":{"footnotes":""},"categories":[1587],"tags":[11,672,1804,1805,1803,1777,674,1801,12,1802],"class_list":{"0":"post-518256","1":"post","2":"type-post","3":"status-publish","4":"format-standard","5":"has-post-thumbnail","7":"category-allemagne","8":"tag-actualites","9":"tag-allemagne","10":"tag-bundesrepublik-deutschland","11":"tag-de","12":"tag-deutschland","13":"tag-eu","14":"tag-europe","15":"tag-germany","16":"tag-news","17":"tag-republique-federale-dallemagne"},"share_on_mastodon":{"url":"https:\/\/pubeurope.com\/@fr\/115508415434445300","error":""},"_links":{"self":[{"href":"https:\/\/www.europesays.com\/fr\/wp-json\/wp\/v2\/posts\/518256","targetHints":{"allow":["GET"]}}],"collection":[{"href":"https:\/\/www.europesays.com\/fr\/wp-json\/wp\/v2\/posts"}],"about":[{"href":"https:\/\/www.europesays.com\/fr\/wp-json\/wp\/v2\/types\/post"}],"author":[{"embeddable":true,"href":"https:\/\/www.europesays.com\/fr\/wp-json\/wp\/v2\/users\/2"}],"replies":[{"embeddable":true,"href":"https:\/\/www.europesays.com\/fr\/wp-json\/wp\/v2\/comments?post=518256"}],"version-history":[{"count":0,"href":"https:\/\/www.europesays.com\/fr\/wp-json\/wp\/v2\/posts\/518256\/revisions"}],"wp:featuredmedia":[{"embeddable":true,"href":"https:\/\/www.europesays.com\/fr\/wp-json\/wp\/v2\/media\/26192"}],"wp:attachment":[{"href":"https:\/\/www.europesays.com\/fr\/wp-json\/wp\/v2\/media?parent=518256"}],"wp:term":[{"taxonomy":"category","embeddable":true,"href":"https:\/\/www.europesays.com\/fr\/wp-json\/wp\/v2\/categories?post=518256"},{"taxonomy":"post_tag","embeddable":true,"href":"https:\/\/www.europesays.com\/fr\/wp-json\/wp\/v2\/tags?post=518256"}],"curies":[{"name":"wp","href":"https:\/\/api.w.org\/{rel}","templated":true}]}}