{"id":518257,"date":"2025-11-07T12:28:11","date_gmt":"2025-11-07T12:28:11","guid":{"rendered":"https:\/\/www.europesays.com\/fr\/518257\/"},"modified":"2025-11-07T12:28:11","modified_gmt":"2025-11-07T12:28:11","slug":"adam-putera-champion-lamborghini-super-trofeo-europe-pro-2025","status":"publish","type":"post","link":"https:\/\/www.europesays.com\/fr\/518257\/","title":{"rendered":"Adam Putera champion Lamborghini Super Trofeo Europe Pro 2025"},"content":{"rendered":"<p>Deuxi\u00e8me du classement Pro en arrivant ce week-end \u00e0 Misano pour la finale du Lamborghini Super Trofeo Europe, Adam Putera (VSR) a marqu\u00e9 les points suffisants pour d\u00e9crocher la timbale face \u00e0 Enzo Geraci et Josef Knopp (Oregon Team).<\/p>\n<p>\u00a0<\/p>\n<p>Apr\u00e8s la deuxi\u00e8me place hier, Putera, parfaitement second\u00e9 par le Fran\u00e7ais Paul Levet, n&rsquo;a pris que la 8e place de la course de ce vendredi apr\u00e8s une p\u00e9nalit\u00e9 de 5&Prime; pour d\u00e9passements r\u00e9p\u00e9t\u00e9s des limites de la piste. Mais en terminant juste derri\u00e8re ses rivaux Geraci &#8211; Knopp, le pilote malaisien \u00e9pingle la couronne Pro en solo, Levet ayant manqu\u00e9 la manche du N\u00fcrburgring en ao\u00fbt dernier.<\/p>\n<p>\u00a0<\/p>\n<p>Du c\u00f4t\u00e9 de cette derni\u00e8re course 2025, Nicolas Stati et Brendon Leitch s&rsquo;offrent un doubl\u00e9 avec la Huracan Super Trofeo EVO2 &#8211; Leipert Motorsport, apr\u00e8s une manche domin\u00e9e de bout en bout.<\/p>\n<p>\u00a0<\/p>\n<p>Giacomo Pedrini et Patrik Fraboni (Target Racing) terminent 2e et devancent pour le podium au g\u00e9n\u00e9ral Andrzej Lewandowski et Frederik Schandorff (ASR), laur\u00e9ats en Pro-Am comme hier en course 1. Dans la classe, Georgi Dimitrov et Stephan Guerin (CMR), d\u00e9j\u00e0 champions depuis Barcelone, prennent la deuxi\u00e8me place devant Luca Segu et\u00a0Diego Locanto (HC by DL Racing).<\/p>\n<p>\u00a0<\/p>\n<p>St\u00e9phane Tribaudini et Piergiacomo Randazzo auront fait le maximum en Am pour viser la couronne mais l&rsquo;\u00e9quipage VSR n&rsquo;est pas r\u00e9compens\u00e9 de sa victoire en piste puisque Pietro Perolini et Massimo Ciglia (Oregon Team) prennent la deuxi\u00e8me place et d\u00e9crochent le titre pour un point. Adrian Lewandowski (GT3 Poland) compl\u00e8te le podium en Am.<\/p>\n<p>\u00a0<\/p>\n<p>D\u00e9j\u00e0 titr\u00e9 depuis les qualifications d&rsquo;hier, Karim Ojjeh (Villorba Corse) conclut sa saison sur une victoire en Lamborghini Cup.<\/p>\n<p>\u00a0<\/p>\n<p>Les Lamborghini World Finals viendront conclure cette semaine \u00e0 Misano, \u00e0 partir de demain. Les courses seront \u00e0 suivre en direct vid\u00e9o sur Endurance-Info.<\/p>\n<p class=\"highlight\"><strong>Le classement est <a href=\"https:\/\/www.endurance-info.com\/sites\/default\/files\/2025-11\/Course%202.pdf\" target=\"_blank\" rel=\"noopener\">ICI<\/a><\/strong><\/p>\n","protected":false},"excerpt":{"rendered":"Deuxi\u00e8me du classement Pro en arrivant ce week-end \u00e0 Misano pour la finale du Lamborghini Super Trofeo Europe,&hellip;\n","protected":false},"author":2,"featured_media":518258,"comment_status":"","ping_status":"","sticky":false,"template":"","format":"standard","meta":{"footnotes":""},"categories":[1586],"tags":[4208,4214,11,4198,4197,4207,4215,4209,4194,1777,674,4195,4211,4196,1011,27,4216,4201,4205,4200,4221,4204,4212,4206,4217,2191,4218,4203,4219,12,4210,25,4213,4199,4220,4202],"class_list":{"0":"post-518257","1":"post","2":"type-post","3":"status-publish","4":"format-standard","5":"has-post-thumbnail","7":"category-europe","8":"tag-24h-nurburgring-vln","9":"tag-24h-series","10":"tag-actualites","11":"tag-adac-gt-masters","12":"tag-asian-le-mans-series","13":"tag-british-gt","14":"tag-club-des-pilotes-des-24h-du-mans","15":"tag-dtm","16":"tag-endurance-info","17":"tag-eu","18":"tag-europe","19":"tag-european-le-mans-series","20":"tag-ffsa-gt","21":"tag-fia-wec","22":"tag-fr","23":"tag-france","24":"tag-green-racing","25":"tag-gt-open","26":"tag-gt-sports-club","27":"tag-gt-world-challenge-america","28":"tag-gt-world-challenge-asia","29":"tag-gt-world-challenge-europe","30":"tag-gulf12","31":"tag-imsa","32":"tag-intercontinental-gt-challenge","33":"tag-le-mans","34":"tag-le-mans-classic","35":"tag-ligier-european-series","36":"tag-michelin-le-mans-cup","37":"tag-news","38":"tag-porsche-carrera-cup-france","39":"tag-republique-francaise","40":"tag-sport-paddle","41":"tag-super-gt","42":"tag-supercar","43":"tag-ultimate-cup-series"},"share_on_mastodon":{"url":"","error":"Validation failed: Text character limit of 500 exceeded"},"_links":{"self":[{"href":"https:\/\/www.europesays.com\/fr\/wp-json\/wp\/v2\/posts\/518257","targetHints":{"allow":["GET"]}}],"collection":[{"href":"https:\/\/www.europesays.com\/fr\/wp-json\/wp\/v2\/posts"}],"about":[{"href":"https:\/\/www.europesays.com\/fr\/wp-json\/wp\/v2\/types\/post"}],"author":[{"embeddable":true,"href":"https:\/\/www.europesays.com\/fr\/wp-json\/wp\/v2\/users\/2"}],"replies":[{"embeddable":true,"href":"https:\/\/www.europesays.com\/fr\/wp-json\/wp\/v2\/comments?post=518257"}],"version-history":[{"count":0,"href":"https:\/\/www.europesays.com\/fr\/wp-json\/wp\/v2\/posts\/518257\/revisions"}],"wp:featuredmedia":[{"embeddable":true,"href":"https:\/\/www.europesays.com\/fr\/wp-json\/wp\/v2\/media\/518258"}],"wp:attachment":[{"href":"https:\/\/www.europesays.com\/fr\/wp-json\/wp\/v2\/media?parent=518257"}],"wp:term":[{"taxonomy":"category","embeddable":true,"href":"https:\/\/www.europesays.com\/fr\/wp-json\/wp\/v2\/categories?post=518257"},{"taxonomy":"post_tag","embeddable":true,"href":"https:\/\/www.europesays.com\/fr\/wp-json\/wp\/v2\/tags?post=518257"}],"curies":[{"name":"wp","href":"https:\/\/api.w.org\/{rel}","templated":true}]}}