{"id":518259,"date":"2025-11-07T12:29:10","date_gmt":"2025-11-07T12:29:10","guid":{"rendered":"https:\/\/www.europesays.com\/fr\/518259\/"},"modified":"2025-11-07T12:29:10","modified_gmt":"2025-11-07T12:29:10","slug":"en-reaction-aux-vols-de-drones-lue-restreint-la-delivrance-de-visas-aux-citoyens-russes","status":"publish","type":"post","link":"https:\/\/www.europesays.com\/fr\/518259\/","title":{"rendered":"En r\u00e9action aux vols de drones, l\u2019UE restreint la d\u00e9livrance de visas aux citoyens russes"},"content":{"rendered":"<p>L\u2019Union europ\u00e9enne a annonc\u00e9 vendredi des r\u00e8gles plus strictes en mati\u00e8re de d\u00e9livrance de visas pour les citoyens russes afin de renforcer sa s\u00e9curit\u00e9 apr\u00e8s plusieurs attaques hybrides attribu\u00e9es \u00e0 la Russie depuis <a href=\"https:\/\/www.letelegramme.fr\/monde\/guerre-ukraine-russie\/\" target=\"_blank\" rel=\"noopener\">l\u2019invasion de l\u2019Ukraine en 2022<\/a>. \u00ab Lancer une guerre et s\u2019attendre \u00e0 pouvoir se d\u00e9placer librement en Europe est difficile \u00e0 justifier \u00bb, a soulign\u00e9 sur X la cheffe de la diplomatie de l\u2019UE Kaja Kallas.<\/p>\n<p>\u00ab R\u00e9duire tout risque potentiel pour la s\u00e9curit\u00e9 \u00bb<\/p>\n<p>\u00c0 compter de vendredi, les ressortissants russes ne pourront plus recevoir de visas \u00e0 entr\u00e9es multiples, mais uniquement des visas valables pour une seule entr\u00e9e dans l\u2019UE, a pr\u00e9cis\u00e9 la Commission europ\u00e9enne. Ces restrictions doivent permettre un examen plus attentif et r\u00e9p\u00e9t\u00e9 des demandes de visa afin \u00ab de r\u00e9duire tout risque potentiel pour la s\u00e9curit\u00e9 \u00bb. \u00ab Nous sommes d\u00e9sormais confront\u00e9s \u00e0 des perturbations et des sabotages sans pr\u00e9c\u00e9dent caus\u00e9s par des drones sur notre territoire. Nous avons le devoir de prot\u00e9ger nos citoyens \u00bb, a expliqu\u00e9 Kallas.<\/p>\n<p>L\u2019objectif est aussi de permettre une application uniforme dans tous les \u00c9tats membres, qui ont tous approuv\u00e9 ces mesures. Des exceptions pour \u00ab des cas justifi\u00e9s tels que les journalistes ind\u00e9pendants et les d\u00e9fenseurs des droits humains \u00bb sont pr\u00e9vus dans le cadre de ces nouvelles r\u00e8gles.<\/p>\n<p>\u00ab Contre-productif \u00bb pour la veuve de Navlany<\/p>\n<p>Les 27 ont d\u00e9j\u00e0 renforc\u00e9 les contr\u00f4les sur les d\u00e9placements des diplomates russes en poste dans les pays de l\u2019UE. Certains pays de l\u2019UE, parmi les plus hostiles \u00e0 la Russie, plaident depuis longtemps pour limiter les d\u00e9placements dans l\u2019UE des ressortissants russes.<\/p>\n<p>Pour Ioulia Navalna\u00efa, la veuve de l\u2019opposant russe Alexe\u00ef Navlany, de telles restrictions donnent au contraire des arguments au Kremlin lorsqu\u2019il d\u00e9nonce l\u2019hostilit\u00e9 de l\u2019Occident \u00e0 l\u2019encontre du peuple russe. \u00ab Dans le but de favoriser la paix en Europe, il est contre-productif d\u2019aider les autorit\u00e9s russes \u00e0 isoler la soci\u00e9t\u00e9 russe \u00bb, a-t-elle ainsi \u00e9crit dans une lettre adress\u00e9e en septembre \u00e0 la cheffe de la diplomatie europ\u00e9enne Kaja Kallas.<\/p>\n<p>L\u2019UE a suspendu en 2022, apr\u00e8s l\u2019invasion russe de l\u2019Ukraine, son accord facilitant l\u2019obtention de visas pour les citoyens russes.<\/p>\n<p>Bruxelles affirme que cela a fait chuter le nombre de visas d\u00e9livr\u00e9s aux Russes, qui est pass\u00e9 de plus de quatre millions avant f\u00e9vrier 2022 \u00e0 environ 500 000 en 2023. Mais selon des diplomates europ\u00e9ens, ce chiffre est reparti \u00e0 la hausse l\u2019an dernier.<\/p>\n<p>Les destinations touristiques comme la France, l\u2019Espagne et l\u2019Italie figurent parmi les pays d\u00e9livrant le plus de visas aux citoyens russes.<\/p>\n","protected":false},"excerpt":{"rendered":"L\u2019Union europ\u00e9enne a annonc\u00e9 vendredi des r\u00e8gles plus strictes en mati\u00e8re de d\u00e9livrance de visas pour les citoyens&hellip;\n","protected":false},"author":2,"featured_media":518260,"comment_status":"","ping_status":"","sticky":false,"template":"","format":"standard","meta":{"footnotes":""},"categories":[1586],"tags":[11,765,1777,674,1779,1011,27,2069,74,12,25,132,1778,220,364],"class_list":{"0":"post-518259","1":"post","2":"type-post","3":"status-publish","4":"format-standard","5":"has-post-thumbnail","7":"category-europe","8":"tag-actualites","9":"tag-en-continu","10":"tag-eu","11":"tag-europe","12":"tag-european-union","13":"tag-fr","14":"tag-france","15":"tag-guerre-ukraine-russie","16":"tag-monde","17":"tag-news","18":"tag-republique-francaise","19":"tag-russie","20":"tag-ue","21":"tag-ukraine","22":"tag-union-europeenne"},"share_on_mastodon":{"url":"https:\/\/pubeurope.com\/@fr\/115508423333705488","error":""},"_links":{"self":[{"href":"https:\/\/www.europesays.com\/fr\/wp-json\/wp\/v2\/posts\/518259","targetHints":{"allow":["GET"]}}],"collection":[{"href":"https:\/\/www.europesays.com\/fr\/wp-json\/wp\/v2\/posts"}],"about":[{"href":"https:\/\/www.europesays.com\/fr\/wp-json\/wp\/v2\/types\/post"}],"author":[{"embeddable":true,"href":"https:\/\/www.europesays.com\/fr\/wp-json\/wp\/v2\/users\/2"}],"replies":[{"embeddable":true,"href":"https:\/\/www.europesays.com\/fr\/wp-json\/wp\/v2\/comments?post=518259"}],"version-history":[{"count":0,"href":"https:\/\/www.europesays.com\/fr\/wp-json\/wp\/v2\/posts\/518259\/revisions"}],"wp:featuredmedia":[{"embeddable":true,"href":"https:\/\/www.europesays.com\/fr\/wp-json\/wp\/v2\/media\/518260"}],"wp:attachment":[{"href":"https:\/\/www.europesays.com\/fr\/wp-json\/wp\/v2\/media?parent=518259"}],"wp:term":[{"taxonomy":"category","embeddable":true,"href":"https:\/\/www.europesays.com\/fr\/wp-json\/wp\/v2\/categories?post=518259"},{"taxonomy":"post_tag","embeddable":true,"href":"https:\/\/www.europesays.com\/fr\/wp-json\/wp\/v2\/tags?post=518259"}],"curies":[{"name":"wp","href":"https:\/\/api.w.org\/{rel}","templated":true}]}}