{"id":518268,"date":"2025-11-07T12:35:22","date_gmt":"2025-11-07T12:35:22","guid":{"rendered":"https:\/\/www.europesays.com\/fr\/518268\/"},"modified":"2025-11-07T12:35:22","modified_gmt":"2025-11-07T12:35:22","slug":"excellente-nouvelle-pour-le-stade-toulousain-et-ses-supporters","status":"publish","type":"post","link":"https:\/\/www.europesays.com\/fr\/518268\/","title":{"rendered":"Excellente nouvelle pour le Stade-Toulousain et ses supporters !"},"content":{"rendered":"<p>C\u2019est un vieux serpent de mer toulousain qui pourrait enfin devenir r\u00e9alit\u00e9.<\/p>\n<p>Jean-Luc Moudenc a confirm\u00e9, dans une interview accord\u00e9e \u00e0 <a href=\"https:\/\/www.ladepeche.fr\/2025\/11\/06\/le-stadium-de-toulouse-agrandi-a-43-000-places-jean-luc-moudenc-sengage-a-lancer-le-chantier-sil-est-reelu-13037403.php\" rel=\"nofollow noopener\" target=\"_blank\">La D\u00e9p\u00eache<\/a> ce jeudi 6 novembre, <strong>son intention de lancer l\u2019agrandissement du Stadium<\/strong>, s\u2019il est r\u00e9\u00e9lu \u00e0 la mairie. Le maire sortant ne veut plus de tergiversations : \u00ab C\u2019est effectivement l\u2019objectif que je me fixe \u00bb, a-t-il tranch\u00e9.<\/p>\n<p>Un projet r\u00e9aliste plut\u00f4t qu\u2019un r\u00eave d\u00e9mesur\u00e9<\/p>\n<p>Exit le fantasme d\u2019un nouveau grand stade de 60 000 places : Jean-Luc Moudenc privil\u00e9gie une extension du Stadium actuel, jug\u00e9e plus cr\u00e9dible et financi\u00e8rement soutenable.<\/p>\n<p>\u00ab Un grand stade, \u00e0 moins de 600 millions d\u2019euros, vous ne l\u2019organisez pas \u00bb, rappelle-t-il.<\/p>\n<p>L\u2019ambition municipale est claire : <strong>ajouter environ 10 000 places<\/strong> \u00e0 l\u2019enceinte du Ramier pour atteindre <strong>43 000 si\u00e8ges<\/strong>. \u00ab Aujourd\u2019hui, on a 33 000 places ; il faut aller vers 10 000 de plus. Avec \u00e7a, on serait le sixi\u00e8me stade de France, et sur l\u2019axe sud, le plus important \u00bb, d\u00e9fend le maire.<\/p>\n<p>TFC et Stade Toulousain, des alli\u00e9s naturels<\/p>\n<p>L\u2019id\u00e9e s\u00e9duit les deux locomotives sportives de la ville. Le pr\u00e9sident du TFC, <strong>Olivier Cloarec<\/strong>, a r\u00e9cemment \u00e9voqu\u00e9 sa volont\u00e9 de \u00ab se remettre autour de la table avec les principaux acteurs et voir comment faire \u00e9voluer le projet \u00bb. Avant lui, <strong>Damien Comolli<\/strong> et <strong>Didier Lacroix<\/strong> militaient d\u00e9j\u00e0 pour une enceinte port\u00e9e \u00e0 42 000-45 000 places.<\/p>\n<p>Jean-Luc Moudenc confirme que des \u00e9changes sont en cours avec les deux clubs : \u00ab Le Stade Toulousain est oblig\u00e9 de refuser des participants. Avec un Stadium plus grand, il pourrait y jouer plus souvent. \u00bb Une mani\u00e8re aussi de d\u00e9sengorger <strong>Ernest-Wallon<\/strong>, devenu trop \u00e9troit pour certaines affiches de prestige.<\/p>\n<p><strong>Affaire \u00e0 suivre\u2026<\/strong><\/p>\n","protected":false},"excerpt":{"rendered":"C\u2019est un vieux serpent de mer toulousain qui pourrait enfin devenir r\u00e9alit\u00e9. Jean-Luc Moudenc a confirm\u00e9, dans une&hellip;\n","protected":false},"author":2,"featured_media":213600,"comment_status":"","ping_status":"","sticky":false,"template":"","format":"standard","meta":{"footnotes":""},"categories":[1416],"tags":[1011,27,479,1468,60],"class_list":{"0":"post-518268","1":"post","2":"type-post","3":"status-publish","4":"format-standard","5":"has-post-thumbnail","7":"category-rugby","8":"tag-fr","9":"tag-france","10":"tag-rugby","11":"tag-rugby-football","12":"tag-sports"},"share_on_mastodon":{"url":"https:\/\/pubeurope.com\/@fr\/115508446859211034","error":""},"_links":{"self":[{"href":"https:\/\/www.europesays.com\/fr\/wp-json\/wp\/v2\/posts\/518268","targetHints":{"allow":["GET"]}}],"collection":[{"href":"https:\/\/www.europesays.com\/fr\/wp-json\/wp\/v2\/posts"}],"about":[{"href":"https:\/\/www.europesays.com\/fr\/wp-json\/wp\/v2\/types\/post"}],"author":[{"embeddable":true,"href":"https:\/\/www.europesays.com\/fr\/wp-json\/wp\/v2\/users\/2"}],"replies":[{"embeddable":true,"href":"https:\/\/www.europesays.com\/fr\/wp-json\/wp\/v2\/comments?post=518268"}],"version-history":[{"count":0,"href":"https:\/\/www.europesays.com\/fr\/wp-json\/wp\/v2\/posts\/518268\/revisions"}],"wp:featuredmedia":[{"embeddable":true,"href":"https:\/\/www.europesays.com\/fr\/wp-json\/wp\/v2\/media\/213600"}],"wp:attachment":[{"href":"https:\/\/www.europesays.com\/fr\/wp-json\/wp\/v2\/media?parent=518268"}],"wp:term":[{"taxonomy":"category","embeddable":true,"href":"https:\/\/www.europesays.com\/fr\/wp-json\/wp\/v2\/categories?post=518268"},{"taxonomy":"post_tag","embeddable":true,"href":"https:\/\/www.europesays.com\/fr\/wp-json\/wp\/v2\/tags?post=518268"}],"curies":[{"name":"wp","href":"https:\/\/api.w.org\/{rel}","templated":true}]}}