{"id":518269,"date":"2025-11-07T12:36:14","date_gmt":"2025-11-07T12:36:14","guid":{"rendered":"https:\/\/www.europesays.com\/fr\/518269\/"},"modified":"2025-11-07T12:36:14","modified_gmt":"2025-11-07T12:36:14","slug":"novak-djokovic-yannick-hanfmann-atp-250-athenes-demi-finales-vendredi-07-novembre-2025-lequipe","status":"publish","type":"post","link":"https:\/\/www.europesays.com\/fr\/518269\/","title":{"rendered":"Novak Djokovic &#8211; Yannick Hanfmann, ATP 250, Ath\u00e8nes, Demi-finales, Vendredi 07 novembre 2025 &#8211; L&#039;\u00c9quipe"},"content":{"rendered":"<ol>\n<li><a href=\"https:\/\/news.google.com\/rss\/articles\/CBMiygFBVV95cUxQMXFId3ZqU09neDU5RlNBV2x2TjMyd0Mtbjdzd2sxczZVRTV6ZTd4NHc5d2JYNVg5YU1tZUY0RXVmNW9BcFE0Q0dhbzJ4a2htR3dzYU5GcTV2N0JYNHhoaG1NVDZfS3M0cFVIUWtqUm9GM1lBMzlyaTZ4UWxhaXVFZUQzb0NSQ0wzdEJwc1NEbUt0ZmstWnRoeTNQS2xtbjI5THVka2RKQk9ycFgwU3RrQlNNX3dmN2Z6Y3lqVWc2VmZQeEx5M1ZOQ21R?oc=5\" target=\"_blank\" rel=\"nofollow noopener\">Novak Djokovic &#8211; Yannick Hanfmann, ATP 250, Ath\u00e8nes, Demi-finales, Vendredi 07 novembre 2025<\/a>&nbsp;&nbsp;L&rsquo;\u00c9quipe<\/li>\n<li><a href=\"https:\/\/news.google.com\/rss\/articles\/CBMizgFBVV95cUxNSjVleENYbDg5bERGRWtSMnprS2NZUEwxMzVURmtCWGRlOTY3cmNrNE4yTXl2X2dHMm9jMmJBY1llVWdZWVM5VlNTQW5SQU9RSTRudTlQdWhRMG1LZ2dWVUg5TnctcGpqOFNGRFdSOEhFUDlFaS1xdWxWcm1DM1N4OXVfMVhlNjNxem9jZ0xQQWtXUEdHaGlWdjZZWUdWb3dGY1VzZnpKWWZnZWd5bXlTamtybnZDYXZsUXdUSFlzakYxTUtmX0loa09HRHdaZw?oc=5\" target=\"_blank\" rel=\"nofollow noopener\">Novak Djokovic \u00e9carte Nuno Borges et rejoint les demi-finales de l&rsquo;ATP 250 d&rsquo;Ath\u00e8nes<\/a>&nbsp;&nbsp;L&rsquo;\u00c9quipe<\/li>\n<li><a href=\"https:\/\/news.google.com\/rss\/articles\/CBMiggJBVV95cUxPR20xbkt0SVdDenhUMVNLVWs0am9fMmdSYktId1ZXam53MV9Uby00OFFXMnFlWlcwaDQxTGlRU3VWbEFIUFVHckY5SzVLaUJHMUh6WU5XazFReXZnb2l2VDFINE9qQ2NUeWlESmoxVVg4eUZfTG9FZFhUMVlCS1ktYnd3X2RmV0xuSTlydW9kaWNrMUNhNmZhUm42aXhaNWp1Y3djcDE5U3JtVEdMemNqazlJMkNGelpjR3NCTDVkYm1jQzc0c2R1TktKdXEzS3RQQTdRNW1QcWxDWXRQZ252WlZUcERCOHhxQ0Zub0RoZ1BpS3NEaF9ZV1lYYVR0bWhtLUE?oc=5\" target=\"_blank\" rel=\"nofollow noopener\">ATP 250 d&rsquo;Ath\u00e8nes | Novak Djokovic qualifi\u00e9 pour les demi-finales apr\u00e8s sa victoire face \u00e0 Nuno Borges<\/a>&nbsp;&nbsp;Eurosport<\/li>\n<li><a href=\"https:\/\/news.google.com\/rss\/articles\/CBMiiwFBVV95cUxQUmxCUV9OZmpnbTJvSUNJVDFJNTRTN1djNTk4ZFNTbXhUT3dJUDdEek4tZXExU0h4UGVhR0pCNzgycHY5VXczMDFyOTBaZW5JYmVPa2tBaWNobWdHNjB6eFA4ZXRxRDc4Rl9fdU8tUjZMV1JhakxXNElITGxhSHNDYk1nVHdNYWNNVFYw?oc=5\" target=\"_blank\" rel=\"nofollow noopener\">Tennis : Djokovic tranquille \u00e0 Ath\u00e8nes<\/a>&nbsp;&nbsp;Le Figaro<\/li>\n<li><a href=\"https:\/\/news.google.com\/rss\/articles\/CBMi1gFBVV95cUxNU0VJSV9JZE5JZm5iV0c3Vl9wdms3YnVSNHlOYXNkTHBNS1FvdTVrUUN4WFZuX1ZLZE1kbG1HY1NmS3BjeHJBUExiSGtQUkl6QmpFMmItZTJWdW1qVWZuX1BWaG5YR3ZzVXpndnNLLTJnUVFJNlRtMWY1ODNDb2MxZktaYXlvb0Q5VG9CcnhWYTh0MlBHMGtNT280NHU3VktIalhscXgyMUlibXpDSHVCdGhwejFPcFNOTkthSnREbkFoWHF1VlMxb21yT3hXdDlGNXB3UWlR?oc=5\" target=\"_blank\" rel=\"nofollow noopener\">ATP Athenes &#8211; Le tableau, le direct et les r\u00e9sultats &#8211; Novak Djokovic et Lorenzo Musetti en demi<\/a>&nbsp;&nbsp;ski-nordique.net<\/li>\n<\/ol>\n","protected":false},"excerpt":{"rendered":"Novak Djokovic &#8211; Yannick Hanfmann, ATP 250, Ath\u00e8nes, Demi-finales, Vendredi 07 novembre 2025&nbsp;&nbsp;L&rsquo;\u00c9quipe Novak Djokovic \u00e9carte Nuno Borges&hellip;\n","protected":false},"author":2,"featured_media":1983,"comment_status":"","ping_status":"","sticky":false,"template":"","format":"standard","meta":{"footnotes":""},"categories":[1415],"tags":[1011,27,60,1467],"class_list":{"0":"post-518269","1":"post","2":"type-post","3":"status-publish","4":"format-standard","5":"has-post-thumbnail","7":"category-tennis","8":"tag-fr","9":"tag-france","10":"tag-sports","11":"tag-tennis"},"share_on_mastodon":{"url":"https:\/\/pubeurope.com\/@fr\/115508450584217949","error":""},"_links":{"self":[{"href":"https:\/\/www.europesays.com\/fr\/wp-json\/wp\/v2\/posts\/518269","targetHints":{"allow":["GET"]}}],"collection":[{"href":"https:\/\/www.europesays.com\/fr\/wp-json\/wp\/v2\/posts"}],"about":[{"href":"https:\/\/www.europesays.com\/fr\/wp-json\/wp\/v2\/types\/post"}],"author":[{"embeddable":true,"href":"https:\/\/www.europesays.com\/fr\/wp-json\/wp\/v2\/users\/2"}],"replies":[{"embeddable":true,"href":"https:\/\/www.europesays.com\/fr\/wp-json\/wp\/v2\/comments?post=518269"}],"version-history":[{"count":0,"href":"https:\/\/www.europesays.com\/fr\/wp-json\/wp\/v2\/posts\/518269\/revisions"}],"wp:featuredmedia":[{"embeddable":true,"href":"https:\/\/www.europesays.com\/fr\/wp-json\/wp\/v2\/media\/1983"}],"wp:attachment":[{"href":"https:\/\/www.europesays.com\/fr\/wp-json\/wp\/v2\/media?parent=518269"}],"wp:term":[{"taxonomy":"category","embeddable":true,"href":"https:\/\/www.europesays.com\/fr\/wp-json\/wp\/v2\/categories?post=518269"},{"taxonomy":"post_tag","embeddable":true,"href":"https:\/\/www.europesays.com\/fr\/wp-json\/wp\/v2\/tags?post=518269"}],"curies":[{"name":"wp","href":"https:\/\/api.w.org\/{rel}","templated":true}]}}