{"id":51827,"date":"2025-04-25T13:15:09","date_gmt":"2025-04-25T13:15:09","guid":{"rendered":"https:\/\/www.europesays.com\/fr\/51827\/"},"modified":"2025-04-25T13:15:09","modified_gmt":"2025-04-25T13:15:09","slug":"fait-divers-un-homme-tue-a-coups-de-couteau-dans-une-mosquee-dans-le-gard","status":"publish","type":"post","link":"https:\/\/www.europesays.com\/fr\/51827\/","title":{"rendered":"Fait divers. Un homme tu\u00e9 \u00e0 coups de couteau dans une mosqu\u00e9e dans le Gard"},"content":{"rendered":"<p>Un fid\u00e8le musulman a \u00e9t\u00e9 tu\u00e9 vendredi \u00e0 coups de couteau par un autre fid\u00e8le \u00e0 l&rsquo;int\u00e9rieur de la mosqu\u00e9e de La Grand-Combe (Gard), un acte dont le mobile est pour l&rsquo;heure encore ind\u00e9termin\u00e9, a indiqu\u00e9 le procureur de la R\u00e9publique d&rsquo;Al\u00e8s, Abdelkrim Grini.<\/p>\n<p>  \u00a0\u00ab 40 ou 50 coups de couteau \u00bb<\/p>\n<p>\u00ab Deux hommes \u00e9taient seuls \u00e0 l&rsquo;int\u00e9rieur de la mosqu\u00e9e, occup\u00e9s \u00e0 prier, lorsqu&rsquo;un des deux a port\u00e9 plusieurs dizaines de coups de couteau \u00e0 l&rsquo;autre vers 08h30 du matin, avant de le laisser pour mort et de prendre la fuite \u00bb, a expliqu\u00e9 le magistrat, pr\u00e9cisant qu&rsquo;\u00e0 ce stade l&rsquo;auteur pr\u00e9sum\u00e9 n&rsquo;a \u00e9t\u00e9 \u00ab ni identifi\u00e9, ni interpell\u00e9 \u00bb.<\/p>\n<p>La victime aurait re\u00e7u \u00ab 40 ou 50 coups de couteau \u00bb, selon de premi\u00e8res constatations qui devront \u00eatre pr\u00e9cis\u00e9es par l&rsquo;autopsie, a-t-il \u00e9galement soulign\u00e9. Le corps de la victime, qui n&rsquo;a pas encore \u00e9t\u00e9 identifi\u00e9e, a \u00e9t\u00e9 d\u00e9couvert \u00ab vers 11h00, 11h30, lorsque les autres fid\u00e8les sont arriv\u00e9s pour la pri\u00e8re du vendredi \u00e0 la mosqu\u00e9e \u00bb, a pr\u00e9cis\u00e9 le procureur d&rsquo;Al\u00e8s.<\/p>\n<p>L&rsquo;enqu\u00eate \u00ab ne fait que commencer \u00bb<\/p>\n<p>L&rsquo;enqu\u00eate, qui \u00ab ne fait que commencer \u00bb, a insist\u00e9 le magistrat, a \u00e9t\u00e9 confi\u00e9e au groupement de gendarmerie du Gard et \u00e0 la section de recherche (SR) de N\u00eemes.<\/p>\n<p>La Grand Combe, ancienne cit\u00e9 mini\u00e8re de quelque 5\u00a0 000 habitants distante d&rsquo;une dizaine de kilom\u00e8tres d&rsquo;Al\u00e8s, est une commune frapp\u00e9e par un des plus forts taux de ch\u00f4mage en France depuis la fin de l&rsquo;exploitation du charbon. Cette m\u00eame commune avait connu un autre drame en f\u00e9vrier 2023, avec la mort d&rsquo;une <a href=\"https:\/\/www.ledauphine.com\/faits-divers-justice\/2023\/02\/02\/morte-apres-une-dispute-ce-que-l-on-sait-du-deces-de-sihem-18-ans\" target=\"_blank\" rel=\"noopener\">jeune fille de 18 ans, Sihem<\/a>, <a href=\"https:\/\/www.ledauphine.com\/faits-divers-justice\/2023\/02\/02\/disparition-de-sihem-la-jeune-femme-retrouvee-morte-dans-une-foret\" target=\"_blank\" rel=\"noopener\">tu\u00e9e par l&rsquo;ex-compagnon de sa cousine<\/a>, un homme de 39 ans avec qui, selon lui, elle entretenait une relation amoureuse.<\/p>\n","protected":false},"excerpt":{"rendered":"Un fid\u00e8le musulman a \u00e9t\u00e9 tu\u00e9 vendredi \u00e0 coups de couteau par un autre fid\u00e8le \u00e0 l&rsquo;int\u00e9rieur de&hellip;\n","protected":false},"author":2,"featured_media":51828,"comment_status":"","ping_status":"","sticky":false,"template":"","format":"standard","meta":{"footnotes":""},"categories":[2],"tags":[11,3859,274,107,1011,27,329,2679,12,25,4520],"class_list":{"0":"post-51827","1":"post","2":"type-post","3":"status-publish","4":"format-standard","5":"has-post-thumbnail","7":"category-actualites","8":"tag-actualites","9":"tag-edition-provencale","10":"tag-faits-divers-justice","11":"tag-fil-info","12":"tag-fr","13":"tag-france","14":"tag-france-monde","15":"tag-gard","16":"tag-news","17":"tag-republique-francaise","18":"tag-vaucluse"},"share_on_mastodon":{"url":"https:\/\/pubeurope.com\/@fr\/114398791170876752","error":""},"_links":{"self":[{"href":"https:\/\/www.europesays.com\/fr\/wp-json\/wp\/v2\/posts\/51827","targetHints":{"allow":["GET"]}}],"collection":[{"href":"https:\/\/www.europesays.com\/fr\/wp-json\/wp\/v2\/posts"}],"about":[{"href":"https:\/\/www.europesays.com\/fr\/wp-json\/wp\/v2\/types\/post"}],"author":[{"embeddable":true,"href":"https:\/\/www.europesays.com\/fr\/wp-json\/wp\/v2\/users\/2"}],"replies":[{"embeddable":true,"href":"https:\/\/www.europesays.com\/fr\/wp-json\/wp\/v2\/comments?post=51827"}],"version-history":[{"count":0,"href":"https:\/\/www.europesays.com\/fr\/wp-json\/wp\/v2\/posts\/51827\/revisions"}],"wp:featuredmedia":[{"embeddable":true,"href":"https:\/\/www.europesays.com\/fr\/wp-json\/wp\/v2\/media\/51828"}],"wp:attachment":[{"href":"https:\/\/www.europesays.com\/fr\/wp-json\/wp\/v2\/media?parent=51827"}],"wp:term":[{"taxonomy":"category","embeddable":true,"href":"https:\/\/www.europesays.com\/fr\/wp-json\/wp\/v2\/categories?post=51827"},{"taxonomy":"post_tag","embeddable":true,"href":"https:\/\/www.europesays.com\/fr\/wp-json\/wp\/v2\/tags?post=51827"}],"curies":[{"name":"wp","href":"https:\/\/api.w.org\/{rel}","templated":true}]}}