{"id":518270,"date":"2025-11-07T12:40:19","date_gmt":"2025-11-07T12:40:19","guid":{"rendered":"https:\/\/www.europesays.com\/fr\/518270\/"},"modified":"2025-11-07T12:40:19","modified_gmt":"2025-11-07T12:40:19","slug":"une-nouvelle-continentale-pour-bogdan-zabelinskiy-actualite","status":"publish","type":"post","link":"https:\/\/www.europesays.com\/fr\/518270\/","title":{"rendered":"Une nouvelle Continentale pour Bogdan Zabelinskiy &#8211; Actualit\u00e9"},"content":{"rendered":"<p style=\"text-align: justify;\">Bogdan Zabelinskiy va de nouveau changer d&rsquo;\u00e9quipe la saison prochaine. Pensionnaire en 2025 d&rsquo;Atom 6 Bikes-Decca Continental va rejoindre <a href=\"https:\/\/www.directvelo.com\/actualite\/125062\/wagner-bazin-de-retour-sous-une-autre-licence\" target=\"_blank\" rel=\"noopener\"><strong>la nouvelle \u00e9quipe de Geoffrey Coup\u00e9<\/strong><\/a> en 2026, Wagner-Bazin.<\/p>\n<p>Le coureur de nationalit\u00e9 chypriote, 20 ans, a gagn\u00e9 cette ann\u00e9e la kermesse du GP Kortemark. Il s&rsquo;est class\u00e9 6e de la Mosselkoers Houtem-Vilvoorde et 7e du Memorial Briek Schotte. Il a aussi fini 9e de la 2e \u00e9tape du Tour de Gr\u00e8ce (24e du g\u00e9n\u00e9ral) et 12e du Championnat d&rsquo;Europe Espoirs.<\/p>\n<p>Suivez tous les transferts de l&rsquo;hiver <a href=\"https:\/\/www.directvelo.com\/mutations\/2026#teams-belgique\" target=\"_blank\" rel=\"noopener\"><strong>en cliquant ici<\/strong><\/a>.<\/p>\n","protected":false},"excerpt":{"rendered":"Bogdan Zabelinskiy va de nouveau changer d&rsquo;\u00e9quipe la saison prochaine. Pensionnaire en 2025 d&rsquo;Atom 6 Bikes-Decca Continental va&hellip;\n","protected":false},"author":2,"featured_media":518271,"comment_status":"","ping_status":"","sticky":false,"template":"","format":"standard","meta":{"footnotes":""},"categories":[1411],"tags":[834,828,836,829,837,827,83,826,824,823,1154,207,814,817,815,816,822,821,832,211,839,1011,27,820,818,819,835,831,830,833,838,60,212,208,825],"class_list":{"0":"post-518270","1":"post","2":"type-post","3":"status-publish","4":"format-standard","5":"has-post-thumbnail","7":"category-cyclisme","8":"tag-attaque","9":"tag-belgique","10":"tag-braquet","11":"tag-bretagne","12":"tag-chute","13":"tag-competition","14":"tag-coupe-de-france","15":"tag-coureur","16":"tag-course-cyclisme","17":"tag-course-cycliste","18":"tag-cycling","19":"tag-cyclisme","20":"tag-direct","21":"tag-direct-velo","22":"tag-directvelo","23":"tag-directvelo-com","24":"tag-epreuve","25":"tag-epreuve-cycliste","26":"tag-federation-francaise-de-cyclisme","27":"tag-ffc","28":"tag-flandres","29":"tag-fr","30":"tag-france","31":"tag-live","32":"tag-live-course","33":"tag-live-epreuve","34":"tag-peloton","35":"tag-radio-peloton","36":"tag-radio-tour","37":"tag-ravitaillement","38":"tag-relance","39":"tag-sports","40":"tag-uci","41":"tag-velo","42":"tag-velos"},"share_on_mastodon":{"url":"https:\/\/pubeurope.com\/@fr\/115508466529899704","error":""},"_links":{"self":[{"href":"https:\/\/www.europesays.com\/fr\/wp-json\/wp\/v2\/posts\/518270","targetHints":{"allow":["GET"]}}],"collection":[{"href":"https:\/\/www.europesays.com\/fr\/wp-json\/wp\/v2\/posts"}],"about":[{"href":"https:\/\/www.europesays.com\/fr\/wp-json\/wp\/v2\/types\/post"}],"author":[{"embeddable":true,"href":"https:\/\/www.europesays.com\/fr\/wp-json\/wp\/v2\/users\/2"}],"replies":[{"embeddable":true,"href":"https:\/\/www.europesays.com\/fr\/wp-json\/wp\/v2\/comments?post=518270"}],"version-history":[{"count":0,"href":"https:\/\/www.europesays.com\/fr\/wp-json\/wp\/v2\/posts\/518270\/revisions"}],"wp:featuredmedia":[{"embeddable":true,"href":"https:\/\/www.europesays.com\/fr\/wp-json\/wp\/v2\/media\/518271"}],"wp:attachment":[{"href":"https:\/\/www.europesays.com\/fr\/wp-json\/wp\/v2\/media?parent=518270"}],"wp:term":[{"taxonomy":"category","embeddable":true,"href":"https:\/\/www.europesays.com\/fr\/wp-json\/wp\/v2\/categories?post=518270"},{"taxonomy":"post_tag","embeddable":true,"href":"https:\/\/www.europesays.com\/fr\/wp-json\/wp\/v2\/tags?post=518270"}],"curies":[{"name":"wp","href":"https:\/\/api.w.org\/{rel}","templated":true}]}}