{"id":518274,"date":"2025-11-07T12:42:12","date_gmt":"2025-11-07T12:42:12","guid":{"rendered":"https:\/\/www.europesays.com\/fr\/518274\/"},"modified":"2025-11-07T12:42:12","modified_gmt":"2025-11-07T12:42:12","slug":"tressia-des-chtis-meconnaissable-sur-w9-et-confondue-avec-alexandra-des-l5-eddy-et-benoit-dubois-nen-reviennent-pas","status":"publish","type":"post","link":"https:\/\/www.europesays.com\/fr\/518274\/","title":{"rendered":"Tressia des Ch\u2019tis m\u00e9connaissable sur W9 et confondue avec Alexandra des L5 : Eddy et Beno\u00eet Dubois n\u2019en reviennent pas"},"content":{"rendered":"<p>      R\u00e9sum\u00e9<\/p>\n<p>Tressia, ancienne candidate des Ch\u2019tis, revient sur W9 m\u00e9tamorphos\u00e9e dans The Cerveau, au point d\u2019\u00eatre confondue avec une chanteuse des L5, suscitant l\u2019amusement des participants.<\/p>\n<p>        Sommaire<\/p>\n<p>C\u2019est une entr\u00e9e qui restera sans doute dans les annales de la t\u00e9l\u00e9vision fran\u00e7aise. Ce jeudi 6 novembre 2025, la cha\u00eene <strong>W9<\/strong> a publi\u00e9 sur son compte Instagram un extrait exclusif de la nouvelle saison de son \u00e9mission phare <strong>The Cerveau<\/strong>, dont le lancement est pr\u00e9vu le <strong>10 novembre<\/strong>. Et la surprise est de taille : <strong>Georges-Alain Jones<\/strong>, ancien candidat embl\u00e9matique de la <strong>Star Academy 2<\/strong>, fera partie des participants&#8230; tout comme Tressia, ancienne candidate des \u00ab\u00a0Ch&#8217;tis\u00a0\u00bb qui est apparue transform\u00e9e. Une arriv\u00e9e remarqu\u00e9e ! <\/p>\n<p>The Cerveau : Georges-Alain Jones fait une entr\u00e9e remarqu\u00e9e <\/p>\n<p>Dans la vid\u00e9o post\u00e9e par W9, on d\u00e9couvre <a href=\"https:\/\/www.public.fr\/georges-alain-jones-recadre-la-professeure-de-sa-fille-apres-un-geste-tres-deplace\" rel=\"nofollow noopener\" target=\"_blank\">Georges-Alain, 48 ans<\/a>, pousser les portes de <strong>\u00ab\u00a0l\u2019Acad\u00e9mie du Cerveau<\/strong>\u00ab\u00a0, le lieu o\u00f9 se d\u00e9roulera cette nouvelle saison, sous les applaudissements des autres candidats et des membres du jury. Le tout sur fond de <strong>\u00ab\u00a0Paris Latino<\/strong>\u00ab\u00a0, le c\u00e9l\u00e8bre tube de Bandolero que le public de la Star Academy n\u2019a pas oubli\u00e9.<\/p>\n<blockquote class=\"wp-block-quote is-layout-flow wp-block-quote-is-layout-flow\">\n<p>\u201cParis Latino ! D\u00e8s son arriv\u00e9e, Georges-Alain fait sensation \u00e0 l\u2019Acad\u00e9mie du Cerveau\u201d, peut-on lire en l\u00e9gende de la publication, accompagn\u00e9e d\u2019un emoji feu et du hashtag <strong>#Iconique<\/strong>.<\/p>\n<\/blockquote>\n<p>Le ton est donn\u00e9 : Georges-Alain n\u2019a rien perdu de son charisme ni de son sens du spectacle. En quelques secondes, l\u2019ambiance du plateau change. Souriant, l\u00e9g\u00e8rement d\u00e9cal\u00e9, il salue le public d\u2019un geste th\u00e9\u00e2tral avant de l\u00e2cher avec humour :<\/p>\n<blockquote class=\"wp-block-quote is-layout-flow wp-block-quote-is-layout-flow\">\n<p>Parmi les autres candidats qui feront partie de cette nouvelle saison, un autre visage a cr\u00e9\u00e9 la surprise : <a href=\"https:\/\/www.public.fr\/tressia-ex-vedette-des-ch-tis-officialise-avec-son-nouveau-cheri-un-superbe-couple-mixte-qui-refuse-d-avoir-des-enfants\" rel=\"nofollow noopener\" target=\"_blank\">Tressia, l\u2019ancienne candidate embl\u00e9matique des Ch\u2019tis<\/a>, d\u00e9couverte sur W9 il y a plus de dix ans. D\u00e8s les premi\u00e8res images, les t\u00e9l\u00e9spectateurs ont eu du mal \u00e0 la reconna\u00eetre. Exit la blonde p\u00e9tillante des d\u00e9buts : Tressia appara\u00eet <strong>transform\u00e9e, avec une chevelure rousse flamboyante<\/strong>, un look plus sobre et une attitude plus pos\u00e9e.<\/p>\n<p>Une m\u00e9tamorphose telle que Beno\u00eet Dubois, lui aussi pr\u00e9sent dans l\u2019\u00e9mission, l\u2019a d\u2019ailleurs confondue avec Alexandra du groupe L5 ! Une confusion qui a d\u00e9clench\u00e9 un fou rire g\u00e9n\u00e9ral sur le plateau. \u00ab\u00a0C&rsquo;est pas les L5 ?\u00a0\u00bb, a-t-il lanc\u00e9, hilare. <\/p>\n<p>Une s\u00e9quence d\u00e9j\u00e0 culte, qui prouve que <strong>l\u2019esprit bon enfant et l\u2019humour made in W9<\/strong> seront une nouvelle fois au rendez-vous dans cette \u00e9dition.<\/p>\n<p>&#13;\n<\/p><\/blockquote>\n<p>\n          Hits &amp; People en continu\n        <\/p>\n<p>\n          Public Radio\n        <\/p>\n<p>      Mentionn\u00e9s dans cet article<\/p>\n<p>      Sur le m\u00eame sujet<\/p>\n","protected":false},"excerpt":{"rendered":"R\u00e9sum\u00e9 Tressia, ancienne candidate des Ch\u2019tis, revient sur W9 m\u00e9tamorphos\u00e9e dans The Cerveau, au point d\u2019\u00eatre confondue avec&hellip;\n","protected":false},"author":2,"featured_media":518275,"comment_status":"","ping_status":"","sticky":false,"template":"","format":"standard","meta":{"footnotes":""},"categories":[1359],"tags":[58,59,1011,27,973,63856,2395],"class_list":{"0":"post-518274","1":"post","2":"type-post","3":"status-publish","4":"format-standard","5":"has-post-thumbnail","7":"category-people","8":"tag-divertissement","9":"tag-entertainment","10":"tag-fr","11":"tag-france","12":"tag-people","13":"tag-tressia-les-chtis","14":"tag-w9"},"share_on_mastodon":{"url":"https:\/\/pubeurope.com\/@fr\/115508474498740110","error":""},"_links":{"self":[{"href":"https:\/\/www.europesays.com\/fr\/wp-json\/wp\/v2\/posts\/518274","targetHints":{"allow":["GET"]}}],"collection":[{"href":"https:\/\/www.europesays.com\/fr\/wp-json\/wp\/v2\/posts"}],"about":[{"href":"https:\/\/www.europesays.com\/fr\/wp-json\/wp\/v2\/types\/post"}],"author":[{"embeddable":true,"href":"https:\/\/www.europesays.com\/fr\/wp-json\/wp\/v2\/users\/2"}],"replies":[{"embeddable":true,"href":"https:\/\/www.europesays.com\/fr\/wp-json\/wp\/v2\/comments?post=518274"}],"version-history":[{"count":0,"href":"https:\/\/www.europesays.com\/fr\/wp-json\/wp\/v2\/posts\/518274\/revisions"}],"wp:featuredmedia":[{"embeddable":true,"href":"https:\/\/www.europesays.com\/fr\/wp-json\/wp\/v2\/media\/518275"}],"wp:attachment":[{"href":"https:\/\/www.europesays.com\/fr\/wp-json\/wp\/v2\/media?parent=518274"}],"wp:term":[{"taxonomy":"category","embeddable":true,"href":"https:\/\/www.europesays.com\/fr\/wp-json\/wp\/v2\/categories?post=518274"},{"taxonomy":"post_tag","embeddable":true,"href":"https:\/\/www.europesays.com\/fr\/wp-json\/wp\/v2\/tags?post=518274"}],"curies":[{"name":"wp","href":"https:\/\/api.w.org\/{rel}","templated":true}]}}