{"id":518276,"date":"2025-11-07T12:43:13","date_gmt":"2025-11-07T12:43:13","guid":{"rendered":"https:\/\/www.europesays.com\/fr\/518276\/"},"modified":"2025-11-07T12:43:13","modified_gmt":"2025-11-07T12:43:13","slug":"la-directrice-defend-son-bilan-et-conteste-la-severite-du-rapport-de-la-cour-des-comptes","status":"publish","type":"post","link":"https:\/\/www.europesays.com\/fr\/518276\/","title":{"rendered":"La directrice d\u00e9fend son bilan et conteste la \u00ab\u00a0s\u00e9v\u00e9rit\u00e9\u00a0\u00bb du rapport de la Cour des comptes"},"content":{"rendered":"<p> \u00abJ\u2019ai pris toute la mesure de nos probl\u00e8mes de s\u00e9curit\u00e9\u00a0\u00bb, a d\u00e9clar\u00e9 Laurence des Cars sur <a href=\"https:\/\/www.franceinfo.fr\/faits-divers\/cambriolage-au-musee-du-louvre\/la-cour-des-comptes-a-tort-d-etre-aussi-severe-reagit-laurence-des-cars-la-presidente-directrice-du-louvre_7601054.html\" rel=\"nofollow noopener\" target=\"_blank\" class=\"c-link c-link--is-underlined\">France Info <\/a>ce vendredi matin apr\u00e8s le <a href=\"https:\/\/www.20minutes.fr\/faits_divers\/faits-divers-paris\/4181769-20251027-cambriolage-louvre-visiblement-tres-pro-casse-siecle-vraiment\" class=\"c-link c-link--is-underlined\" target=\"_blank\" rel=\"noopener\">vol retentissant de bijoux de la Couronne<\/a> et un rapport tr\u00e8s critique de la Cour des comptes. La pr\u00e9sidente-directrice du Louvre a \u00e9galement pr\u00e9cis\u00e9 que le plan de s\u00e9curisation du <a href=\"https:\/\/www.20minutes.fr\/dossier\/louvre\" class=\"c-link c-link--is-underlined\" target=\"_blank\" rel=\"noopener\">Louvre<\/a>, ou \u00ab\u00a0sch\u00e9ma directeur\u00a0\u00bb des \u00e9quipements de s\u00fbret\u00e9, rentrait \u00ab\u00a0en application aujourd\u2019hui\u00a0\u00bb.<\/p>\n<\/p>\n<p>La <a href=\"https:\/\/www.20minutes.fr\/paris\/4183929-20251106-cambriolage-louvre-securite-negligee-attractivite-privilegiee-rapport-cour-comptes-allume-musee\" class=\"c-link c-link--is-underlined\" target=\"_blank\" rel=\"noopener\">Cour des comptes a \u00e9trill\u00e9 jeudi <\/a>le grand mus\u00e9e parisien dans un rapport en estimant qu\u2019il avait \u00ab\u00a0privil\u00e9gi\u00e9 des op\u00e9rations visibles et attractives\u00a0\u00bb au d\u00e9triment de la s\u00e9curit\u00e9.<\/p>\n<p>La vid\u00e9osurveillance, \u00ab\u00a0un des points faibles\u00a0\u00bb<\/p>\n<p>Le plan de s\u00e9curisation consiste en \u00ab\u00a0toute une s\u00e9rie de travaux d\u2019am\u00e9liorations, notamment en mati\u00e8re de vid\u00e9osurveillance\u00a0\u00bb, qui constitue \u00ab\u00a0un des points faibles\u00a0\u00bb du mus\u00e9e, comme l\u2019a rappel\u00e9 la pr\u00e9sidente, qui en avait d\u00e9j\u00e0 fait \u00e9tat lors de son audition devant la commission de la Culture du S\u00e9nat fin octobre. Pour Laurence des Cars, la Cour des comptes \u00ab\u00a0a tort d\u2019\u00eatre aussi s\u00e9v\u00e8re\u00a0\u00bb. Elle affirme que la s\u00e9curit\u00e9 est un \u00ab\u00a0probl\u00e8me absolument central\u00a0\u00bb mais elle consid\u00e8re qu\u2019il n\u2019est pas \u00ab\u00a0le seul probl\u00e8me du Louvre\u00a0\u00bb.<\/p>\n<blockquote class=\"twitter-tweet\" align=\"center\" data-lang=\"fr_FR\">\n<p lang=\"fr\" dir=\"ltr\">\ud83d\udd34 Louvre : rapport accablant de la Cour des comptes \u27a1\ufe0f \u00ab\u00a0Je pense qu\u2019elle a tort d\u2019\u00eatre aussi s\u00e9v\u00e8re. [&#8230;] J\u2019ai appliqu\u00e9 ces priorit\u00e9s parce que je pense que les Fran\u00e7ais sont tr\u00e8s attach\u00e9s \u00e0 l\u2019enrichissement de leur patrimoine\u00a0\u00bb, d\u00e9clare Laurence des Cars, pr\u00e9sidente du Louvre <a href=\"https:\/\/t.co\/Aj6tUWH3Zs\">pic.twitter.com\/Aj6tUWH3Zs<\/a><\/p>\n<p>\u2014 franceinfo (@franceinfo) <a href=\"https:\/\/twitter.com\/franceinfo\/status\/1986691921394221469?ref_src=twsrc%5Etfw\" target=\"_blank\" rel=\"noopener\">November 7, 2025<\/a><\/p><\/blockquote>\n<p class=\"mb-xxl@xs color-ultramarine font-weight-semi-bold@xs font-source-serif-pro heading-s@xs\">L\u2019acc\u00e8s \u00e0 ce contenu a \u00e9t\u00e9 bloqu\u00e9 afin de respecter votre choix de consentement<\/p>\n<p class=\"mb-m@xs text-l@xs\">En cliquant sur\u00ab J\u2019accepte \u00bb, vous acceptez le d\u00e9p\u00f4t de cookies par des services externes et aurez ainsi acc\u00e8s aux contenus de nos partenaires.<\/p>\n<p class=\"mb-xl@xs text-s@xs\">Plus d\u2019informations sur la page<a href=\"https:\/\/www.20minutes.fr\/gestion-cookies\" class=\"mx-xxs@xs color-ultramarine\" target=\"_blank\" rel=\"noopener\">Politique de gestion des cookies<\/a><\/p>\n<p>J\u2019accepte<\/p>\n<p>\u00ab\u00a0Je veux remercier la confiance qui m\u2019est accord\u00e9e\u00a0\u00bb pour \u00ab\u00a0porter la transformation du Louvre, qui a plus que jamais besoin de transformation, de modernisation, pour devenir pleinement un mus\u00e9e du XXIe\u00a0si\u00e8cle. Ce qu\u2019il n\u2019est pas aujourd\u2019hui\u00a0\u00bb, a ajout\u00e9 la pr\u00e9sidente, dont la d\u00e9mission avait \u00e9t\u00e9 refus\u00e9e apr\u00e8s le vol.<\/p>\n<p>Un conseil d\u2019administration convoqu\u00e9 en urgence<\/p>\n<p>Laurence des Cars, en poste depuis septembre\u00a02021, a convoqu\u00e9 un conseil d\u2019administration d\u2019urgence vendredi pour revoir la gouvernance du mus\u00e9e le plus visit\u00e9 du monde.<\/p>\n<p>Le 19 octobre, des malfaiteurs avaient r\u00e9ussi \u00e0 s\u2019introduire au Louvre et \u00e0 d\u00e9rober des joyaux d\u2019une valeur de 88\u00a0millions d\u2019euros, qui restent introuvables. Quatre suspects ont \u00e9t\u00e9 mis en examen et \u00e9crou\u00e9s. Entre\u00a02018 et\u00a02024, le Louvre a consacr\u00e9 26,7\u00a0millions d\u2019euros \u00e0 des travaux d\u2019entretien et de mise aux normes et 105,4\u00a0millions d\u2019euros \u00ab\u00a0pour l\u2019acquisition d\u2019\u0153uvres\u00a0\u00bb, selon le rapport.<\/p>\n<p>Mais, pour Laurence des Cars, \u00ab\u00a0le Louvre est un tout\u00a0\u00bb dans \u00ab\u00a0lequel il ne faut pas opposer les travaux aux acquisitions des \u0153uvres, l\u2019accueil de tous les publics\u00a0\u00bb. \u00ab\u00a0Nous avons assur\u00e9 l\u2019ensemble de nos missions\u00a0\u00bb.<\/p>\n<p><script async src=\"https:\/\/platform.twitter.com\/widgets.js\" charset=\"utf-8\"><\/script><\/p>\n","protected":false},"excerpt":{"rendered":"\u00abJ\u2019ai pris toute la mesure de nos probl\u00e8mes de s\u00e9curit\u00e9\u00a0\u00bb, a d\u00e9clar\u00e9 Laurence des Cars sur France Info&hellip;\n","protected":false},"author":2,"featured_media":518277,"comment_status":"","ping_status":"","sticky":false,"template":"","format":"standard","meta":{"footnotes":""},"categories":[1358],"tags":[47,1348,1384,1385,1174,15721,1386,58,59,1011,27,11274,3048,104,10912],"class_list":{"0":"post-518276","1":"post","2":"type-post","3":"status-publish","4":"format-standard","5":"has-post-thumbnail","7":"category-arts-et-design","8":"tag-actualite","9":"tag-arts","10":"tag-arts-and-design","11":"tag-arts-et-design","12":"tag-cambriolage","13":"tag-cour-des-comptes","14":"tag-design","15":"tag-divertissement","16":"tag-entertainment","17":"tag-fr","18":"tag-france","19":"tag-louvre","20":"tag-musee","21":"tag-societe","22":"tag-voleur"},"share_on_mastodon":{"url":"https:\/\/pubeurope.com\/@fr\/115508478188394882","error":""},"_links":{"self":[{"href":"https:\/\/www.europesays.com\/fr\/wp-json\/wp\/v2\/posts\/518276","targetHints":{"allow":["GET"]}}],"collection":[{"href":"https:\/\/www.europesays.com\/fr\/wp-json\/wp\/v2\/posts"}],"about":[{"href":"https:\/\/www.europesays.com\/fr\/wp-json\/wp\/v2\/types\/post"}],"author":[{"embeddable":true,"href":"https:\/\/www.europesays.com\/fr\/wp-json\/wp\/v2\/users\/2"}],"replies":[{"embeddable":true,"href":"https:\/\/www.europesays.com\/fr\/wp-json\/wp\/v2\/comments?post=518276"}],"version-history":[{"count":0,"href":"https:\/\/www.europesays.com\/fr\/wp-json\/wp\/v2\/posts\/518276\/revisions"}],"wp:featuredmedia":[{"embeddable":true,"href":"https:\/\/www.europesays.com\/fr\/wp-json\/wp\/v2\/media\/518277"}],"wp:attachment":[{"href":"https:\/\/www.europesays.com\/fr\/wp-json\/wp\/v2\/media?parent=518276"}],"wp:term":[{"taxonomy":"category","embeddable":true,"href":"https:\/\/www.europesays.com\/fr\/wp-json\/wp\/v2\/categories?post=518276"},{"taxonomy":"post_tag","embeddable":true,"href":"https:\/\/www.europesays.com\/fr\/wp-json\/wp\/v2\/tags?post=518276"}],"curies":[{"name":"wp","href":"https:\/\/api.w.org\/{rel}","templated":true}]}}