{"id":518278,"date":"2025-11-07T12:45:24","date_gmt":"2025-11-07T12:45:24","guid":{"rendered":"https:\/\/www.europesays.com\/fr\/518278\/"},"modified":"2025-11-07T12:45:24","modified_gmt":"2025-11-07T12:45:24","slug":"je-commence-a-cracher-du-sang","status":"publish","type":"post","link":"https:\/\/www.europesays.com\/fr\/518278\/","title":{"rendered":"\u00ab\u00a0Je commence \u00e0 cracher du sang\u2026\u201d"},"content":{"rendered":"<p class=\"p1\">Le 18 octobre dernier, les t\u00e9l\u00e9spectateurs ont<br \/>\nd\u00e9couvert les <strong>nouveaux visages de la Star<br \/>\nAcademy<\/strong>. Apr\u00e8s un retour teint\u00e9 de succ\u00e8s il y a<br \/>\nquelques ann\u00e9es, les jeunes talents fran\u00e7ais continuent de faire<br \/>\nchanter le public et de s\u00e9duire les fans de la premi\u00e8re heure.<br \/>\nToujours men\u00e9e d&rsquo;une main de ma\u00eetre par l\u2019animateur historique de<br \/>\nl\u2019\u00e9mission Nikos Aliagas, <a href=\"https:\/\/www.mariefrance.fr\/tele\/star-academy-salaire-eleves-semaine-chateau-dammarie-lys-devient-pas-riche-1216215.html\" target=\"_blank\" rel=\"noopener\">la Star Academy<\/a><br \/>\n<strong>conserve sa recette gagnant<\/strong>e : de l\u2019\u00e9motion, du<br \/>\ntravail, des rires et beaucoup de musique.<\/p>\n<p class=\"p1\">Mais au-del\u00e0 de cette nouvelle g\u00e9n\u00e9ration, les<br \/>\nt\u00e9l\u00e9spectateurs n\u2019ont <strong>pas oubli\u00e9 ceux qui ont contribu\u00e9 \u00e0<br \/>\nfaire le succ\u00e8s du programme<\/strong>. On pense notamment aux<br \/>\nprofesseurs qui ont aiguill\u00e9 les \u00e9l\u00e8ves du ch\u00e2teau de<br \/>\nDammarie-les-Lys, comme Richard Cross. <strong>De 2005 \u00e0<br \/>\n2007<\/strong>, le professeur de chant a aid\u00e9 les candidats \u00e0<br \/>\n<strong>am\u00e9liorer leur justesse et leur timbre de voix<\/strong>. Il<br \/>\nfait partie des figures embl\u00e9matiques de la Star Academy. Mais<br \/>\nmalheureusement, le professionnel n\u2019a pas toujours connu des jours<br \/>\nheureux. Il y a quelques ann\u00e9es, ce dernier a d\u00e9couvert qu\u2019il<br \/>\nsouffrait du Sida.<\/p>\n<p>Quels sont les sympt\u00f4mes dont souffre Richard Cross<br \/>\n?<\/p>\n<p class=\"p1\">Ce lundi 6 novembre, les t\u00e9l\u00e9spectateurs de la<br \/>\nStar Academy ont pu apercevoir l\u2019ancien enseignant non pas<br \/>\ndans l\u2019une des salles de cours, mais sur le plateau de l\u2019\u00e9mission<br \/>\n\u00c7a Commence Aujourd\u2019hui. Et pour cause\u2026 Richard Cross est<br \/>\nvenu se confier sur son \u00e9tat de sant\u00e9 face \u00e0 <a href=\"https:\/\/www.mariefrance.fr\/news-people\/faustine-bollaert-se-confie-avec-emotion-sur-lhomme-de-sa-vie-son-plus-grand-soutien-il-me-couve-beaucoup-1211506.html\" target=\"_blank\" rel=\"noopener\">Faustine Bollaert<\/a>. C\u2019est<br \/>\n<strong>dans les ann\u00e9es 1980<\/strong> que ce dernier a appris qu&rsquo;il<br \/>\nsouffrait de cette pathologie.<\/p>\n<p class=\"p1\">Mais ce n\u2019est que tr\u00e8s longtemps apr\u00e8s cette<br \/>\nd\u00e9couverte que l\u2019ancien professeur de chant du t\u00e9l\u00e9crochet a<br \/>\nd\u00e9voil\u00e9 sa maladie au grand jour. <a href=\"https:\/\/www.mariefrance.fr\/actualite\/societe\/sidaction-2025-seropositive-maman-devoile-combat-quotidien-vih-dentiste-mise-trembler-1143150.html\" target=\"_blank\" rel=\"noopener\">Souffrir du VIH<\/a> a \u00e9t\u00e9 tabou<br \/>\ndurant plusieurs d\u00e9cennies. C\u2019est lors d\u2019un rendez-vous important<br \/>\nque ce dernier a commenc\u00e9 \u00e0 ressentir les <strong>premiers signes<br \/>\ninqui\u00e9tants<\/strong>. \u00c0 cette \u00e9poque, Richard Cross crachait du<br \/>\nsang. \u00ab\u00a0Un jour, Jean-Michel Jarre m&rsquo;appelle pour me demander de<br \/>\nvenir chanter \u00e0 la Tour Eiffel et au moment o\u00f9 tout cela se passe,<br \/>\nje commence \u00e0 <strong>cracher du sang<\/strong>.\u201d, a-t-il<br \/>\nd\u00e9clar\u00e9. C&rsquo;est donc \u00e0 la suite de cet \u00e9v\u00e9nement que ce dernier<br \/>\nconsulte un dentiste qui va lui d\u00e9tecter un possible <strong>cancer<br \/>\nde la bouche<\/strong>.<\/p>\n<p>Richard Cross atteint du sida : l&rsquo;ancien professeur<br \/>\nde la Star Academy a mal v\u00e9cu le diagnostic<\/p>\n<p class=\"p1\">Cette pathologie a \u00e9t\u00e9 l\u2019un des premiers<br \/>\nsympt\u00f4mes dont a souffert Richard Cross. Par la<br \/>\nsuite, il a \u00e9galement perdu \u00e9norm\u00e9ment de poids. \u201cChaque<br \/>\nsemaine je perdais un kilo. On aurait dit que je m&rsquo;\u00e9tais<br \/>\n<strong>\u00e9vad\u00e9 d&rsquo;un camp de concentration<\/strong>\u2026\u201d, a-t-il<br \/>\nd\u00e9taill\u00e9. Des d\u00e9sagr\u00e9ments qui ont beaucoup pes\u00e9 sur le moral de<br \/>\nl\u2019artiste. \u00c0 tel que celui-ci a tent\u00e9 de mettre fin \u00e0 ses<br \/>\njours.<\/p>\n<p class=\"p1\">\u00ab\u00a0Je d\u00e9cide de <strong>mettre fin \u00e0 mes<br \/>\njours<\/strong> et\u00a0je d\u00e9cide de me d\u00e9fenestrer\u00a0[\u2026] sauf<br \/>\nqu\u2019au moment de sauter, j\u2019ai le vertige et je peux pas.\u00a0C\u2019est<br \/>\n\u00e7a qui va me sauver.\u201d, a-t-il expliqu\u00e9. Aujourd\u2019hui, Richard<br \/>\nCross se sent mieux dans sa vie et a <strong>lev\u00e9 le voile sur son<br \/>\n\u00e9tat de sant\u00e9<\/strong> aupr\u00e8s de ses proches et du grand<br \/>\npublic.<\/p>\n<p><img loading=\"lazy\" decoding=\"async\" itemprop=\"thumbnailUrl\" class=\"alignnone size-full wp-image-1217951 img-responsive\" src=\"https:\/\/www.europesays.com\/fr\/wp-content\/uploads\/2025\/11\/star-academy-atteint-du-sida-richard-cross-brise-le-silence-je-commence-a-cracher-du-sang-1.jpg\" alt=\"\" width=\"1280\" height=\"720\"\/> \u00a9 France<br \/>\n2<\/p>\n<p>Richard Cross a mis de nombreuses<br \/>\nann\u00e9es avant de d\u00e9voiler sa maladie publiquement<\/p>\n<p class=\"p1\">\u00ab\u00a0En 1995, quand le Sida s&rsquo;est d\u00e9clar\u00e9, l\u00e0 j&rsquo;en ai<br \/>\nparl\u00e9 \u00e0 ma m\u00e8re, \u00e0 mon fr\u00e8re, et \u00e0 des amis proches.\u201d, a-t-il<br \/>\npr\u00e9cis\u00e9. Richard Cross a donc attendu une dizaine d\u2019ann\u00e9es avant<br \/>\nd\u2019<strong>en informer ses proches<\/strong>.<\/p>\n<blockquote class=\"instagram-media\" style=\"background: #ffffff;border: 0;margin: 1px;width: 100%;padding: 0;max-width: 500px;\" data-instgrm-permalink=\"https:\/\/www.instagram.com\/p\/DIROx-XN-G2\/\" data-instgrm-version=\"14\"\/>\n<p class=\"p1\">Et celui-ci a patient\u00e9 encore plus longtemps pour<br \/>\npartager la <strong>v\u00e9rit\u00e9 sur sa maladie<\/strong> aux<br \/>\nt\u00e9l\u00e9spectateurs. Ce n&rsquo;est que bien apr\u00e8s son passage dans la<br \/>\nStar Academy que Richard Cross en a dit plus \u00e0 ce sujet.<br \/>\nIl a annonc\u00e9 publiquement \u00eatre atteint du Sida <strong>en<br \/>\n2012<\/strong>.<\/p>\n<p><script async src=\"\/\/www.instagram.com\/embed.js\"><\/script><\/p>\n","protected":false},"excerpt":{"rendered":"Le 18 octobre dernier, les t\u00e9l\u00e9spectateurs ont d\u00e9couvert les nouveaux visages de la Star Academy. Apr\u00e8s un retour&hellip;\n","protected":false},"author":2,"featured_media":518279,"comment_status":"","ping_status":"","sticky":false,"template":"","format":"standard","meta":{"footnotes":""},"categories":[1356],"tags":[21303,58,59,1011,27,252,1364,729],"class_list":{"0":"post-518278","1":"post","2":"type-post","3":"status-publish","4":"format-standard","5":"has-post-thumbnail","7":"category-television","8":"tag-buzz_nonli","9":"tag-divertissement","10":"tag-entertainment","11":"tag-fr","12":"tag-france","13":"tag-television","14":"tag-tv","15":"tag-yout_video"},"share_on_mastodon":{"url":"https:\/\/pubeurope.com\/@fr\/115508488706204945","error":""},"_links":{"self":[{"href":"https:\/\/www.europesays.com\/fr\/wp-json\/wp\/v2\/posts\/518278","targetHints":{"allow":["GET"]}}],"collection":[{"href":"https:\/\/www.europesays.com\/fr\/wp-json\/wp\/v2\/posts"}],"about":[{"href":"https:\/\/www.europesays.com\/fr\/wp-json\/wp\/v2\/types\/post"}],"author":[{"embeddable":true,"href":"https:\/\/www.europesays.com\/fr\/wp-json\/wp\/v2\/users\/2"}],"replies":[{"embeddable":true,"href":"https:\/\/www.europesays.com\/fr\/wp-json\/wp\/v2\/comments?post=518278"}],"version-history":[{"count":0,"href":"https:\/\/www.europesays.com\/fr\/wp-json\/wp\/v2\/posts\/518278\/revisions"}],"wp:featuredmedia":[{"embeddable":true,"href":"https:\/\/www.europesays.com\/fr\/wp-json\/wp\/v2\/media\/518279"}],"wp:attachment":[{"href":"https:\/\/www.europesays.com\/fr\/wp-json\/wp\/v2\/media?parent=518278"}],"wp:term":[{"taxonomy":"category","embeddable":true,"href":"https:\/\/www.europesays.com\/fr\/wp-json\/wp\/v2\/categories?post=518278"},{"taxonomy":"post_tag","embeddable":true,"href":"https:\/\/www.europesays.com\/fr\/wp-json\/wp\/v2\/tags?post=518278"}],"curies":[{"name":"wp","href":"https:\/\/api.w.org\/{rel}","templated":true}]}}