{"id":518295,"date":"2025-11-07T12:59:13","date_gmt":"2025-11-07T12:59:13","guid":{"rendered":"https:\/\/www.europesays.com\/fr\/518295\/"},"modified":"2025-11-07T12:59:13","modified_gmt":"2025-11-07T12:59:13","slug":"meurthe-et-moselle-un-homme-arme-fait-feu-a-gorcy-une-ecole-primaire-confinee","status":"publish","type":"post","link":"https:\/\/www.europesays.com\/fr\/518295\/","title":{"rendered":"Meurthe-et-Moselle. Un homme arm\u00e9 fait feu \u00e0 Gorcy\u00a0: une \u00e9cole primaire confin\u00e9e"},"content":{"rendered":"<p>Ce matin du vendredi 7\u00a0novembre, un homme a fait usage d\u2019une arme \u00e0 feu, en tirant en l\u2019air, \u00e0 proximit\u00e9 de l\u2019\u00e9cole primaire Jacques-Pr\u00e9vert, situ\u00e9e rue Jeanne-d\u2019Arc \u00e0 Gorcy, pr\u00e8s de Longwy.<\/p>\n<p>Puis l\u2019individu s\u2019est retranch\u00e9 dans son appartement. \u00ab\u00a0Le plan particulier de mise en s\u00fbret\u00e9 de l\u2019\u00e9cole a \u00e9t\u00e9 imm\u00e9diatement d\u00e9clench\u00e9\u00a0\u00bb, indique la pr\u00e9fecture de Meurthe-et-Moselle. \u00ab\u00a0Les \u00e9l\u00e8ves ainsi que le personnel sont confin\u00e9s, sous protection\u00a0\u00bb, pr\u00e9cise le communiqu\u00e9 de presse.<\/p>\n<p>Vers midi, des biscuits et de l&rsquo;eau leur ont \u00e9t\u00e9 apport\u00e9s en guise de repas.\u00a0<\/p>\n<p>Ce contenu est bloqu\u00e9 car vous n&rsquo;avez pas accept\u00e9 les cookies et autres traceurs.<\/p>\n<p>En cliquant sur \u00ab J\u2019accepte \u00bb, les cookies et autres traceurs seront d\u00e9pos\u00e9s et vous pourrez visualiser les contenus  (<a href=\"\" class=\"consentModule_policy\" target=\"_blank\" title=\"Consulter la politique de protection des donn\u00e9es du fournisseur\">plus d&rsquo;informations<\/a>).<\/p>\n<p>En cliquant sur \u00ab J\u2019accepte tous les cookies \u00bb, vous autorisez des d\u00e9p\u00f4ts de cookies et autres traceurs pour le stockage de vos donn\u00e9es sur nos sites et applications \u00e0 des fins de personnalisation et de ciblage publicitaire.<\/p>\n<p class=\"consentModule_secondaryText\">Vous gardez la possibilit\u00e9 de retirer votre consentement \u00e0 tout moment en consultant notre <a href=\"https:\/\/www.republicain-lorrain.fr\/protection-des-donnees\" target=\"_blank\" title=\"Consulter notre politique de protection des donn\u00e9es\" rel=\"noopener\">politique de protection des donn\u00e9es<\/a>. <br \/>&#13;<br \/>\n            <a href=\"https:\/\/www.republicain-lorrain.fr\/faits-divers-justice\/2025\/11\/07\/javascript:Didomi.notice.show()\" class=\"consentModule_cmp\" target=\"_blank\" rel=\"noopener\">G\u00e9rer mes choix<\/a>&#13;\n        <\/p>\n<p>&#13;<br \/>\n                        J&rsquo;accepte&#13;<br \/>\n            J&rsquo;accepte tous les cookies&#13;\n        <\/p>\n<p>  P\u00e9rim\u00e8tre de s\u00e9curit\u00e9<\/p>\n<p>La gendarmerie est sur place et a \u00e9tabli un p\u00e9rim\u00e8tre de s\u00e9curit\u00e9. H\u00e9l\u00e8ne Geronimi, sous-pr\u00e9f\u00e8te de Val de Briey, est aux c\u00f4t\u00e9s des forces de l\u2019ordre. En mairie, une r\u00e9union s&rsquo;est tenue pour faire un point sur la situation, avec la pr\u00e9sence du maire, Bernard Fontaine, et du capitaine Christophe Grosso, commandant de la compagnie de gendarmerie du Val de Briey.\u00a0<\/p>\n<p>Plus d&rsquo;informations \u00e0 venir&#8230;<\/p>\n","protected":false},"excerpt":{"rendered":"Ce matin du vendredi 7\u00a0novembre, un homme a fait usage d\u2019une arme \u00e0 feu, en tirant en l\u2019air,&hellip;\n","protected":false},"author":2,"featured_media":518296,"comment_status":"","ping_status":"","sticky":false,"template":"","format":"standard","meta":{"footnotes":""},"categories":[4],"tags":[11,62477,14238,274,1011,27,63859,12,25],"class_list":{"0":"post-518295","1":"post","2":"type-post","3":"status-publish","4":"format-standard","5":"has-post-thumbnail","7":"category-france","8":"tag-actualites","9":"tag-ca-de-longwy-54e","10":"tag-edition-longwy","11":"tag-faits-divers-justice","12":"tag-fr","13":"tag-france","14":"tag-gorcy","15":"tag-news","16":"tag-republique-francaise"},"share_on_mastodon":{"url":"https:\/\/pubeurope.com\/@fr\/115508541255882456","error":""},"_links":{"self":[{"href":"https:\/\/www.europesays.com\/fr\/wp-json\/wp\/v2\/posts\/518295","targetHints":{"allow":["GET"]}}],"collection":[{"href":"https:\/\/www.europesays.com\/fr\/wp-json\/wp\/v2\/posts"}],"about":[{"href":"https:\/\/www.europesays.com\/fr\/wp-json\/wp\/v2\/types\/post"}],"author":[{"embeddable":true,"href":"https:\/\/www.europesays.com\/fr\/wp-json\/wp\/v2\/users\/2"}],"replies":[{"embeddable":true,"href":"https:\/\/www.europesays.com\/fr\/wp-json\/wp\/v2\/comments?post=518295"}],"version-history":[{"count":0,"href":"https:\/\/www.europesays.com\/fr\/wp-json\/wp\/v2\/posts\/518295\/revisions"}],"wp:featuredmedia":[{"embeddable":true,"href":"https:\/\/www.europesays.com\/fr\/wp-json\/wp\/v2\/media\/518296"}],"wp:attachment":[{"href":"https:\/\/www.europesays.com\/fr\/wp-json\/wp\/v2\/media?parent=518295"}],"wp:term":[{"taxonomy":"category","embeddable":true,"href":"https:\/\/www.europesays.com\/fr\/wp-json\/wp\/v2\/categories?post=518295"},{"taxonomy":"post_tag","embeddable":true,"href":"https:\/\/www.europesays.com\/fr\/wp-json\/wp\/v2\/tags?post=518295"}],"curies":[{"name":"wp","href":"https:\/\/api.w.org\/{rel}","templated":true}]}}