{"id":518303,"date":"2025-11-07T13:03:42","date_gmt":"2025-11-07T13:03:42","guid":{"rendered":"https:\/\/www.europesays.com\/fr\/518303\/"},"modified":"2025-11-07T13:03:42","modified_gmt":"2025-11-07T13:03:42","slug":"rats-cafards-humidite-la-detresse-dune-mere-de-quatre-enfants-dans-un-hlm","status":"publish","type":"post","link":"https:\/\/www.europesays.com\/fr\/518303\/","title":{"rendered":"rats, cafards, humidit\u00e9&#8230; La d\u00e9tresse d\u2019une m\u00e8re de quatre enfants dans un HLM"},"content":{"rendered":"<p>Elle appelle \u00e7a \u00ab la goutte d\u2019eau \u00bb, celle qui a fait d\u00e9border le vase et qui l\u2019a pouss\u00e9e \u00e0 d\u00e9crocher son t\u00e9l\u00e9phone pour alerter le bailleur. Une grosse goutte, quand m\u00eame : un rat, chez elle. Pas dans la cave, ni dans les parties communes de cet immeuble de quinze \u00e9tages de l\u2019avenue de Boufflers \u00e0 Nancy, non, un rat qui s\u2019est engouffr\u00e9 par la porte d\u2019entr\u00e9e, filant vers la salle de bains.<\/p>\n<p>C\u2018\u00e9tait le 24 octobre. Dans son T4 du premier \u00e9tage, Fatima, 38 ans, vit avec ses quatre enfants de 13, 11, 10 et 7 ans. \u00ab J\u2019ai cri\u00e9 et recul\u00e9 \u00bb, se souvient-elle. <a href=\"https:\/\/www.estrepublicain.fr\/societe\/2025\/08\/22\/les-infestations-de-rats-explosent-cet-ete-et-les-particuliers-peinent-a-les-eradiquer\" target=\"_blank\" rel=\"noopener\">Le rongeur<\/a> s\u2018\u00e9chappe alors dans le salon, se faufile sous le meuble t\u00e9l\u00e9 et dispara\u00eet dans les bacs de rangement.<\/p>\n<p>  Des rats sous sa fen\u00eatre<\/p>\n<p>La sc\u00e8ne, Fatima l\u2019a film\u00e9e en partie. Sur les images, on voit ses fr\u00e8res traquer le rat dans un meuble pr\u00e8s de la douche. L\u2019animal parvient \u00e0 s\u2018\u00e9chapper. \u00ab Ils m\u2019ont dit qu\u2019ils s\u2019en \u00e9taient d\u00e9barrass\u00e9s \u00bb, raconte-t-elle, sans avoir l\u2019air d\u2019y croire.<\/p>\n<p>Plus d\u2019une semaine apr\u00e8s, Fatima est encore sous le choc. Des rats, elle a <a href=\"https:\/\/www.estrepublicain.fr\/faits-divers-justice\/2023\/02\/14\/les-rats-ont-envahi-la-ville-les-restaurateurs-appellent-a-l-aide\" target=\"_blank\" rel=\"noopener\">l\u2019habitude d\u2019en voir<\/a> sur l\u2019auvent, situ\u00e9 juste sous la fen\u00eatre de la cuisine, \u00e0 un m\u00e8tre. Des voisins des \u00e9tages sup\u00e9rieurs y balanceraient des d\u00e9chets. Les d\u00e9tritus s\u2019accumulent, les rats en font leur festin.<\/p>\n<p>Mais chez elle, dans son salon, sa salle de bains ? C\u2019\u00e9tait une premi\u00e8re.<\/p>\n<p>Fatima a appel\u00e9 le bailleur social, l\u2019Office m\u00e9tropolitain de l\u2019habitat. Encore et encore. \u00ab Ils m\u2019ont dit d\u2019attendre et d\u2019arr\u00eater d\u2019appeler, mais personne n\u2019est encore pass\u00e9 ! \u00bb regrette-t-elle.<\/p>\n<p>Sollicit\u00e9, l\u2019OMh assure que deux op\u00e9rations de d\u00e9ratisation ont \u00e9t\u00e9 men\u00e9es en un mois. \u00ab La derni\u00e8re a eu lieu cette semaine \u00bb, pr\u00e9cise Justinien Picard, responsable par int\u00e9rim de la direction relation clients et territoires.<\/p>\n<p>  \u00ab Je n\u2019arrive plus \u00e0 dormir \u00bb<\/p>\n<p>Pour la locataire, cet \u00e9pisode n\u2019est que le dernier d\u2019une s\u00e9rie de probl\u00e8mes.<\/p>\n<p>Il y a quelques semaines, un autre nuisible avait pourri sa vie : <a href=\"https:\/\/www.estrepublicain.fr\/education\/2023\/10\/24\/des-cafards-envahissent-des-residences-universitaires-un-fleau-tenace\" target=\"_blank\" rel=\"noopener\">des cafards<\/a> , partout dans l\u2019appartement. Ces insectes se nourrissent de miettes, de colle, de cheveux. Ils sont porteurs de bact\u00e9ries et d\u00e9gagent une odeur naus\u00e9abonde. \u00ab Je n\u2019arrive plus \u00e0 dormir, c\u2019est infernal, je surveille toute la nuit \u00bb, d\u00e9plore Fatima.<\/p>\n<p>Elle s\u2019est mise \u00e0 d\u00e9coller le papier peint pour voir s\u2019ils ne s\u2019y cachaient pas. \u00c0 d\u00e9monter des prises \u00e9lectriques. \u00ab Cela me rend folle. \u00bb Les cafards passent d\u2019un appartement \u00e0 l\u2019autre par les canalisations. Ils ne sont pas le sympt\u00f4me d\u2019un d\u00e9faut d\u2019entretien individuel, mais d\u2019un probl\u00e8me structurel.<\/p>\n<p>L\u2019OMh assure que les op\u00e9rations de d\u00e9ratisation concernent aussi les blattes.<\/p>\n<p>On sonne \u00e0 la porte. C\u2019est une voisine. \u00ab Moi aussi j\u2019ai eu des cafards chez moi \u00bb, lance-t-elle d\u2019embl\u00e9e. Jacqueline habite l\u2019immeuble depuis trente ans, au premier \u00e9tage. Elle a 73 ans, des cheveux roux, des lunettes bleues. Elle parle fort et veut aborder un autre probl\u00e8me : le chauffage collectif. \u00ab Il est beaucoup trop bas. On se caille tout le temps, on est oblig\u00e9 de faire du m\u00e9nage pour ne pas avoir froid \u00bb, dit-elle.<\/p>\n<p>  \u00ab On est des cas sociaux \u00bb<\/p>\n<p>Elle a beau avoir alert\u00e9 l\u2019OMh plusieurs fois, rien n\u2019aurait \u00e9t\u00e9 fait. \u00ab On va aller faire des relev\u00e9s, mais on fait attention : un degr\u00e9 de plus, c\u2019est 7 % de charge en plus pour les locataires \u00bb, r\u00e9pond Justinien Picard.<\/p>\n<p>L\u2019aide soignante \u00e0 la retraite y voit du m\u00e9pris de classe. \u00ab On est des cas sociaux, des ouvriers, ils s\u2019en foutent de nous. \u00bb \u00ab C\u2019est faux, on est tr\u00e8s pr\u00e9sents \u00bb, conteste l\u2019OMh. Chez elle, elle a d\u00fb installer deux radiateurs \u00e9lectriques. \u00ab \u00c7a me co\u00fbte 20 euros par mois. \u00bb<\/p>\n<p>Fatima s\u2019assoit sur le lit de sa fille. \u00ab Moi, j\u2019allume le four. \u00bb Une autre : \u00ab Moi, je mettais le s\u00e8che-linge. \u00bb Dans le huis clos de la chambre, la liste des dol\u00e9ances s\u2019allonge : l\u2019ascenseur en panne, les infiltrations d\u2019eau.\u00a0Fatima fait un tour de l\u2019appartement : plinthes d\u00e9fonc\u00e9es, prises \u00e9lectriques arrach\u00e9es, fissures. \u00ab Est-ce qu\u2019on paie pour cette insalubrit\u00e9 ? \u00bb<\/p>\n<p>Son fiston sort une t\u00eate. \u00ab J\u2019ai oubli\u00e9 de ranger ma chambre \u00bb, s\u2019excuse-t-il, avant de reprendre sa partie de Fortnite. Fatima h\u00e9site \u00e0 le gronder puis montre les \u00e9normes taches noires au plafond. \u00ab Bon, ce n\u2019est pas tr\u00e8s grave \u00bb.<\/p>\n","protected":false},"excerpt":{"rendered":"Elle appelle \u00e7a \u00ab la goutte d\u2019eau \u00bb, celle qui a fait d\u00e9border le vase et qui l\u2019a&hellip;\n","protected":false},"author":2,"featured_media":518304,"comment_status":"","ping_status":"","sticky":false,"template":"","format":"standard","meta":{"footnotes":""},"categories":[9635],"tags":[1111,11,1704,1777,674,1011,27,775,1908,1702,1703,12,25,71,801,104],"class_list":{"0":"post-518303","1":"post","2":"type-post","3":"status-publish","4":"format-standard","5":"has-post-thumbnail","7":"category-nancy","8":"tag-actu","9":"tag-actualites","10":"tag-edition-nancy-et-agglomeration","11":"tag-eu","12":"tag-europe","13":"tag-fr","14":"tag-france","15":"tag-grand-est","16":"tag-logement","17":"tag-nancy","18":"tag-nancy-ville-54b","19":"tag-news","20":"tag-republique-francaise","21":"tag-sante","22":"tag-social","23":"tag-societe"},"share_on_mastodon":{"url":"https:\/\/pubeurope.com\/@fr\/115508556806896361","error":""},"_links":{"self":[{"href":"https:\/\/www.europesays.com\/fr\/wp-json\/wp\/v2\/posts\/518303","targetHints":{"allow":["GET"]}}],"collection":[{"href":"https:\/\/www.europesays.com\/fr\/wp-json\/wp\/v2\/posts"}],"about":[{"href":"https:\/\/www.europesays.com\/fr\/wp-json\/wp\/v2\/types\/post"}],"author":[{"embeddable":true,"href":"https:\/\/www.europesays.com\/fr\/wp-json\/wp\/v2\/users\/2"}],"replies":[{"embeddable":true,"href":"https:\/\/www.europesays.com\/fr\/wp-json\/wp\/v2\/comments?post=518303"}],"version-history":[{"count":0,"href":"https:\/\/www.europesays.com\/fr\/wp-json\/wp\/v2\/posts\/518303\/revisions"}],"wp:featuredmedia":[{"embeddable":true,"href":"https:\/\/www.europesays.com\/fr\/wp-json\/wp\/v2\/media\/518304"}],"wp:attachment":[{"href":"https:\/\/www.europesays.com\/fr\/wp-json\/wp\/v2\/media?parent=518303"}],"wp:term":[{"taxonomy":"category","embeddable":true,"href":"https:\/\/www.europesays.com\/fr\/wp-json\/wp\/v2\/categories?post=518303"},{"taxonomy":"post_tag","embeddable":true,"href":"https:\/\/www.europesays.com\/fr\/wp-json\/wp\/v2\/tags?post=518303"}],"curies":[{"name":"wp","href":"https:\/\/api.w.org\/{rel}","templated":true}]}}