{"id":518310,"date":"2025-11-07T13:10:25","date_gmt":"2025-11-07T13:10:25","guid":{"rendered":"https:\/\/www.europesays.com\/fr\/518310\/"},"modified":"2025-11-07T13:10:25","modified_gmt":"2025-11-07T13:10:25","slug":"a-quel-endroit-vient-detre-inauguree-la-nouvelle-boutique-orange","status":"publish","type":"post","link":"https:\/\/www.europesays.com\/fr\/518310\/","title":{"rendered":"\u00e0 quel endroit vient d&rsquo;\u00eatre inaugur\u00e9e la nouvelle boutique Orange\u00a0?"},"content":{"rendered":"<p>            Par<br \/>\n        <strong><br \/>\n            <a href=\"https:\/\/actu.fr\/auteur\/metropoop\" title=\"Consulter tous les articles de R\u00e9daction M\u00e9tropolitain\" rel=\"nofollow noopener\" target=\"_blank\">R\u00e9daction M\u00e9tropolitain<\/a><br \/>\n        <\/strong><\/p>\n<p>        Publi\u00e9 le<\/p>\n<p>            7 nov. 2025 \u00e0 13h04        <\/p>\n<p>Une nouvelle enseigne s\u2019est install\u00e9e dans la <strong>galerie commerciale du Triangle,<\/strong> \u00e0 <strong>Montpellier<\/strong> : ce jeudi\u00a06 novembre 2025, Brigitte Sabotier, directrice Orange Grand Sud-Ouest, et Micha\u00ebl Delafosse, maire de Montpellier (et pr\u00e9sident de la M\u00e9tropole) ont inaugur\u00e9 la nouvelle <strong>boutique Orange<\/strong> situ\u00e9e au 26 all\u00e9e Jules Milhau, \u00e0 deux pas de la place de la Com\u00e9die. Elle est accessible \u00e9galement gr\u00e2ce \u00e0 un parking souterrain. Le ruban tricolore a \u00e9t\u00e9 coup\u00e9e dans une ambiance conviviale.<\/p>\n<p class=\" wall-content\">Cette boutique, ouverte du lundi au samedi de\u00a010h \u00e0 19h, est \u00e0 la fois spacieuse et pens\u00e9e pour les clients, particuliers comme professionnels, qui y retrouvent une \u00e9quipe prodiguant conseils personnalis\u00e9s, accompagnement aux usages, aide \u00e0 la souscription aux offres fibre et mobile adapt\u00e9es.<\/p>\n<p>    <a href=\"https:\/\/www.google.com\/maps\/embed?pb=!1m18!1m12!1m3!1d4099.675650149586!2d3.879945970484604!3d43.609064633017454!2m3!1f0!2f0!3f0!3m2!1i1024!2i768!4f13.1!3m3!1m2!1s0x12b6afa092a0e409%3A0xef646a86b51480d7!2s26%20All.%20Jules%20Milhau%2C%2034000%20Montpellier!5e0!3m2!1sfr!2sfr!4v1762505359125!5m2!1sfr!2sfr\" title=\"Ouvrie le lien\" rel=\"nofollow noopener\" target=\"_blank\">Cliquez ici pour visualiser le contenu<\/a><\/p>\n<p class=\" wall-content\">Un large choix de <strong>smartphones,\u00a0<\/strong>d\u2019accessoires de t\u00e9l\u00e9phonie et autres est \u00e9galement \u00e0 disposition, ainsi qu\u2019un espace rassemblant toutes les solutions pour prolonger la vie des \u00e9quipements. Les clients y retrouvent un point de collecte pour recycler en toute s\u00e9curit\u00e9 leurs anciens mobiles, un comptoir de reprise de t\u00e9l\u00e9phones, une s\u00e9lection de smartphones reconditionn\u00e9s et la prise en charge de la r\u00e9paration avec diagnostic.\u00a0<\/p>\n<p class=\" wall-content\">Avec <strong>plus de 500 boutiques<\/strong> et <strong>6 000 salari\u00e9s<\/strong>, le r\u00e9seau de distribution d\u2019Orange couvre l\u2019ensemble du territoire et continue d\u2019\u00e9voluer avec une augmentation du nombre de points de vente d\u2019ici 2026. Orange est l\u2019un des principaux op\u00e9rateurs de t\u00e9l\u00e9communications dans le monde, avec un chiffre d\u2019affaires de 40,3 milliards d\u2019euros en 2024 et 124 100 salari\u00e9s au 30 septembre 2025, dont 68 000 en France. Le Groupe servait 310 millions de clients au 30 septembre 2025, dont 270 millions de clients mobile et 23 millions de clients haut d\u00e9bit fixe. Ces chiffres tiennent compte de la d\u00e9consolidation de certaines activit\u00e9s en Espagne li\u00e9es \u00e0 la cr\u00e9ation de la co-entreprise Masorange. Le Groupe est pr\u00e9sent dans 26 pays, y compris les pays non consolid\u00e9s.<\/p>\n<p>Vid\u00e9os : en ce moment sur Actu<\/p>\n<p class=\" wall-content\">Orange est \u00e9galement l\u2019un des leaders mondiaux des services de t\u00e9l\u00e9communications aux entreprises multinationales sous la marque Orange Business. En f\u00e9vrier 2023, le Groupe a pr\u00e9sent\u00e9 son plan strat\u00e9gique \u00ab Lead the Future \u00bb, construit sur un nouveau mod\u00e8le d\u2019entreprise et guid\u00e9 par la responsabilit\u00e9 et l\u2019efficacit\u00e9. \u00ab Lead the Future \u00bb capitalise sur l\u2019excellence des r\u00e9seaux afin de renforcer le leadership d\u2019Orange dans la qualit\u00e9 de service. L\u2019entreprise\u00a0est cot\u00e9e sur Euronext Paris (symbole ORA).<\/p>\n<p class=\" wall-content\">Personnalisez votre actualit\u00e9 en ajoutant vos villes et m\u00e9dias en favori avec <a href=\"https:\/\/moncompte.actu.fr\" title=\"D\u00e9couvez Mon Actu\" rel=\"nofollow noopener\" data-trk=\"{&quot;cta&quot;:{&quot;action&quot;:&quot;https:\\\/\\\/moncompte.actu.fr&quot;,&quot;category&quot;:&quot;mon compte&quot;,&quot;from&quot;:&quot;article footer&quot;,&quot;name&quot;:&quot;Mon actu&quot;,&quot;type&quot;:&quot;cta&quot;}}\" target=\"_blank\">Mon Actu<\/a>.<\/p>\n","protected":false},"excerpt":{"rendered":"Par R\u00e9daction M\u00e9tropolitain Publi\u00e9 le 7 nov. 2025 \u00e0 13h04 Une nouvelle enseigne s\u2019est install\u00e9e dans la galerie&hellip;\n","protected":false},"author":2,"featured_media":518311,"comment_status":"","ping_status":"","sticky":false,"template":"","format":"standard","meta":{"footnotes":""},"categories":[9599],"tags":[1111,11,215,33,1777,674,1011,27,2208,12,2680,738,25],"class_list":{"0":"post-518310","1":"post","2":"type-post","3":"status-publish","4":"format-standard","5":"has-post-thumbnail","7":"category-montpellier","8":"tag-actu","9":"tag-actualites","10":"tag-commerce","11":"tag-economie","12":"tag-eu","13":"tag-europe","14":"tag-fr","15":"tag-france","16":"tag-montpellier","17":"tag-news","18":"tag-occitanie","19":"tag-orange","20":"tag-republique-francaise"},"share_on_mastodon":{"url":"https:\/\/pubeurope.com\/@fr\/115508584366369463","error":""},"_links":{"self":[{"href":"https:\/\/www.europesays.com\/fr\/wp-json\/wp\/v2\/posts\/518310","targetHints":{"allow":["GET"]}}],"collection":[{"href":"https:\/\/www.europesays.com\/fr\/wp-json\/wp\/v2\/posts"}],"about":[{"href":"https:\/\/www.europesays.com\/fr\/wp-json\/wp\/v2\/types\/post"}],"author":[{"embeddable":true,"href":"https:\/\/www.europesays.com\/fr\/wp-json\/wp\/v2\/users\/2"}],"replies":[{"embeddable":true,"href":"https:\/\/www.europesays.com\/fr\/wp-json\/wp\/v2\/comments?post=518310"}],"version-history":[{"count":0,"href":"https:\/\/www.europesays.com\/fr\/wp-json\/wp\/v2\/posts\/518310\/revisions"}],"wp:featuredmedia":[{"embeddable":true,"href":"https:\/\/www.europesays.com\/fr\/wp-json\/wp\/v2\/media\/518311"}],"wp:attachment":[{"href":"https:\/\/www.europesays.com\/fr\/wp-json\/wp\/v2\/media?parent=518310"}],"wp:term":[{"taxonomy":"category","embeddable":true,"href":"https:\/\/www.europesays.com\/fr\/wp-json\/wp\/v2\/categories?post=518310"},{"taxonomy":"post_tag","embeddable":true,"href":"https:\/\/www.europesays.com\/fr\/wp-json\/wp\/v2\/tags?post=518310"}],"curies":[{"name":"wp","href":"https:\/\/api.w.org\/{rel}","templated":true}]}}