{"id":518316,"date":"2025-11-07T13:18:11","date_gmt":"2025-11-07T13:18:11","guid":{"rendered":"https:\/\/www.europesays.com\/fr\/518316\/"},"modified":"2025-11-07T13:18:11","modified_gmt":"2025-11-07T13:18:11","slug":"jean-xavier-boucherle-ancien-maire-de-meylan-est-decede","status":"publish","type":"post","link":"https:\/\/www.europesays.com\/fr\/518316\/","title":{"rendered":"Jean-Xavier Boucherle, ancien maire de Meylan, est d\u00e9c\u00e9d\u00e9"},"content":{"rendered":"<p itemprop=\"description\"><strong>Pendant six ans, il avait \u00e9t\u00e9 le maire de Meylan. Jean-Xavier Boucherle est d\u00e9c\u00e9d\u00e9.<\/strong><\/p>\n<p>Elu \u00e0 la t\u00eate de la commune en 1995, il n&rsquo;avait fait qu&rsquo;un mandat. Il avait \u00e9galement \u00e9t\u00e9 vice-pr\u00e9sident de la M\u00e9tropole grenobloise.<\/p>\n<p>Depuis 2021, il si\u00e9geait au conseil municipal d&rsquo;une autre commune is\u00e9roise, puisqu&rsquo;il \u00e9tait conseiller d\u00e9l\u00e9gu\u00e9 \u00e0 Entre-deux-Guiers.<\/p>\n<p>\u00ab\u00a0C\u2019\u00e9tait surtout un ami dont je garderai toujours en m\u00e9moire la bienveillance, l\u2019empathie, et son souci de servir plut\u00f4t que de se mettre en avant personnellement. C\u2019\u00e9tait un compagnon de route et de pens\u00e9e \u00e0 qui je dois beaucoup\u00a0\u00bb, a r\u00e9agi l&rsquo;actuel maire de Meylan, Philippe Cardin.<\/p>\n<p>\u00ab\u00a0On lui doit notamment des projets tels que la construction de la Maison de la musique, du gymnase du Charlaix ou du stade Albert-Batteux, les am\u00e9nagements des parcs du Bachais, du Bruchet et de nouvelles pistes cyclables, la r\u00e9novation de la grange du Clos des capucins et de la piscine Buclos, mais aussi la cr\u00e9ation d\u2019une charte de l\u2019environnement, la mise en place de la tarification sociale pour les activit\u00e9s p\u00e9riscolaires, la premi\u00e8re convention de l\u2019Is\u00e8re de coop\u00e9ration entre police municipale et gendarmerie, la cr\u00e9ation de logements sociaux dans le Haut-Meylan, au Charlaix et aux Sayettes, et bien plus encore\u2026\u00a0\u00bb, \u00e9crit la mairie sur ses r\u00e9seaux sociaux.<\/p>\n<p>Les drapeaux de la mairie ont \u00e9t\u00e9 mis en berne et un cahier de dol\u00e9ances sera install\u00e9 \u00e0 l&rsquo;H\u00f4tel de Ville d\u00e8s lundi.<\/p>\n","protected":false},"excerpt":{"rendered":"Pendant six ans, il avait \u00e9t\u00e9 le maire de Meylan. Jean-Xavier Boucherle est d\u00e9c\u00e9d\u00e9. Elu \u00e0 la t\u00eate&hellip;\n","protected":false},"author":2,"featured_media":518317,"comment_status":"","ping_status":"","sticky":false,"template":"","format":"standard","meta":{"footnotes":""},"categories":[9566],"tags":[1111,11,7733,8279,2430,7736,650,7734,2889,2263,1777,674,1011,27,2731,8280,6417,1114,108,4662,12,3725,1825,25,7737],"class_list":{"0":"post-518316","1":"post","2":"type-post","3":"status-publish","4":"format-standard","5":"has-post-thumbnail","7":"category-grenoble","8":"tag-actu","9":"tag-actualites","10":"tag-alpes","11":"tag-alpes1","12":"tag-auvergne-rhone-alpes","13":"tag-cds","14":"tag-cinema","15":"tag-ecoute","16":"tag-emission","17":"tag-equipe","18":"tag-eu","19":"tag-europe","20":"tag-fr","21":"tag-france","22":"tag-grenoble","23":"tag-haute","24":"tag-information","25":"tag-infos","26":"tag-isere","27":"tag-journal","28":"tag-news","29":"tag-podcast","30":"tag-radio","31":"tag-republique-francaise","32":"tag-winamp"},"share_on_mastodon":{"url":"https:\/\/pubeurope.com\/@fr\/115508616139907947","error":""},"_links":{"self":[{"href":"https:\/\/www.europesays.com\/fr\/wp-json\/wp\/v2\/posts\/518316","targetHints":{"allow":["GET"]}}],"collection":[{"href":"https:\/\/www.europesays.com\/fr\/wp-json\/wp\/v2\/posts"}],"about":[{"href":"https:\/\/www.europesays.com\/fr\/wp-json\/wp\/v2\/types\/post"}],"author":[{"embeddable":true,"href":"https:\/\/www.europesays.com\/fr\/wp-json\/wp\/v2\/users\/2"}],"replies":[{"embeddable":true,"href":"https:\/\/www.europesays.com\/fr\/wp-json\/wp\/v2\/comments?post=518316"}],"version-history":[{"count":0,"href":"https:\/\/www.europesays.com\/fr\/wp-json\/wp\/v2\/posts\/518316\/revisions"}],"wp:featuredmedia":[{"embeddable":true,"href":"https:\/\/www.europesays.com\/fr\/wp-json\/wp\/v2\/media\/518317"}],"wp:attachment":[{"href":"https:\/\/www.europesays.com\/fr\/wp-json\/wp\/v2\/media?parent=518316"}],"wp:term":[{"taxonomy":"category","embeddable":true,"href":"https:\/\/www.europesays.com\/fr\/wp-json\/wp\/v2\/categories?post=518316"},{"taxonomy":"post_tag","embeddable":true,"href":"https:\/\/www.europesays.com\/fr\/wp-json\/wp\/v2\/tags?post=518316"}],"curies":[{"name":"wp","href":"https:\/\/api.w.org\/{rel}","templated":true}]}}