{"id":518318,"date":"2025-11-07T13:19:15","date_gmt":"2025-11-07T13:19:15","guid":{"rendered":"https:\/\/www.europesays.com\/fr\/518318\/"},"modified":"2025-11-07T13:19:15","modified_gmt":"2025-11-07T13:19:15","slug":"a-reims-et-a-grenoble-les-ouvertures-prochaines-de-shein-font-monter-la-grogne","status":"publish","type":"post","link":"https:\/\/www.europesays.com\/fr\/518318\/","title":{"rendered":"A Reims et \u00e0 Grenoble, les ouvertures prochaines de Shein font monter la grogne"},"content":{"rendered":"<p>\n                                    <b>Publi\u00e9 le<\/b><br \/>\n                                    <\/p>\n<p>                                        7 novembre 2025<\/p>\n<p class=\"article-content col-md-8 offset-md-1\">\n                                Dans le sillage de l&rsquo;ouverture par la Soci\u00e9t\u00e9 des grands magasins du premier magasin physique permanent de <a class=\"fnwAddLinks\" href=\"https:\/\/ch.fashionnetwork.com\/tags-shein\" title=\"Shein\" target=\"_blank\" rel=\"noopener\">Shein<\/a> au <a class=\"fnwAddLinks\" href=\"https:\/\/ch.fashionnetwork.com\/tags-bhv\" title=\"BHV\" target=\"_blank\" rel=\"noopener\">BHV<\/a> Marais ce 5 novembre, la marque de mode ultra rapide doit s&rsquo;installer dans les grands magasins\u00a0d&rsquo;Angers, Dijon, Grenoble, Limoges et Reims.<\/p>\n<p><img decoding=\"async\" class=\"news-image\" style=\"width:100%;max-width:726px;\" src=\"https:\/\/www.europesays.com\/fr\/wp-content\/uploads\/2025\/11\/4aa6.jpg\" alt=\"L'int\u00e9rieur du BHV Reims, ex Galeries Lafayette\" loading=\"lazy\"\/>L&rsquo;int\u00e9rieur du BHV Reims, ex Galeries Lafayette &#8211; SGM<\/p>\n<p>Des lieux de commerce centraux dans ces villes aux populations oscillants autour de 150.000 habitants qui, <a href=\"https:\/\/fr.fashionnetwork.com\/news\/Les-sept-galeries-lafayette-operees-par-la-societe-des-grands-magasins-vont-changer-de-nom,1779762.html\" target=\"_blank\" rel=\"noopener\">apr\u00e8s la rupture consomm\u00e9e avec les Galeries Lafayette,<\/a> sont en passe d&rsquo;\u00eatre rebaptis\u00e9s&#8230; BHV. Un changement qui devrait s&rsquo;op\u00e9rer dans les prochaines semaines selon les m\u00e9dias locaux.\u00a0<\/p>\n<p>Mais l&rsquo;arriv\u00e9e du g\u00e9ant d&rsquo;origine chinoise dont le si\u00e8ge se situe \u00e0 Singapour, ne ravit pas tous les observateurs dans ces villes.\u00a0<\/p>\n<p class=\"col-md-8 offset-md-1 article-content--texte\">Ainsi, le maire \u00e9cologiste de Grenoble Eric Piolle a demand\u00e9 au pr\u00e9sident du groupe SGM Fr\u00e9d\u00e9ric <a class=\"fnwAddLinks\" href=\"https:\/\/ch.fashionnetwork.com\/tags-merlin\" title=\"Merlin\" target=\"_blank\" rel=\"noopener\">Merlin<\/a> de \u00ab\u00a0suspendre\u00a0\u00bb l&rsquo;arriv\u00e9e de Shein dans la ville dans l&rsquo;attente de garanties sur le contr\u00f4le de la l\u00e9galit\u00e9 des produits, dans une lettre rendue publique jeudi.<\/p>\n<p>\u00ab\u00a0Je vous demande aujourd&rsquo;hui de suspendre son arriv\u00e9e dans notre ville tant que ses dirigeants n&rsquo;auront pas apport\u00e9 \u00e0 nos parlementaires toutes les garanties n\u00e9cessaires quant au contr\u00f4le et \u00e0 la v\u00e9rification de la l\u00e9galit\u00e9 des produits propos\u00e9s \u00e0 la vente par votre partenaire\u00a0\u00bb, a \u00e9crit Eric Piolle dans ce courrier dat\u00e9 de mercredi.<\/p>\n<p>L&rsquo;installation de Shein au sein du magasin BHV grenoblois, comme dans tous les autres sites, est pr\u00e9vue sur plusieurs centaines de m\u00e8tres carr\u00e9s le 18 novembre.<\/p>\n<p>\u00ab\u00a0A Grenoble, nous refusons d&rsquo;accueillir une enseigne qui foule aux pieds les valeurs de dignit\u00e9, d&rsquo;\u00e9thique et de durabilit\u00e9\u00a0\u00bb, ajoute Eric Piolle dans un message sur les r\u00e9seaux sociaux.<\/p>\n<p>L&rsquo;\u00e9lu \u00e9cologiste pr\u00e9cise qu&rsquo;il a refus\u00e9 de rencontrer le pr\u00e9sident ex\u00e9cutif de Shein Donald Tang. D\u00e9non\u00e7ant une marque qui \u00ab\u00a0incarne les pires d\u00e9rives de l&rsquo;ultra fast-fashion\u00a0\u00bb, il fait \u00e9galement r\u00e9f\u00e9rence aux \u00ab\u00a0nouveaux scandales: vente de produits \u00e0 caract\u00e8re p\u00e9dopornographique, puis d&rsquo;armes interdites\u00a0\u00bb, qui se sont retrouv\u00e9s sur sa plateforme de vente sur internet.<\/p>\n<p>\u00ab\u00a0Fr\u00e9d\u00e9ric Merlin a d\u00e9j\u00e0 parfaitement r\u00e9pondu sur le partenariat entre le BHV et Shein sur la qualit\u00e9 et la provenance des produits qui n&rsquo;ont rien \u00e0 voir avec ceux qu&rsquo;on trouve sur la marketplace\u00a0\u00bb, propos\u00e9s par des vendeurs tiers, a r\u00e9pondu le groupe SGM, interrog\u00e9 par l&rsquo;AFP. \u00ab\u00a0Le partenariat aujourd&rsquo;hui concerne des v\u00eatements dont la qualit\u00e9 est contr\u00f4l\u00e9e\u00a0\u00bb, souligne encore le groupe, qui assure par ailleurs avoir re\u00e7u le soutien de commer\u00e7ants grenoblois.<\/p>\n<p>Un soutien dont ne semble pas disposer l&rsquo;acteur \u00e0 Reims, autre ville concern\u00e9e. Les commer\u00e7ants de Reims \u00ab\u00a0sont vent debout suite \u00e0 l&rsquo;annonce de l&rsquo;arriv\u00e9e de Shein\u00a0\u00bb, a assur\u00e9 \u00e0 l&rsquo;AFP Vincent Mansencal, pr\u00e9sident de l&rsquo;association Les vitrines de Reims.<\/p>\n<p>L&rsquo;implantation de Shein au BHV \u00e0 Paris ainsi que dans cinq grands magasins de province est \u00ab\u00a0un \u00e9pisode tr\u00e8s regrettable, d&rsquo;autant plus avec le scandale des poup\u00e9es\u00a0\u00bb, a-t-il ajout\u00e9, en r\u00e9f\u00e9rence \u00e0 la vente de poup\u00e9es sexuelles d&rsquo;apparence enfantine sur la plateforme, qui a entra\u00een\u00e9 l&rsquo;ouverture d&rsquo;une enqu\u00eate judiciaire.<\/p>\n<p>Des commerces r\u00e9mois sp\u00e9cialis\u00e9s dans le pr\u00eat-\u00e0-porter sont \u00ab\u00a0du m\u00eame acabit (que Shein) au niveau du prix\u00a0\u00bb mais \u00ab\u00a0proposent quelque chose de bien plus transparent\u00a0\u00bb sur les questions environnementales et soci\u00e9tales, selon Vincent Mansencal. Ces magasins craignent un effet \u00ab\u00a0terrible\u00a0\u00bb sur leur fr\u00e9quentation et leur chiffre d&rsquo;affaires, a-t-il assur\u00e9.<\/p>\n<p>Le repr\u00e9sentant des commer\u00e7ants r\u00e9mois constate cependant que parmi les consommateurs, \u00ab\u00a0\u00e7a attise \u00e9videmment pas mal de discussions\u00a0\u00bb o\u00f9 les avis sont \u00ab\u00a0partag\u00e9s\u00a0\u00bb. De fait, Shein revendique 25 millions de clients en France.<\/p>\n<p>Avec AFP\n                            <\/p>\n<p>\n                                Tous droits de reproduction et de repr\u00e9sentation r\u00e9serv\u00e9s.<br \/>\u00a9 2025 FashionNetwork.com\n                            <\/p>\n","protected":false},"excerpt":{"rendered":"Publi\u00e9 le 7 novembre 2025 Dans le sillage de l&rsquo;ouverture par la Soci\u00e9t\u00e9 des grands magasins du premier&hellip;\n","protected":false},"author":2,"featured_media":518319,"comment_status":"","ping_status":"","sticky":false,"template":"","format":"standard","meta":{"footnotes":""},"categories":[9566],"tags":[1111,11,2430,2424,4753,63860,537,2423,1777,674,1011,27,4238,2731,2425,4754,985,12,2298,2426,2427,25,2421,1104,2422],"class_list":{"0":"post-518318","1":"post","2":"type-post","3":"status-publish","4":"format-standard","5":"has-post-thumbnail","7":"category-grenoble","8":"tag-actu","9":"tag-actualites","10":"tag-auvergne-rhone-alpes","11":"tag-beaute","12":"tag-bhv","13":"tag-bhvmarais","14":"tag-contact","15":"tag-cosmetiques","16":"tag-eu","17":"tag-europe","18":"tag-fr","19":"tag-france","20":"tag-galeries-lafayette","21":"tag-grenoble","22":"tag-luxe","23":"tag-merlin","24":"tag-mode","25":"tag-news","26":"tag-parfum","27":"tag-professionnel","28":"tag-professionnels","29":"tag-republique-francaise","30":"tag-reseau","31":"tag-shein","32":"tag-textile"},"share_on_mastodon":{"url":"https:\/\/pubeurope.com\/@fr\/115508620361742540","error":""},"_links":{"self":[{"href":"https:\/\/www.europesays.com\/fr\/wp-json\/wp\/v2\/posts\/518318","targetHints":{"allow":["GET"]}}],"collection":[{"href":"https:\/\/www.europesays.com\/fr\/wp-json\/wp\/v2\/posts"}],"about":[{"href":"https:\/\/www.europesays.com\/fr\/wp-json\/wp\/v2\/types\/post"}],"author":[{"embeddable":true,"href":"https:\/\/www.europesays.com\/fr\/wp-json\/wp\/v2\/users\/2"}],"replies":[{"embeddable":true,"href":"https:\/\/www.europesays.com\/fr\/wp-json\/wp\/v2\/comments?post=518318"}],"version-history":[{"count":0,"href":"https:\/\/www.europesays.com\/fr\/wp-json\/wp\/v2\/posts\/518318\/revisions"}],"wp:featuredmedia":[{"embeddable":true,"href":"https:\/\/www.europesays.com\/fr\/wp-json\/wp\/v2\/media\/518319"}],"wp:attachment":[{"href":"https:\/\/www.europesays.com\/fr\/wp-json\/wp\/v2\/media?parent=518318"}],"wp:term":[{"taxonomy":"category","embeddable":true,"href":"https:\/\/www.europesays.com\/fr\/wp-json\/wp\/v2\/categories?post=518318"},{"taxonomy":"post_tag","embeddable":true,"href":"https:\/\/www.europesays.com\/fr\/wp-json\/wp\/v2\/tags?post=518318"}],"curies":[{"name":"wp","href":"https:\/\/api.w.org\/{rel}","templated":true}]}}