{"id":518320,"date":"2025-11-07T13:20:10","date_gmt":"2025-11-07T13:20:10","guid":{"rendered":"https:\/\/www.europesays.com\/fr\/518320\/"},"modified":"2025-11-07T13:20:10","modified_gmt":"2025-11-07T13:20:10","slug":"le-carnaval-de-rennes-de-retour-en-2026","status":"publish","type":"post","link":"https:\/\/www.europesays.com\/fr\/518320\/","title":{"rendered":"le Carnaval de Rennes de retour en 2026"},"content":{"rendered":"<p>            Par<br \/>\n        <strong><br \/>\n            <a href=\"https:\/\/actu.fr\/auteur\/clemence-pays02-actu-fr\" title=\"Consulter tous les articles de Cl\u00e9mence Pays\" rel=\"nofollow noopener\" target=\"_blank\">Cl\u00e9mence Pays<\/a><br \/>\n        <\/strong><\/p>\n<p>        Publi\u00e9 le<\/p>\n<p>            7 nov. 2025 \u00e0 14h11        <\/p>\n<p>\u00ab\u2009Le rendez-vous le plus color\u00e9 et joyeux de l\u2019ann\u00e9e est de retour\u2009\u00bb, lance <strong>La Pulse.<\/strong> L\u2019association organisatrice du <strong>Carnaval de Rennes<\/strong> a annonc\u00e9 repartir pour une <strong>4e \u00e9dition,<\/strong> qui se d\u00e9roulera <strong>samedi 7\u00a0mars 2026,<\/strong> \u00ab\u2009dans tout le centre-ville\u2009\u00bb.<\/p>\n<p class=\" wall-content\">En 2025, <a href=\"https:\/\/actu.fr\/bretagne\/rennes_35238\/carnaval-de-rennes-dans-une-ambiance-survoltee-des-centaines-de-personnes-ont-defile-dans-les-rues_62379033.html\" rel=\"nofollow noopener\" target=\"_blank\">\u00ab\u2009plus de 8\u2009000\u00a0participants\u2009\u00bb avaient parad\u00e9 dans la capitale bretonne<\/a>. Apr\u00e8s ce \u00ab\u2009succ\u00e8s\u2009\u00bb, l\u2019\u00e9quipe souhaite <strong>rendre l\u2019\u00e9v\u00e9nement \u00ab\u2009encore plus participatif et inspirant\u2009\u00bb.<\/strong><\/p>\n<p class=\" wall-content\">Voici les premiers \u00e9l\u00e9ments du programme.<\/p>\n<p>D\u00e9part place du Parlement de Bretagne<\/p>\n<p class=\" wall-content\">Samedi 7\u00a0mars 2026, le rendez-vous est donn\u00e9 <strong>entre 15h et 18h30,<\/strong> avec un d\u00e9part pr\u00e9vu <strong>place du Parlement de Bretagne.<\/strong><\/p>\n<p class=\" wall-content\">Le <strong>d\u00e9fil\u00e9<\/strong> sera anim\u00e9 par \u00ab\u2009des fanfares, des percussions et des marionnettes g\u00e9antes\u2009\u00bb. <strong>\u00ab\u2009Plusieurs changements sur le parcours\u2009\u00bb<\/strong> et \u00ab\u2009des surprises\u2009\u00bb sont pr\u00e9vus, mais pas encore d\u00e9voil\u00e9s.<\/p>\n<blockquote class=\"ac-article-quote wall-content\">\n<p>En parall\u00e8le, un go\u00fbter g\u00e9ant et gratuit attendra les enfants, avec un espace maquillage pour<br \/>\nparfaire les d\u00e9guisements et prolonger la magie du Carnaval.\n<\/p>\n<p>    <strong>La Pulse<\/strong><br \/>\n        Association organisatrice du Carnaval de Rennes    <\/p><\/blockquote>\n<p>Votre r\u00e9gion, votre actu !<\/p>\n<p>Recevez chaque jour les infos qui comptent pour vous.<\/p>\n<p>\t<a href=\"https:\/\/actu.fr\/newsletter\" class=\"ac-btn ac-btn--corner ac-btn--medium ac-btn--blue800\" rel=\"nofollow noopener\" target=\"_blank\">S&rsquo;incrire<\/a><br \/>\nUne soir\u00e9e \u00e0 la Salle de la Cit\u00e9<\/p>\n<p class=\" wall-content\">Une fois la parade termin\u00e9e, les festivit\u00e9s se poursuivront <strong>\u00e0 partir de 18h30 \u00e0 la Salle de la Cit\u00e9<\/strong> pour une <strong>soir\u00e9e d\u00e9guis\u00e9e.<\/strong><\/p>\n<p class=\" wall-content\">\u00ab\u2009Une grande nouveaut\u00e9\u2009\u00bb va faire son arriv\u00e9e\u2009:<strong> \u00ab\u2009un concours de d\u00e9guisement\u2009\u00bb,<\/strong> divulgue La Pulse. Les costumes \u00ab\u2009les plus cr\u00e9atifs, loufoques ou \u00e9l\u00e9gants\u2009\u00bb seront r\u00e9compens\u00e9s.<\/p>\n<p class=\" wall-content\">L\u2019ambiance de la soir\u00e9e sera assur\u00e9e par des<strong> concerts et DJ sets,<\/strong> \u00ab\u2009pour danser jusqu\u2019au bout de la nuit\u2009\u00bb.<\/p>\n<p class=\" wall-content\">Personnalisez votre actualit\u00e9 en ajoutant vos villes et m\u00e9dias en favori avec <a href=\"https:\/\/moncompte.actu.fr\" title=\"D\u00e9couvez Mon Actu\" rel=\"nofollow noopener\" data-trk=\"{&quot;cta&quot;:{&quot;action&quot;:&quot;https:\\\/\\\/moncompte.actu.fr&quot;,&quot;category&quot;:&quot;mon compte&quot;,&quot;from&quot;:&quot;article footer&quot;,&quot;name&quot;:&quot;Mon actu&quot;,&quot;type&quot;:&quot;cta&quot;}}\" target=\"_blank\">Mon Actu<\/a>.<\/p>\n","protected":false},"excerpt":{"rendered":"Par Cl\u00e9mence Pays Publi\u00e9 le 7 nov. 2025 \u00e0 14h11 \u00ab\u2009Le rendez-vous le plus color\u00e9 et joyeux de&hellip;\n","protected":false},"author":2,"featured_media":518321,"comment_status":"","ping_status":"","sticky":false,"template":"","format":"standard","meta":{"footnotes":""},"categories":[2821],"tags":[1111,11,1063,829,1777,674,1011,27,1652,12,584,25],"class_list":{"0":"post-518320","1":"post","2":"type-post","3":"status-publish","4":"format-standard","5":"has-post-thumbnail","7":"category-rennes","8":"tag-actu","9":"tag-actualites","10":"tag-animations","11":"tag-bretagne","12":"tag-eu","13":"tag-europe","14":"tag-fr","15":"tag-france","16":"tag-loisirs-culture","17":"tag-news","18":"tag-rennes","19":"tag-republique-francaise"},"share_on_mastodon":{"url":"https:\/\/pubeurope.com\/@fr\/115508623652341937","error":""},"_links":{"self":[{"href":"https:\/\/www.europesays.com\/fr\/wp-json\/wp\/v2\/posts\/518320","targetHints":{"allow":["GET"]}}],"collection":[{"href":"https:\/\/www.europesays.com\/fr\/wp-json\/wp\/v2\/posts"}],"about":[{"href":"https:\/\/www.europesays.com\/fr\/wp-json\/wp\/v2\/types\/post"}],"author":[{"embeddable":true,"href":"https:\/\/www.europesays.com\/fr\/wp-json\/wp\/v2\/users\/2"}],"replies":[{"embeddable":true,"href":"https:\/\/www.europesays.com\/fr\/wp-json\/wp\/v2\/comments?post=518320"}],"version-history":[{"count":0,"href":"https:\/\/www.europesays.com\/fr\/wp-json\/wp\/v2\/posts\/518320\/revisions"}],"wp:featuredmedia":[{"embeddable":true,"href":"https:\/\/www.europesays.com\/fr\/wp-json\/wp\/v2\/media\/518321"}],"wp:attachment":[{"href":"https:\/\/www.europesays.com\/fr\/wp-json\/wp\/v2\/media?parent=518320"}],"wp:term":[{"taxonomy":"category","embeddable":true,"href":"https:\/\/www.europesays.com\/fr\/wp-json\/wp\/v2\/categories?post=518320"},{"taxonomy":"post_tag","embeddable":true,"href":"https:\/\/www.europesays.com\/fr\/wp-json\/wp\/v2\/tags?post=518320"}],"curies":[{"name":"wp","href":"https:\/\/api.w.org\/{rel}","templated":true}]}}