{"id":518322,"date":"2025-11-07T13:21:11","date_gmt":"2025-11-07T13:21:11","guid":{"rendered":"https:\/\/www.europesays.com\/fr\/518322\/"},"modified":"2025-11-07T13:21:11","modified_gmt":"2025-11-07T13:21:11","slug":"accident-mortel-dans-une-ecole-a-rennes-un-employe-de-la-ville-decede-apres-une-chute-du-3e-etage","status":"publish","type":"post","link":"https:\/\/www.europesays.com\/fr\/518322\/","title":{"rendered":"Accident mortel dans une \u00e9cole \u00e0 Rennes\u00a0: un employ\u00e9 de la Ville d\u00e9c\u00e8de apr\u00e8s une chute du 3e \u00e9tage"},"content":{"rendered":"<p>Un tragique accident a co\u00fbt\u00e9 la vie \u00e0 un employ\u00e9 de la Ville de Rennes ce vendredi 7 novembre. L\u2019homme est d\u00e9c\u00e9d\u00e9 alors qu\u2019il intervenait sur un chantier au sein de l\u2019\u00e9cole primaire Duchesse Anne, pr\u00e8s du parc du Thabor.<\/p>\n<p>L\u2019ouvrier, \u00e2g\u00e9 de 58 ans, aurait chut\u00e9 du troisi\u00e8me \u00e9tage du b\u00e2timent vers 11 h pour une raison encore ind\u00e9termin\u00e9e. En arr\u00eat cardio-respiratoire \u00e0 l\u2019arriv\u00e9e des secours, il a finalement \u00e9t\u00e9 d\u00e9clar\u00e9 d\u00e9c\u00e9d\u00e9 malgr\u00e9 plusieurs tentatives de r\u00e9animation.<\/p>\n<p>Une tente a \u00e9t\u00e9 install\u00e9e afin que l\u2019intervention se d\u00e9roule \u00e0 l\u2019abri des regards des \u00e9l\u00e8ves de l\u2019\u00e9cole. Une enqu\u00eate a \u00e9t\u00e9 ouverte par la police pour d\u00e9terminer les circonstances de cet accident.<\/p>\n","protected":false},"excerpt":{"rendered":"Un tragique accident a co\u00fbt\u00e9 la vie \u00e0 un employ\u00e9 de la Ville de Rennes ce vendredi 7&hellip;\n","protected":false},"author":2,"featured_media":518323,"comment_status":"","ping_status":"","sticky":false,"template":"","format":"standard","meta":{"footnotes":""},"categories":[2821],"tags":[3085,1111,11,829,765,1777,674,118,3383,1011,27,848,12,584,25],"class_list":{"0":"post-518322","1":"post","2":"type-post","3":"status-publish","4":"format-standard","5":"has-post-thumbnail","7":"category-rennes","8":"tag-accidents","9":"tag-actu","10":"tag-actualites","11":"tag-bretagne","12":"tag-en-continu","13":"tag-eu","14":"tag-europe","15":"tag-faits-divers","16":"tag-faits-divers-a-rennes","17":"tag-fr","18":"tag-france","19":"tag-ille-et-vilaine","20":"tag-news","21":"tag-rennes","22":"tag-republique-francaise"},"share_on_mastodon":{"url":"https:\/\/pubeurope.com\/@fr\/115508627761022574","error":""},"_links":{"self":[{"href":"https:\/\/www.europesays.com\/fr\/wp-json\/wp\/v2\/posts\/518322","targetHints":{"allow":["GET"]}}],"collection":[{"href":"https:\/\/www.europesays.com\/fr\/wp-json\/wp\/v2\/posts"}],"about":[{"href":"https:\/\/www.europesays.com\/fr\/wp-json\/wp\/v2\/types\/post"}],"author":[{"embeddable":true,"href":"https:\/\/www.europesays.com\/fr\/wp-json\/wp\/v2\/users\/2"}],"replies":[{"embeddable":true,"href":"https:\/\/www.europesays.com\/fr\/wp-json\/wp\/v2\/comments?post=518322"}],"version-history":[{"count":0,"href":"https:\/\/www.europesays.com\/fr\/wp-json\/wp\/v2\/posts\/518322\/revisions"}],"wp:featuredmedia":[{"embeddable":true,"href":"https:\/\/www.europesays.com\/fr\/wp-json\/wp\/v2\/media\/518323"}],"wp:attachment":[{"href":"https:\/\/www.europesays.com\/fr\/wp-json\/wp\/v2\/media?parent=518322"}],"wp:term":[{"taxonomy":"category","embeddable":true,"href":"https:\/\/www.europesays.com\/fr\/wp-json\/wp\/v2\/categories?post=518322"},{"taxonomy":"post_tag","embeddable":true,"href":"https:\/\/www.europesays.com\/fr\/wp-json\/wp\/v2\/tags?post=518322"}],"curies":[{"name":"wp","href":"https:\/\/api.w.org\/{rel}","templated":true}]}}