{"id":518324,"date":"2025-11-07T13:22:09","date_gmt":"2025-11-07T13:22:09","guid":{"rendered":"https:\/\/www.europesays.com\/fr\/518324\/"},"modified":"2025-11-07T13:22:09","modified_gmt":"2025-11-07T13:22:09","slug":"vanessa-dans-un-etat-alarmant-apres-11-jours-de-greve-de-la-faim-devant-le-rectorat","status":"publish","type":"post","link":"https:\/\/www.europesays.com\/fr\/518324\/","title":{"rendered":"Vanessa dans un \u00e9tat alarmant apr\u00e8s 11 jours de gr\u00e8ve de la faim devant le rectorat"},"content":{"rendered":"<p>            Par<br \/>\n        <strong><br \/>\n            <a href=\"https:\/\/actu.fr\/auteur\/thomas-blanc\" title=\"Consulter tous les articles de Thomas Blanc\" target=\"_blank\" rel=\"noopener\">Thomas Blanc<\/a><br \/>\n        <\/strong><\/p>\n<p>        Publi\u00e9 le<\/p>\n<p>            7 nov. 2025 \u00e0 13h36        <\/p>\n<p>Ce vendredi 7\u00a0novembre marque le 11e jour de <a href=\"https:\/\/actu.fr\/grand-est\/strasbourg_67482\/video-admise-sur-liste-d-attente-vanessa-entame-une-greve-de-la-faim-jusqu-a-obtenir-un-poste-d-enseignante_63371760.html\" target=\"_blank\" rel=\"noopener\">la gr\u00e8ve de la faim de Vanessa Koehler<\/a>, sur liste d\u2019attente pour obtenir <strong>un poste d\u2019enseignante<\/strong> dans <a href=\"https:\/\/actu.fr\/strasbourg\/\" target=\"_blank\" rel=\"noopener\">l\u2019acad\u00e9mie de Strasbourg<\/a>. La femme de 25\u00a0ans ne compte pas mettre fin \u00e0 son action <a href=\"https:\/\/actu.fr\/grand-est\/strasbourg_67482\/en-greve-de-la-faim-depuis-sept-jours-pour-un-emploi-vanessa-refuse-la-proposition-du-rectorat-de-strasbourg_63391900.html\" target=\"_blank\" rel=\"noopener\">tant qu\u2019elle n\u2019aura pas obtenu ce qu\u2019elle souhaite<\/a> pour elle et ses coll\u00e8gues, malgr\u00e9 <strong>un \u00e9tat de sant\u00e9 de plus en plus pr\u00e9occupant<\/strong>.<\/p>\n<p>Des probl\u00e8mes de sant\u00e9 naissants pour Vanessa Koehler en gr\u00e8ve de la faim<\/p>\n<p class=\" wall-content\">Le thermom\u00e8tre n\u2019indique <strong>que 4\u00b0C<\/strong> mais Vanessa Koehler est toujours l\u00e0, entour\u00e9e de plusieurs personnes venues <strong>lui t\u00e9moigner leur soutien<\/strong>. Elle est d\u00e9sormais assise dans un <strong>fauteuil roulant<\/strong> car son \u00e9tat de sant\u00e9 ne lui permet plus de rester debout mais sa d\u00e9termination n\u2019a pas faibli depuis le premier jour de sa gr\u00e8ve de la faim.<\/p>\n<blockquote class=\"tiktok-embed\" cite=\"https:\/\/www.tiktok.com\/@lorraine.actu\/video\/7569960751851408642\" data-video-id=\"7569960751851408642\" data-embed-from=\"oembed\" style=\"max-width:605px; min-width:325px;\"><p>\n<a target=\"_blank\" title=\"@lorraine.actu\" href=\"https:\/\/www.tiktok.com\/@lorraine.actu?refer=embed\" rel=\"noopener\">@lorraine.actu<\/a> <\/p>\n<p>Ce vendredi 7 novembre marque le 11e jour de la gr\u00e8ve de la faim de Vanessa Koehler, sur liste d\u2019attente pour obtenir un poste d\u2019enseignante dans l\u2019acad\u00e9mie de Strasbourg. La femme de 25 ans ne compte pas mettre fin \u00e0 son action tant qu\u2019elle n\u2019aura pas obtenu ce qu\u2019elle souhaite pour elle et ses coll\u00e8gues, malgr\u00e9 un \u00e9tat de sant\u00e9 de plus en plus pr\u00e9occupant. Des probl\u00e8mes de sant\u00e9 naissants pour Vanessa Koehler en gr\u00e8ve de la faim Le thermom\u00e8tre n\u2019indique que 4C\u00b0 mais Vanessa Koehler est toujours l\u00e0, entour\u00e9e de plusieurs personnes venues lui t\u00e9moigner leur soutien. Elle est d\u00e9sormais assise dans un fauteuil roulant car son \u00e9tat de sant\u00e9 ne lui permet plus de rester debout mais sa d\u00e9termination n\u2019a pas terni depuis le premier jour de sa gr\u00e8ve de la faim. \u00ab\u2009Ma m\u00e9decin commence \u00e0 r\u00e9ellement s\u2019inqui\u00e9ter. Mon corps me supplie d\u2019arr\u00eater mais ma motivation me pousse \u00e0 continuer\u2009\u00bb, explique Vanessa Koehler ce vendredi 7 novembre au matin. En effet, des analyses effectu\u00e9es le jeudi 6 novembre indiquent des probl\u00e8mes de reins pour la jeune femme. Des employ\u00e9s du rectorat aupr\u00e8s de la jeune gr\u00e9viste \u00ab\u2009Je soutiens Vanessa car elle est sinc\u00e8re dans sa d\u00e9marche et elle est passionn\u00e9e par son m\u00e9tier. Je la soutiens pour que \u00e7a aboutisse et qu\u2019elle ait un poste\u2009\u00bb, raconte \u00e0 Actu Strasbourg Ang\u00e9lique, standardiste au rectorat et venue, avec certains de ses coll\u00e8gues, apporter du r\u00e9confort \u00e0 la gr\u00e9viste qu\u2019elle c\u00f4toie tous les jours. Toutes les personnes qui sont l\u00e0, \u00e7a fait du bien. Je suis tr\u00e8s touch\u00e9e en voyant que je suis soutenue par les employ\u00e9s du rectorat, j\u2019ai envie de pleurer mais avec mon \u00e9tat, mes larmes ne coulent plus. M\u00eame quand mes parents m\u2019appellent le soir en pleurant je n\u2019arrive pas \u00e0 verser une larme avec eux. Vanessa Koehler Patrick, employ\u00e9 de la Drasi (un service du rectorat) est aussi \u00e9mu par Vanessa. \u00ab\u2009J\u2019ai une fille du m\u00eame \u00e2ge qui est aussi enseignante, si elle \u00e9tait dans cette situation je ferai tout pour l\u2019aider donc je soutiens inconditionnellement Vanessa\u2009\u00bb, t\u00e9moigne-t-il tout en adressant \u00e0 la Marseillaise d\u2019origine les mots suivants\u2009: \u00ab\u2009Dans le rectorat, vous \u00eates le c\u0153ur de nos discussions quotidiennes\u2009\u00bb, ce qui ne manque pas de l\u2019\u00e9mouvoir.  Des moments de bonheur suivis d\u2019instant plus sombres Juste apr\u00e8s la dispersion de ce rassemblement de 25 min, alors qu\u2019elle est encore en compagnie d\u2019un m\u00e9decin psychiatre et d\u2019un coll\u00e8gue professeur, la jeune femme a \u00e9t\u00e9 la victime d\u2019une agression. Un homme quittant le rectorat, mais ne semblant pas en \u00eatre un employ\u00e9, est venu \u00e0 elle, lui tenant des propos d\u00e9gradants. Il s\u2019est ensuite approch\u00e9 d\u2019elle, l\u2019a bouscul\u00e9 et d\u00e9chir\u00e9 sa pancarte. \u00ab\u2009Avec mon \u00e9tat de faiblesse, je n\u2019ai pas pu r\u00e9sister. J\u2019ai peur qu\u2019il revienne\u2009\u00bb, raconte Vanessa Koehler. Elle compte d\u00e9poser une main courante.<\/p>\n<p> <a target=\"_blank\" title=\"\u266c son original - PixTyWRLD\" href=\"https:\/\/www.tiktok.com\/music\/son-original-7255089065023130395?refer=embed\" rel=\"noopener\">\u266c son original \u2013 PixTyWRLD<\/a> <\/p>\n<\/blockquote>\n<p class=\" wall-content\">\u00ab\u2009Ma m\u00e9decin commence \u00e0<strong> r\u00e9ellement s\u2019inqui\u00e9ter<\/strong>. Mon corps me supplie d\u2019arr\u00eater mais ma motivation me<strong> pousse \u00e0 continuer<\/strong>\u2009\u00bb, explique Vanessa Koehler ce vendredi 7\u00a0novembre au matin.<\/p>\n<p class=\" wall-content\">En effet, des analyses effectu\u00e9es le jeudi 6\u00a0novembre indiquent des probl\u00e8mes de reins pour la jeune femme.<\/p>\n<p>Des employ\u00e9s du rectorat aupr\u00e8s de la jeune gr\u00e9viste<\/p>\n<p class=\" wall-content\">\u00ab\u2009Je soutiens Vanessa car elle est <strong>sinc\u00e8re dans sa d\u00e9marche<\/strong> et elle est passionn\u00e9e par son m\u00e9tier. Je la soutiens pour que \u00e7a aboutisse et qu\u2019elle ait un poste\u2009\u00bb, raconte \u00e0 Actu Strasbourg Ang\u00e9lique, standardiste au rectorat et venue, avec certains de ses coll\u00e8gues, apporter <strong>du r\u00e9confort \u00e0 la gr\u00e9viste<\/strong> qu\u2019elle c\u00f4toie tous les jours.<\/p>\n<blockquote class=\"ac-article-quote wall-content\">\n<p>Toutes les personnes qui sont l\u00e0, \u00e7a fait du bien. Je suis tr\u00e8s touch\u00e9e en voyant que je suis soutenue par les employ\u00e9s du rectorat, j&rsquo;ai envie de pleurer mais avec mon \u00e9tat, mes larmes ne coulent plus. M\u00eame quand mes parents m&rsquo;appellent le soir en pleurant je n&rsquo;arrive pas \u00e0 verser une larme avec eux. <\/p>\n<p>    <strong>Vanessa Koehler<\/strong>\n            <\/p><\/blockquote>\n<p>Votre r\u00e9gion, votre actu !<\/p>\n<p>Recevez chaque jour les infos qui comptent pour vous.<\/p>\n<p>\t<a href=\"https:\/\/actu.fr\/newsletter\" class=\"ac-btn ac-btn--corner ac-btn--medium ac-btn--blue800\" target=\"_blank\" rel=\"noopener\">S&rsquo;incrire<\/a><\/p>\n<p class=\" wall-content\">Patrick, employ\u00e9 de la Drasi (un service du rectorat) est aussi \u00e9mu par Vanessa. \u00ab<strong>\u2009J\u2019ai une fille du m\u00eame \u00e2ge<\/strong> qui est aussi enseignante, si elle \u00e9tait dans cette situation je ferai tout pour l\u2019aider donc <strong>je soutiens inconditionnellement<\/strong> Vanessa\u2009\u00bb, t\u00e9moigne-t-il tout en adressant \u00e0 la Marseillaise d\u2019origine les mots suivants\u2009: \u00ab\u2009Dans le rectorat, vous \u00eates <strong>le c\u0153ur de nos discussions quotidiennes<\/strong>\u2009\u00bb, ce qui ne manque pas de l\u2019\u00e9mouvoir.\u00a0<\/p>\n<p>Des moments de bonheur suivis d\u2019instants plus sombres<\/p>\n<p class=\" wall-content\">Juste apr\u00e8s la dispersion de ce rassemblement de 25 min, alors qu\u2019elle est encore en compagnie d\u2019un m\u00e9decin psychiatre et d\u2019un coll\u00e8gue professeur, la jeune femme a \u00e9t\u00e9<strong> la victime d\u2019une agression<\/strong>. Un homme quittant le rectorat, mais ne semblant pas en \u00eatre un employ\u00e9, est venu \u00e0 elle, lui tenant des <strong>propos d\u00e9gradants<\/strong>.<\/p>\n<p class=\" wall-content\">Il s\u2019est ensuite approch\u00e9 d\u2019elle, l\u2019a bouscul\u00e9e et d\u00e9chir\u00e9 sa pancarte. \u00ab\u2009Avec mon \u00e9tat de faiblesse, <strong>je n\u2019ai pas pu r\u00e9sister<\/strong>. J\u2019ai peur qu\u2019il revienne\u2009\u00bb, raconte Vanessa Koehler. Elle compte<strong> d\u00e9poser une main courante<\/strong>.<\/p>\n<p class=\" wall-content\">Personnalisez votre actualit\u00e9 en ajoutant vos villes et m\u00e9dias en favori avec <a href=\"https:\/\/moncompte.actu.fr\" title=\"D\u00e9couvez Mon Actu\" rel=\"nofollow noopener\" data-trk=\"{&quot;cta&quot;:{&quot;action&quot;:&quot;https:\\\/\\\/moncompte.actu.fr&quot;,&quot;category&quot;:&quot;mon compte&quot;,&quot;from&quot;:&quot;article footer&quot;,&quot;name&quot;:&quot;Mon actu&quot;,&quot;type&quot;:&quot;cta&quot;}}\" target=\"_blank\">Mon Actu<\/a>.<\/p>\n<p>                    <script async src=\"\/\/www.tiktok.com\/embed.js\"><\/script><\/p>\n","protected":false},"excerpt":{"rendered":"Par Thomas Blanc Publi\u00e9 le 7 nov. 2025 \u00e0 13h36 Ce vendredi 7\u00a0novembre marque le 11e jour de&hellip;\n","protected":false},"author":2,"featured_media":518325,"comment_status":"","ping_status":"","sticky":false,"template":"","format":"standard","meta":{"footnotes":""},"categories":[2820],"tags":[1111,11,1057,341,1777,674,1011,27,775,6151,12,25,104,640],"class_list":{"0":"post-518324","1":"post","2":"type-post","3":"status-publish","4":"format-standard","5":"has-post-thumbnail","7":"category-strasbourg","8":"tag-actu","9":"tag-actualites","10":"tag-education","11":"tag-emploi","12":"tag-eu","13":"tag-europe","14":"tag-fr","15":"tag-france","16":"tag-grand-est","17":"tag-greve","18":"tag-news","19":"tag-republique-francaise","20":"tag-societe","21":"tag-strasbourg"},"share_on_mastodon":{"url":"https:\/\/pubeurope.com\/@fr\/115508631798961058","error":""},"_links":{"self":[{"href":"https:\/\/www.europesays.com\/fr\/wp-json\/wp\/v2\/posts\/518324","targetHints":{"allow":["GET"]}}],"collection":[{"href":"https:\/\/www.europesays.com\/fr\/wp-json\/wp\/v2\/posts"}],"about":[{"href":"https:\/\/www.europesays.com\/fr\/wp-json\/wp\/v2\/types\/post"}],"author":[{"embeddable":true,"href":"https:\/\/www.europesays.com\/fr\/wp-json\/wp\/v2\/users\/2"}],"replies":[{"embeddable":true,"href":"https:\/\/www.europesays.com\/fr\/wp-json\/wp\/v2\/comments?post=518324"}],"version-history":[{"count":0,"href":"https:\/\/www.europesays.com\/fr\/wp-json\/wp\/v2\/posts\/518324\/revisions"}],"wp:featuredmedia":[{"embeddable":true,"href":"https:\/\/www.europesays.com\/fr\/wp-json\/wp\/v2\/media\/518325"}],"wp:attachment":[{"href":"https:\/\/www.europesays.com\/fr\/wp-json\/wp\/v2\/media?parent=518324"}],"wp:term":[{"taxonomy":"category","embeddable":true,"href":"https:\/\/www.europesays.com\/fr\/wp-json\/wp\/v2\/categories?post=518324"},{"taxonomy":"post_tag","embeddable":true,"href":"https:\/\/www.europesays.com\/fr\/wp-json\/wp\/v2\/tags?post=518324"}],"curies":[{"name":"wp","href":"https:\/\/api.w.org\/{rel}","templated":true}]}}