{"id":518328,"date":"2025-11-07T13:24:18","date_gmt":"2025-11-07T13:24:18","guid":{"rendered":"https:\/\/www.europesays.com\/fr\/518328\/"},"modified":"2025-11-07T13:24:18","modified_gmt":"2025-11-07T13:24:18","slug":"cecaz-nos-batiments-doivent-etre-a-la-hauteur-de-nos-engagements","status":"publish","type":"post","link":"https:\/\/www.europesays.com\/fr\/518328\/","title":{"rendered":"CECAZ : \u00ab Nos b\u00e2timents doivent \u00eatre \u00e0 la hauteur de nos engagements \u00bb"},"content":{"rendered":"<p>                    <img loading=\"lazy\" decoding=\"async\" src=\"https:\/\/www.europesays.com\/fr\/wp-content\/uploads\/2025\/11\/a2d5f1136018e888f9b72243b0f18d.jpg\" class=\"img-responsive post-image\" width=\"680\" height=\"510\" alt=\"CECAZ : \u00ab Nos b\u00e2timents\" title=\"CECAZ : \u00ab Nos b\u00e2timents doivent \u00eatre \u00e0 la hauteur de nos engagements \u00bb\"\/><\/p>\n<p class=\"chapo\">La Caisse d\u2019\u00c9pargne C\u00f4te d\u2019Azur va r\u00e9nover son si\u00e8ge historique dans le quartier de l\u2019Ar\u00e9nas \u00e0 Nice.<\/p>\n<p>Le pr\u00e9sident du directoire, Claude Valade, a expliqu\u00e9 mercredi 5 novembre, lors du <br class=\"texte\"\/><br \/>\nlancement officiel des travaux, pourquoi cette r\u00e9novation \u00e9tait \u00ab\u00a0n\u00e9cessaire\u00a0\u00bb. \u00ab\u00a0Nous sommes install\u00e9s ici depuis 1991 (\u2026) dans un b\u00e2timent qui a quelques lacunes sur le plan de la responsabilit\u00e9 sociale et environnementale. Et puis nous avons la conviction que nos b\u00e2timents doivent \u00eatre \u00e0 la hauteur de nos engagements. La performance \u00e9nerg\u00e9tique, la r\u00e9duction de l\u2019empreinte carbone et le confort accru de tous nos collaborateurs nous semblaient \u00eatre un marqueur assez important pour pouvoir lancer ce grand chantier\u00a0\u00bb, a d\u00e9clar\u00e9 M.\u00a0Valade. \u00ab\u00a0\u00a0On avait peut-\u00eatre imagin\u00e9 aller s\u2019installer ailleurs, construire quelque chose de nouveau ailleurs mais nous avons pris la d\u00e9cision contraire et volontairement nous avons d\u00e9cid\u00e9 de rester \u00e0 l\u2019Ar\u00e9nas, dans ce quartier en pleine \u00e9volution\u00a0\u00a0\u00bb, a-t-il ajout\u00e9. \u00ab\u00a0\u00a0Nous avons \u00e9t\u00e9 parmi les premiers \u00e0 croire en ce quartier d\u2019affaires en y installant notre si\u00e8ge. Aujourd\u2019hui l\u2019Ar\u00e9nas est en train de conna\u00eetre une nouvelle transformation et nous restons fid\u00e8le \u00e0 ce lieu\u00a0\u00bb, a abond\u00e9<strong> Fran\u00e7oise Lemalle<\/strong>, pr\u00e9sidente du conseil d\u2019orientation et de surveillance.<\/p>\n<p>Rudy Ricciotti Architecture<\/p>\n<p>L\u2019architecte choisi pour mener \u00e0 bien cette transformation, <strong>Rudy Ricciotti,<\/strong> a insist\u00e9 sur le fait qu\u2019il portait le projet le moins cher. \u00ab\u00a0\u00a0On n\u2019a pas foutu votre pognon en l\u2019air\u00a0! \u00a0\u00bb, a-t-il lanc\u00e9 \u00e0 l\u2019attention de Claude Valade, fid\u00e8le \u00e0 sa r\u00e9putation de gouailleur. Les travaux ont commenc\u00e9 il y a quelques jours, \u00e0 l\u2019int\u00e9rieur du b\u00e2timent, avec \u00ab\u00a0des d\u00e9poses soign\u00e9es\u00a0\u00bb, a indiqu\u00e9 <strong>Christophe Kayse<\/strong>r, chef de projet. Le chantier doit se terminer fin 2027. \u00ab\u00a0On a un planning assez contraint puisque la Caisse d\u2019\u00c9pargne a relog\u00e9 500 de ses collaborateurs, il y a des loyers \u00e0 payer tous les mois et il faut qu\u2019on arrive \u00e0 optimiser ce planning pour qu\u2019en deux ans les collaborateurs puissent retrouver leur place dans le b\u00e2timent historique\u00a0\u00a0\u00bb, a d\u00e9velopp\u00e9 M.\u00a0Kayser.<\/p>\n<p>La transformation du si\u00e8ge de la banque coop\u00e9rative doit permettre une r\u00e9duction de la consommation \u00e9nerg\u00e9tique de 40\u00a0% d\u2019ici 2030 et de 50\u00a0% d\u2019ici 2040.<\/p>\n<p> <a href=\"https:\/\/www.europesays.com\/fr\/wp-content\/uploads\/2025\/11\/visuel_panneau.png\" class=\"spip_doc_lien mediabox\" type=\"image\/png\"><br \/>\n\t\t<img loading=\"lazy\" decoding=\"async\" src=\"https:\/\/www.europesays.com\/fr\/wp-content\/uploads\/2025\/11\/visuel_panneau.png\" width=\"1023\" height=\"613\" alt=\"\"\/><\/a><\/p>\n<p>\u00a9Rudy Riccioti Architecture<\/p>\n","protected":false},"excerpt":{"rendered":"La Caisse d\u2019\u00c9pargne C\u00f4te d\u2019Azur va r\u00e9nover son si\u00e8ge historique dans le quartier de l\u2019Ar\u00e9nas \u00e0 Nice. Le&hellip;\n","protected":false},"author":2,"featured_media":518329,"comment_status":"","ping_status":"","sticky":false,"template":"","format":"standard","meta":{"footnotes":""},"categories":[2819],"tags":[1111,11,2408,1777,674,1011,27,12,2401,882,25],"class_list":{"0":"post-518328","1":"post","2":"type-post","3":"status-publish","4":"format-standard","5":"has-post-thumbnail","7":"category-nice","8":"tag-actu","9":"tag-actualites","10":"tag-appels-d","11":"tag-eu","12":"tag-europe","13":"tag-fr","14":"tag-france","15":"tag-news","16":"tag-nice","17":"tag-provence-alpes-cote-dazur","18":"tag-republique-francaise"},"share_on_mastodon":{"url":"https:\/\/pubeurope.com\/@fr\/115508640689437746","error":""},"_links":{"self":[{"href":"https:\/\/www.europesays.com\/fr\/wp-json\/wp\/v2\/posts\/518328","targetHints":{"allow":["GET"]}}],"collection":[{"href":"https:\/\/www.europesays.com\/fr\/wp-json\/wp\/v2\/posts"}],"about":[{"href":"https:\/\/www.europesays.com\/fr\/wp-json\/wp\/v2\/types\/post"}],"author":[{"embeddable":true,"href":"https:\/\/www.europesays.com\/fr\/wp-json\/wp\/v2\/users\/2"}],"replies":[{"embeddable":true,"href":"https:\/\/www.europesays.com\/fr\/wp-json\/wp\/v2\/comments?post=518328"}],"version-history":[{"count":0,"href":"https:\/\/www.europesays.com\/fr\/wp-json\/wp\/v2\/posts\/518328\/revisions"}],"wp:featuredmedia":[{"embeddable":true,"href":"https:\/\/www.europesays.com\/fr\/wp-json\/wp\/v2\/media\/518329"}],"wp:attachment":[{"href":"https:\/\/www.europesays.com\/fr\/wp-json\/wp\/v2\/media?parent=518328"}],"wp:term":[{"taxonomy":"category","embeddable":true,"href":"https:\/\/www.europesays.com\/fr\/wp-json\/wp\/v2\/categories?post=518328"},{"taxonomy":"post_tag","embeddable":true,"href":"https:\/\/www.europesays.com\/fr\/wp-json\/wp\/v2\/tags?post=518328"}],"curies":[{"name":"wp","href":"https:\/\/api.w.org\/{rel}","templated":true}]}}