{"id":518332,"date":"2025-11-07T13:26:43","date_gmt":"2025-11-07T13:26:43","guid":{"rendered":"https:\/\/www.europesays.com\/fr\/518332\/"},"modified":"2025-11-07T13:26:43","modified_gmt":"2025-11-07T13:26:43","slug":"apres-cinq-ans-dopposition-les-ecolos-rallient-le-ps","status":"publish","type":"post","link":"https:\/\/www.europesays.com\/fr\/518332\/","title":{"rendered":"apr\u00e8s cinq ans d\u2019opposition les \u00e9colos rallient le PS"},"content":{"rendered":"<p>Il l\u2019a annonc\u00e9 d\u2019embl\u00e9e. Ces \u00e9lections municipales seront son dernier tour de piste et il quittera le cirque politique herblinois\u2026 en 2032. \u00ab\u202fJ\u2019ai indiqu\u00e9 il y a maintenant plus d\u2019un an que j\u2019\u00e9tais candidat pour un troisi\u00e8me mandat. Ce sera le dernier\u202f\u00bb, assure de sa voix de stentor Bertrand Affil\u00e9 le 15 octobre, devant une poign\u00e9e de journalistes. \u00ab\u202f\u00c0 un moment, il faut l\u00e2cher l\u2019affaire, mais c\u2019est important aussi de pr\u00e9parer la rel\u00e8ve\u202f\u00bb, poursuit le maire de Saint\u2010Herblain, qui vient de f\u00eater ses 60\u00a0ans.<\/p>\n<p>Dr\u00f4le de pr\u00e9ambule qui ressemble plut\u00f4t \u00e0 une justification. Ce mercredi d\u2019octobre dans le cadre champ\u00eatre de la Long\u00e8re de la B\u00e9graisi\u00e8re, l\u2019\u00e9dile socialiste \u00e0 la carrure de rugbyman est venu officialiser la nouvelle alliance de la gauche herblinoise face \u00e0 la presse. Pour les \u00e9lections municipales des 15 et 22 mars 2026, elle sera compos\u00e9e de la majorit\u00e9 sortante \u2013 PS, PCF, L\u2019Apr\u00e8s, GDS, PRG \u2013 et du groupe d\u2019opposition\u2026 de gauche, Saint\u2010Herblain en commun (SHEC), qui r\u00e9unit \u00e9cologistes et r\u00e9gionalistes bretons de l\u2019UDB. Mais sans\u00a0LFI.\u00a0<\/p>\n<p>Nous vous offrons l\u2019acc\u00e8s \u00e0 cet article<\/p>\n<p>Et \u00e0 toutes nos enqu\u00eates pendant deux jours\u00a0\u00a0! <br \/>Oui, on est g\u00e9n\u00e9reux \ud83d\ude09 Mais pensez aussi \u00e0 <a href=\"https:\/\/www.mediacites.fr\/sabonner\/\" target=\"_blank\" style=\"color:#fff\" rel=\"noopener\">vous abonner<\/a>\u00a0\u00a0!<\/p>\n<p>\t\tEn renseignant votre adresse, vous acceptez nos <a href=\"https:\/\/www.mediacites.fr\/conditions-generales-d-utilisation\/\" target=\"_blank\" rel=\"noopener\">conditions g\u00e9n\u00e9rales d\u2019utilisation<\/a>. <br \/>Mediacit\u00e9s s\u2019engage \u00e0 ne pas c\u00e9der votre adresse \u00e0 des tiers. En cas d\u2019\u00e9chec, \u00e9crivez \u00e0 <a href=\"https:\/\/www.mediacites.fr\/enquete\/nantes\/2025\/11\/06\/saint%E2%80%90herblain-apres-cinq-ans-dopposition-les-ecolos-rallient-le-ps-pour-les-municipales\/mailto:contact@mediacites.fr\" target=\"_blank\" rel=\"noopener\">contact@mediacites.fr<\/a><\/p>\n<ul>\n<li>J\u2019acc\u00e8de aux 4 \u00e9ditions de Mediacit\u00e9s (Lille, Lyon, Nantes et Toulouse)<\/li>\n<li>Je d\u00e9couvre un m\u00e9dia 100 % ind\u00e9pendant, avec 0 % de publicit\u00e9<\/li>\n<\/ul>\n<p>Envie de lire la\u00a0suite\u202f?<\/p>\n<p>Depuis neuf ans, Mediacit\u00e9s enqu\u00eate en toute ind\u00e9pendance dans votre ville. Gr\u00e2ce \u00e0 ses lecteurs\u202f! Abonnez\u2010vous pour ne rien manquer de nos enqu\u00eates, suivre les \u00e9lections municipales et soutenir un journal local d\u2019investigation.<\/p>\n<ul>\n<li>Acc\u00e8s aux 4 \u00e9ditions de Mediacit\u00e9s (Lille, Lyon, Nantes et Toulouse)<\/li>\n<li>100 % ind\u00e9pendant, avec 0 % de publicit\u00e9<\/li>\n<li>R\u00e9siliation facile \u00e0 tout moment<\/li>\n<\/ul>\n<p>Mediacit\u00e9s offre l\u2019acc\u00e8s \u00e0 cet article aux lecteurs de News2Com<\/p>\n<p>Et \u00e0 toutes nos enqu\u00eates pendant deux jours\u00a0\u00a0! <br \/>Oui, on est g\u00e9n\u00e9reux \ud83d\ude09 Mais pensez aussi \u00e0 <a href=\"https:\/\/www.mediacites.fr\/sabonner\/\" target=\"_blank\" style=\"color:#fff\" rel=\"noopener\">vous abonner<\/a>\u00a0\u00a0!<\/p>\n<p>\t\tEn renseignant votre adresse, vous acceptez nos <a href=\"https:\/\/www.mediacites.fr\/conditions-generales-d-utilisation\/\" target=\"_blank\" rel=\"noopener\">conditions g\u00e9n\u00e9rales d\u2019utilisation<\/a>. <br \/>Mediacit\u00e9s s\u2019engage \u00e0 ne pas c\u00e9der votre adresse \u00e0 des tiers. En cas d\u2019\u00e9chec, \u00e9crivez \u00e0 <a href=\"https:\/\/www.mediacites.fr\/enquete\/nantes\/2025\/11\/06\/saint%E2%80%90herblain-apres-cinq-ans-dopposition-les-ecolos-rallient-le-ps-pour-les-municipales\/mailto:contact@mediacites.fr\" target=\"_blank\" rel=\"noopener\">contact@mediacites.fr<\/a><\/p>\n<ul>\n<li>J\u2019acc\u00e8de aux 4 \u00e9ditions de Mediacit\u00e9s (Lille, Lyon, Nantes et Toulouse)<\/li>\n<li>Je d\u00e9couvre un m\u00e9dia 100 % ind\u00e9pendant, avec 0 % de publicit\u00e9<\/li>\n<\/ul>\n","protected":false},"excerpt":{"rendered":"Il l\u2019a annonc\u00e9 d\u2019embl\u00e9e. Ces \u00e9lections municipales seront son dernier tour de piste et il quittera le cirque&hellip;\n","protected":false},"author":2,"featured_media":518333,"comment_status":"","ping_status":"","sticky":false,"template":"","format":"standard","meta":{"footnotes":""},"categories":[2818],"tags":[1111,11,63861,63862,57548,2339,1067,1777,674,1011,27,6947,6945,780,36468,63863,3434,766,12,2636,429,25,4286,63864,63865,428],"class_list":{"0":"post-518332","1":"post","2":"type-post","3":"status-publish","4":"format-standard","5":"has-post-thumbnail","7":"category-nantes","8":"tag-actu","9":"tag-actualites","10":"tag-artificialisation","11":"tag-bastion","12":"tag-bertrand-affile","13":"tag-ecologistes","14":"tag-enquete","15":"tag-eu","16":"tag-europe","17":"tag-fr","18":"tag-france","19":"tag-jean-marc-ayrault","20":"tag-johanna-rolland","21":"tag-lfi","22":"tag-lrem","23":"tag-matthieu-annereau","24":"tag-municipales-2026","25":"tag-nantes","26":"tag-news","27":"tag-pays-de-la-loire","28":"tag-ps","29":"tag-republique-francaise","30":"tag-saint-herblain","31":"tag-segolene-amiot","32":"tag-shec","33":"tag-ump"},"share_on_mastodon":{"url":"https:\/\/pubeurope.com\/@fr\/115508647327752899","error":""},"_links":{"self":[{"href":"https:\/\/www.europesays.com\/fr\/wp-json\/wp\/v2\/posts\/518332","targetHints":{"allow":["GET"]}}],"collection":[{"href":"https:\/\/www.europesays.com\/fr\/wp-json\/wp\/v2\/posts"}],"about":[{"href":"https:\/\/www.europesays.com\/fr\/wp-json\/wp\/v2\/types\/post"}],"author":[{"embeddable":true,"href":"https:\/\/www.europesays.com\/fr\/wp-json\/wp\/v2\/users\/2"}],"replies":[{"embeddable":true,"href":"https:\/\/www.europesays.com\/fr\/wp-json\/wp\/v2\/comments?post=518332"}],"version-history":[{"count":0,"href":"https:\/\/www.europesays.com\/fr\/wp-json\/wp\/v2\/posts\/518332\/revisions"}],"wp:featuredmedia":[{"embeddable":true,"href":"https:\/\/www.europesays.com\/fr\/wp-json\/wp\/v2\/media\/518333"}],"wp:attachment":[{"href":"https:\/\/www.europesays.com\/fr\/wp-json\/wp\/v2\/media?parent=518332"}],"wp:term":[{"taxonomy":"category","embeddable":true,"href":"https:\/\/www.europesays.com\/fr\/wp-json\/wp\/v2\/categories?post=518332"},{"taxonomy":"post_tag","embeddable":true,"href":"https:\/\/www.europesays.com\/fr\/wp-json\/wp\/v2\/tags?post=518332"}],"curies":[{"name":"wp","href":"https:\/\/api.w.org\/{rel}","templated":true}]}}