{"id":518334,"date":"2025-11-07T13:27:14","date_gmt":"2025-11-07T13:27:14","guid":{"rendered":"https:\/\/www.europesays.com\/fr\/518334\/"},"modified":"2025-11-07T13:27:14","modified_gmt":"2025-11-07T13:27:14","slug":"francois-de-rugy-accuse-johanna-rolland-davoir-laisse-deriver-les-problemes-dinsecurite-et-dimmigration","status":"publish","type":"post","link":"https:\/\/www.europesays.com\/fr\/518334\/","title":{"rendered":"Fran\u00e7ois de\u00a0Rugy accuse Johanna Rolland d\u2019avoir \u00ablaiss\u00e9 d\u00e9river les probl\u00e8mes d\u2019ins\u00e9curit\u00e9 et d\u2019immigration\u00bb"},"content":{"rendered":"<p>\n    L\u2019ancien pr\u00e9sident de l\u2019Assembl\u00e9e nationale a d\u00e9nonc\u00e9 jeudi le plan d\u2019accueil \u00abinconditionnel\u00bb de r\u00e9fugi\u00e9s sur lequel se sont accord\u00e9s la maire socialiste et ses alli\u00e9s \u00e9cologistes, ainsi que leur volont\u00e9 d\u2019augmenter la part de logements sociaux dans la ville.<\/p>\n<p class=\"fig-paragraph\">Une descente en r\u00e8gle de la politique men\u00e9e &#8211; et de celle qui s\u2019annonce. L\u2019ancien pr\u00e9sident de l\u2019Assembl\u00e9e nationale\u00a0<a href=\"http:\/\/www.lefigaro.fr\/politique\/l-ancien-ministre-francois-de-rugy-rejoint-christelle-morancais-a-l-executif-de-la-region-pays-de-la-loire-20250319\" target=\"_blank\" data-fig-type=\"Article\" rel=\"noopener\" data-gtm-custom-categorie=\"navigation\" data-gtm-custom-action=\"crossclick\" data-gtm-custom-label=\"Contextuel\" data-gtm-event=\"customEventSPE\" data-fig-domain=\"LEFIGARO\">Fran\u00e7ois de\u00a0Rugy<\/a>\u00a0(Renaissance), a d\u00e9nonc\u00e9, jeudi, le bilan de la maire socialiste de Nantes,\u00a0<a href=\"http:\/\/www.lefigaro.fr\/nantes\/nantes-la-droite-vent-debout-contre-la-decision-de-johanna-rolland-de-hisser-le-drapeau-palestinien-au-fronton-de-la-mairie-20250918\" target=\"_blank\" data-fig-type=\"NewsFlash\" rel=\"noopener\" data-gtm-custom-categorie=\"navigation\" data-gtm-custom-action=\"crossclick\" data-gtm-custom-label=\"Contextuel\" data-gtm-event=\"customEventSPE\" data-fig-domain=\"LEFIGARO\">Johanna Rolland<\/a>, et de ses alli\u00e9s \u00e9cologistes. \u00abIls ont laiss\u00e9 d\u00e9river. D\u00e9river\u00a0<a href=\"http:\/\/www.lefigaro.fr\/nantes\/insecurite-a-nantes-la-maire-socialiste-veut-recoudre-la-republique-20250407\" target=\"_blank\" data-fig-type=\"NewsFlash\" rel=\"noopener\" data-gtm-custom-categorie=\"navigation\" data-gtm-custom-action=\"crossclick\" data-gtm-custom-label=\"Contextuel\" data-gtm-event=\"customEventSPE\" data-fig-domain=\"LEFIGARO\">les probl\u00e8mes de s\u00e9curit\u00e9<\/a> . D\u00e9river compl\u00e8tement la question de l\u2019immigration\u00bb, s\u2019est indign\u00e9, sur le plateau de T\u00e9l\u00e9nantes, l\u2019ancien ministre d\u00e9sormais vice-pr\u00e9sident en charge de l\u2019Europe, au conseil r\u00e9gional des Pays de la Loire.<\/p>\n<p class=\"fig-paragraph\">Proche alli\u00e9 de la pr\u00e9sidente de r\u00e9gion,\u00a0<a href=\"http:\/\/www.lefigaro.fr\/politique\/elle-peut-etre-un-element-federateur-christelle-morancais-futur-agent-de-liaison-entre-bruno-retailleau-et-edouard-philippe-20250606\" target=\"_blank\" data-fig-type=\"Article\" rel=\"noopener\" data-gtm-custom-categorie=\"navigation\" data-gtm-custom-action=\"crossclick\" data-gtm-custom-label=\"Contextuel\" data-gtm-event=\"customEventSPE\" data-fig-domain=\"LEFIGARO\">Christelle Moran\u00e7ais<\/a>\u00a0(Horizons), Fran\u00e7ois de\u00a0Rugy s\u2019est \u00e9galement catastroph\u00e9 de l\u2019objectif annonc\u00e9 d\u2019atteindre 40% de logements sociaux pour les chantiers \u00e0 venir &#8211; contre 29% aujourd\u2019hui. Il s\u2019est aussi alarm\u00e9 du plan de transformation de Nantes en \u00abville refuge\u00bb, avec un accueil \u00e9largi et \u00abinconditionnel\u00bb des exil\u00e9s et des sans-papiers. Une promesse qui devrait se concr\u00e9tiser notamment par le doublement des places d\u2019h\u00e9bergement ouvertes sans condition.<\/p>\n<p>                                    <a class=\"fig-a11y-skip a11y-hidden\" href=\"#fig-a11y-skip-main-inarticle\"><br \/>\n        Passer la publicit\u00e9<br \/>\n    <\/a><\/p>\n<p>\u00abOn est en train de construire les ghettos de demain\u00bb<\/p>\n<p class=\"fig-paragraph\">\u00abIls veulent accueillir tout le monde, sans limite, alors qu\u2019il y a d\u00e9j\u00e0 des probl\u00e8mes d\u2019h\u00e9bergement et que nous avons des bidonvilles\u00bb, a poursuivi Fran\u00e7ois de\u00a0Rugy, en rappelant l\u2019intransigeance de l\u2019ancien maire de Nantes,\u00a0<a href=\"http:\/\/www.lefigaro.fr\/flash-actu\/jean-marc-ayrault-elu-president-de-la-fondation-jean-jaures-20221115\" target=\"_blank\" data-fig-type=\"NewsFlash\" rel=\"noopener\" data-gtm-custom-categorie=\"navigation\" data-gtm-custom-action=\"crossclick\" data-gtm-custom-label=\"Contextuel\" data-gtm-event=\"customEventSPE\" data-fig-domain=\"LEFIGARO\">Jean-Marc Ayrault<\/a>, face aux premi\u00e8res installations de\u00a0<a href=\"http:\/\/www.lefigaro.fr\/nantes\/nantes-des-habitants-remontes-contre-l-installation-en-catimini-d-un-camp-de-roms-au-bout-de-leurs-jardins-20250813\" data-fig-type=\"NewsFlash\" data-gtm-custom-categorie=\"navigation\" data-gtm-custom-action=\"crossclick\" data-gtm-custom-label=\"Contextuel\" data-gtm-event=\"customEventSPE\" data-fig-domain=\"LEFIGARO\" target=\"_blank\" rel=\"noopener\">camps de Roms<\/a>\u00a0aux portes de la ville, au d\u00e9but des ann\u00e9es 2000. \u00abIl disait qu\u2019il faut tenir bon, et ne surtout pas les laisser s\u2019installer. Or, maintenant, on a des bidonvilles \u00e0 tous les coins de rue de l\u2019agglom\u00e9ration nantaise\u00bb, a regrett\u00e9 l\u2019\u00e9lu r\u00e9gional. Avant d\u2019ajouter\u00a0: \u00abOn est en train de construire les ghettos de demain\u00bb.<\/p>\n<p class=\"fig-body-link\">\n            \u00c0 lire aussi<br \/>\n        <a class=\"fig-body-link__link\" href=\"http:\/\/www.lefigaro.fr\/nantes\/nantes-la-delicate-installation-du-local-de-retention-administrative-lieu-de-transit-des-individus-sous-oqtf-20251106\" target=\"_blank\" data-fig-type=\"NewsFlash\" rel=\"noopener\" data-gtm-custom-categorie=\"navigation\" data-gtm-custom-action=\"crossclick\" data-gtm-custom-label=\"Contextuel\" data-gtm-event=\"customEventSPE\" data-fig-domain=\"LEFIGARO\"><\/p>\n<p>        Nantes\u00a0: la d\u00e9licate installation du local de r\u00e9tention administrative, lieu de transit des individus sous OQTF<br \/>\n    <\/a>\n<\/p>\n<p class=\"fig-paragraph\">Quelque 60 camps irr\u00e9guliers entourent aujourd\u2019hui l\u2019agglom\u00e9ration nantaise.<a href=\"https:\/\/www.lefigaro.fr\/actualite-france\/main-d-oeuvre-debrouille-et-larcins-au-coeur-des-56-bidonvilles-du-pays-nantais-20230523\" target=\"_blank\" data-fig-type=\"Article\" rel=\"noopener\" data-gtm-custom-categorie=\"navigation\" data-gtm-custom-action=\"crossclick\" data-gtm-custom-label=\"Contextuel\" data-gtm-event=\"customEventSPE\" data-fig-domain=\"LEFIGARO\">\u00a0Le plus important bidonville de France m\u00e9tropolitaine<\/a>\u00a0se trouve aux portes de la cit\u00e9 des ducs, sur le site dit de la Prairie de Mauves, et concentre entre 700 et 1000 habitants. Un\u00a0<a href=\"http:\/\/www.lefigaro.fr\/nantes\/nantes-a-peine-entame-le-demantelement-d-un-des-plus-grands-bidonvilles-de-france-prend-du-retard-20241205\" target=\"_blank\" data-fig-type=\"NewsFlash\" rel=\"noopener\" data-gtm-custom-categorie=\"navigation\" data-gtm-custom-action=\"crossclick\" data-gtm-custom-label=\"Contextuel\" data-gtm-event=\"customEventSPE\" data-fig-domain=\"LEFIGARO\">projet de d\u00e9mant\u00e8lement<\/a>\u00a0chiffr\u00e9 \u00e0 80 millions d\u2019euros est en cours de pr\u00e9paration et, d\u2019ici 2031, un \u00abp\u00f4le d\u2019\u00e9cologie urbaine\u00bb devrait \u00e9clore en lieu et place des habitats pr\u00e9caires.<\/p>\n<p class=\"fig-paragraph\">Maire de la sixi\u00e8me ville de France depuis 2014, Johanna Rolland a confirm\u00e9 au d\u00e9but de l\u2019automne viser un troisi\u00e8me mandat. L\u2019\u00e9dile\u00a0<a href=\"http:\/\/www.lefigaro.fr\/nantes\/municipales-a-nantes-socialistes-et-ecologistes-s-allient-contre-la-droite-et-face-aux-insoumis-20251016\" target=\"_blank\" data-fig-type=\"NewsFlash\" rel=\"noopener\" data-gtm-custom-categorie=\"navigation\" data-gtm-custom-action=\"crossclick\" data-gtm-custom-label=\"Contextuel\" data-gtm-event=\"customEventSPE\" data-fig-domain=\"LEFIGARO\">fera liste commune avec les \u00e9cologistes locaux<\/a>, d\u00e8s le premier tour des \u00e9lections municipales des 15 et 22 mars. Elle fera face, sur sa gauche, \u00e0\u00a0<a href=\"http:\/\/www.lefigaro.fr\/nantes\/municipales-a-nantes-les-insoumis-retrouvent-un-etat-major-20251008\" target=\"_blank\" data-fig-type=\"NewsFlash\" rel=\"noopener\" data-gtm-custom-categorie=\"navigation\" data-gtm-custom-action=\"crossclick\" data-gtm-custom-label=\"Contextuel\" data-gtm-event=\"customEventSPE\" data-fig-domain=\"LEFIGARO\">une liste men\u00e9e par La France insoumise<\/a>, et sur sa droite, \u00e0 la campagne\u00a0<a href=\"http:\/\/www.lefigaro.fr\/nantes\/qui-est-foulques-chombart-de-lauwe-nouveau-champion-de-la-droite-a-nantes-20250901\" target=\"_blank\" data-fig-type=\"NewsFlash\" rel=\"noopener\" data-gtm-custom-categorie=\"navigation\" data-gtm-custom-action=\"crossclick\" data-gtm-custom-label=\"Contextuel\" data-gtm-event=\"customEventSPE\" data-fig-domain=\"LEFIGARO\">du nouveau champion des R\u00e9publicains \u00e0 Nantes, Foulques Chombart\u00a0de\u00a0Lauwe<\/a>, cens\u00e9 conclure cet automne une union avec les centristes locaux. Une candidature\u00a0<a href=\"http:\/\/www.lefigaro.fr\/nantes\/meetings-mouvementes-et-menaces-de-mort-le-rn-sous-pression-a-nantes-et-saint-nazaire-20251027\" target=\"_blank\" data-fig-type=\"NewsFlash\" rel=\"noopener\" data-gtm-custom-categorie=\"navigation\" data-gtm-custom-action=\"crossclick\" data-gtm-custom-label=\"Contextuel\" data-gtm-event=\"customEventSPE\" data-fig-domain=\"LEFIGARO\">du Rassemblement national<\/a>, centr\u00e9e sur \u00able redressement de la s\u00e9curit\u00e9\u00bb \u00e0 Nantes, est \u00e9galement sur la ligne de d\u00e9part.<\/p>\n","protected":false},"excerpt":{"rendered":"L\u2019ancien pr\u00e9sident de l\u2019Assembl\u00e9e nationale a d\u00e9nonc\u00e9 jeudi le plan d\u2019accueil \u00abinconditionnel\u00bb de r\u00e9fugi\u00e9s sur lequel se sont&hellip;\n","protected":false},"author":2,"featured_media":518335,"comment_status":"","ping_status":"","sticky":false,"template":"","format":"standard","meta":{"footnotes":""},"categories":[2818],"tags":[1111,11,1777,674,1011,27,6945,766,12,2636,25],"class_list":{"0":"post-518334","1":"post","2":"type-post","3":"status-publish","4":"format-standard","5":"has-post-thumbnail","7":"category-nantes","8":"tag-actu","9":"tag-actualites","10":"tag-eu","11":"tag-europe","12":"tag-fr","13":"tag-france","14":"tag-johanna-rolland","15":"tag-nantes","16":"tag-news","17":"tag-pays-de-la-loire","18":"tag-republique-francaise"},"share_on_mastodon":{"url":"https:\/\/pubeurope.com\/@fr\/115508651357629350","error":""},"_links":{"self":[{"href":"https:\/\/www.europesays.com\/fr\/wp-json\/wp\/v2\/posts\/518334","targetHints":{"allow":["GET"]}}],"collection":[{"href":"https:\/\/www.europesays.com\/fr\/wp-json\/wp\/v2\/posts"}],"about":[{"href":"https:\/\/www.europesays.com\/fr\/wp-json\/wp\/v2\/types\/post"}],"author":[{"embeddable":true,"href":"https:\/\/www.europesays.com\/fr\/wp-json\/wp\/v2\/users\/2"}],"replies":[{"embeddable":true,"href":"https:\/\/www.europesays.com\/fr\/wp-json\/wp\/v2\/comments?post=518334"}],"version-history":[{"count":0,"href":"https:\/\/www.europesays.com\/fr\/wp-json\/wp\/v2\/posts\/518334\/revisions"}],"wp:featuredmedia":[{"embeddable":true,"href":"https:\/\/www.europesays.com\/fr\/wp-json\/wp\/v2\/media\/518335"}],"wp:attachment":[{"href":"https:\/\/www.europesays.com\/fr\/wp-json\/wp\/v2\/media?parent=518334"}],"wp:term":[{"taxonomy":"category","embeddable":true,"href":"https:\/\/www.europesays.com\/fr\/wp-json\/wp\/v2\/categories?post=518334"},{"taxonomy":"post_tag","embeddable":true,"href":"https:\/\/www.europesays.com\/fr\/wp-json\/wp\/v2\/tags?post=518334"}],"curies":[{"name":"wp","href":"https:\/\/api.w.org\/{rel}","templated":true}]}}