{"id":518340,"date":"2025-11-07T13:30:23","date_gmt":"2025-11-07T13:30:23","guid":{"rendered":"https:\/\/www.europesays.com\/fr\/518340\/"},"modified":"2025-11-07T13:30:23","modified_gmt":"2025-11-07T13:30:23","slug":"toulouse-a-vecu-lune-des-pires-journees-de-lannee","status":"publish","type":"post","link":"https:\/\/www.europesays.com\/fr\/518340\/","title":{"rendered":"Toulouse a v\u00e9cu l&rsquo;une des pires journ\u00e9es de l&rsquo;ann\u00e9e"},"content":{"rendered":"<p>            Par<br \/>\n        <strong><br \/>\n            <a href=\"https:\/\/actu.fr\/auteur\/david-saint-sernin\" title=\"Consulter tous les articles de David Saint-Sernin\" target=\"_blank\" rel=\"noopener\">David Saint-Sernin<\/a><br \/>\n        <\/strong><\/p>\n<p>        Publi\u00e9 le<\/p>\n<p>            7 nov. 2025 \u00e0 13h37        <\/p>\n<p>Jeudi 6 novembre 2025, <a href=\"https:\/\/actu.fr\/toulouse\/\" target=\"_blank\" rel=\"noopener\">Toulouse<\/a> a v\u00e9cu l\u2019une des pires journ\u00e9es de l\u2019ann\u00e9e 2025 sur les routes. Il a suffi d\u2019une journ\u00e9e pluvieuse, tomb\u00e9e<a href=\"https:\/\/actu.fr\/occitanie\/toulouse_31555\/bouchons-a-toulouse-voici-le-pire-moment-de-la-semaine-pour-circuler-selon-tomtom_60549377.html\" target=\"_blank\" rel=\"noopener\"> le jour de la semaine qui est<\/a> <a href=\"https:\/\/actu.fr\/occitanie\/toulouse_31555\/bouchons-a-toulouse-voici-le-pire-moment-de-la-semaine-pour-circuler-selon-tomtom_60549377.html\" target=\"_blank\" rel=\"noopener\">traditionnellement<\/a> le plus circul\u00e9, pour qu\u2019une<strong> pagaille g\u00e9n\u00e9ralis\u00e9e<\/strong> conduise \u00e0 la <strong>quasi-paralysie<\/strong> d\u2019une grande partie de l\u2019agglom\u00e9ration.<br \/>Jeudi, une grande partie de la journ\u00e9e, ce n\u2019\u00e9tait pas la peine de chercher le petit raccourci qui faisait gagner du temps. Ni la technologie, ni l\u2019exp\u00e9rience des routes toulousaines n\u2019\u00e9taient d\u2019un grand secours. La porte de salut n\u2019existait point.<\/p>\n<p>Un niveau de congestion sup\u00e9rieur\u00a0<\/p>\n<p class=\" wall-content\">Les statistiques de Tom Tom le d\u00e9montrent bien ce vendredi. Lors de ce jeudi noir, la congestion a \u00e9t\u00e9 largement sup\u00e9rieure \u00e0 ce que l\u2019on peut conna\u00eetre habituellement (c\u2019est dire\u2026) sur les routes toulousaines.<\/p>\n<p class=\" wall-content\">Le niveau de congestion est mont\u00e9 \u00e0 167% le matin \u00e0 l\u2019heure de pointe et \u00e0 136% l\u2019apr\u00e8s-midi, sur les coups de 18h.<\/p>\n<p>    <img   decoding=\"async\" loading=\"lazy\" src=\"https:\/\/www.europesays.com\/fr\/wp-content\/uploads\/2025\/11\/capture-decran-2025-11-07-121903-960x466.png\" alt=\"La courbe de congestion de ces derniers jours le montre, la journ\u00e9e de jeudi a \u00e9t\u00e9 particuli\u00e8rement calamiteuse sur les routes de Toulouse.\" width=\"960\" height=\"466\"\/><br \/>\n    La courbe de congestion de ces derniers jours le montre, la journ\u00e9e de jeudi a \u00e9t\u00e9 particuli\u00e8rement calamiteuse sur les routes de Toulouse. (\u00a9Tom Tom)1h40 pour faire Tournefeuille-Balma<\/p>\n<p class=\" wall-content\">Actu Toulouse a tent\u00e9 de traverser l\u2019agglom\u00e9ration d\u2019Ouest en Est \u00e0 partir de 16h40, en mixant les passages sur le p\u00e9riph\u00e9rique et des tentatives en ville. R\u00e9sultat, le trajet Tournefeuille-Balma a \u00e9t\u00e9 effectu\u00e9 en 1h40 avec une arriv\u00e9e \u00e0 destination vers 18h20.<\/p>\n<p class=\" wall-content\">Avec d\u2019\u00e9normes points noirs sur la rocade Arc-en-Ciel, puis dans le secteur <strong>Ancely-Sept-Deniers<\/strong>, avant de tomber litt\u00e9ralement dans un secteur totalement paralys\u00e9 <strong>Barri\u00e8re-de-Paris.<\/strong><\/p>\n<p>D\u00e9but de journ\u00e9e chaotique<\/p>\n<p class=\" wall-content\">Pour les automobilistes, la journ\u00e9e avait mal commenc\u00e9 d\u00e8s le tout d\u00e9but de journ\u00e9e avec des <a href=\"https:\/\/actu.fr\/occitanie\/toulouse_31555\/toulouse-pluie-accidents-en-cascade-bouchons-monstres-sur-le-peripherique-et-les-autoroutes_63401134.html\" target=\"_blank\" rel=\"noopener\">accidents en cascade<\/a> et un p\u00e9riph\u00e9rique compl\u00e8tement satur\u00e9.<\/p>\n<p>Votre r\u00e9gion, votre actu !<\/p>\n<p>Recevez chaque jour les infos qui comptent pour vous.<\/p>\n<p>\t<a href=\"https:\/\/actu.fr\/newsletter\" class=\"ac-btn ac-btn--corner ac-btn--medium ac-btn--blue800\" target=\"_blank\" rel=\"noopener\">S&rsquo;incrire<\/a><\/p>\n<p>    <img   decoding=\"async\" loading=\"lazy\" src=\"https:\/\/www.europesays.com\/fr\/wp-content\/uploads\/2025\/11\/accidents-toulouse-1-960x640-1-960x640.jpg\" alt=\"La carte de la congestion toulousaine jeudi 6 novembre 2025.\" width=\"960\" height=\"640\"\/><br \/>\n    La carte de la congestion toulousaine jeudi 6 novembre 2025.\u00c9norme bouchon en journ\u00e9e<\/p>\n<p class=\" wall-content\">Cela ne s\u2019est pas beaucoup am\u00e9lior\u00e9 dans la journ\u00e9e puisqu\u2019en plein milieu d\u2019apr\u00e8s-midi, il y avait un \u00e9norme bouchon \u00e0 l\u2019ouest de Toulouse, depuis Colomiers vers la Ville rose.<\/p>\n<p class=\" wall-content\">Un bouchon qui n\u2019a cess\u00e9 de grossir quand l\u2019heure de pointe est arriv\u00e9e, pour venir congestionner une partie de la rocade Arc-en-Ciel.<\/p>\n<p class=\" wall-content\">\u00c0 partir de 17h, la congestion s\u2019est \u00e9tendue \u00e0 tout l\u2019ouest de Toulouse, puis sur l\u2019A61 \u00e0 l\u2019Est de la Ville rose.<\/p>\n<p class=\" wall-content\">\n<p>Encore pire en ville<\/p>\n<p class=\" wall-content\"><strong>C\u2019\u00e9tait encore pire en ville<\/strong>, l\u00e0 o\u00f9 la pr\u00e9sence massive de travaux ne permet plus d\u2019avancer dans certains quartiers, notamment du c\u00f4t\u00e9 de Barri\u00e8re-de-Paris et de Matabiau.<\/p>\n<p class=\" wall-content\">Les causes sont assez clairement \u00e9tablies : une journ\u00e9e traditionnellement charg\u00e9e sur les routes, qui copieusement arros\u00e9e, conduit \u00e0 une multiplication des accidents. <strong>Les pompiers ont indiqu\u00e9 \u00eatre intervenus sur 24 accidents<\/strong> en quelques heures sur le d\u00e9partement.\u00a0<\/p>\n<p class=\" wall-content\">S\u2019ajoute \u00e0 cela la multiplication des chantiers en ville, en t\u00e9moigne la carte des chantiers en cours sur le territoire de Toulouse M\u00e9tropole.<\/p>\n<p>    <img   decoding=\"async\" loading=\"lazy\" src=\"https:\/\/www.europesays.com\/fr\/wp-content\/uploads\/2025\/11\/capture-decran-2025-11-07-125021-960x640.png\" alt=\"Les travaux actuellement en cours sur le territoire de Toulouse M\u00e9tropole.\" width=\"960\" height=\"640\"\/><br \/>\n    Les travaux en cours sur le territoire de Toulouse M\u00e9tropole. (\u00a9Toulouse M\u00e9tropole)<\/p>\n<p class=\" wall-content\">Personnalisez votre actualit\u00e9 en ajoutant vos villes et m\u00e9dias en favori avec <a href=\"https:\/\/moncompte.actu.fr\" title=\"D\u00e9couvez Mon Actu\" rel=\"nofollow noopener\" data-trk=\"{&quot;cta&quot;:{&quot;action&quot;:&quot;https:\\\/\\\/moncompte.actu.fr&quot;,&quot;category&quot;:&quot;mon compte&quot;,&quot;from&quot;:&quot;article footer&quot;,&quot;name&quot;:&quot;Mon actu&quot;,&quot;type&quot;:&quot;cta&quot;}}\" target=\"_blank\">Mon Actu<\/a>.<\/p>\n","protected":false},"excerpt":{"rendered":"Par David Saint-Sernin Publi\u00e9 le 7 nov. 2025 \u00e0 13h37 Jeudi 6 novembre 2025, Toulouse a v\u00e9cu l\u2019une&hellip;\n","protected":false},"author":2,"featured_media":518341,"comment_status":"","ping_status":"","sticky":false,"template":"","format":"standard","meta":{"footnotes":""},"categories":[2816],"tags":[1111,11,1777,674,1011,27,803,12,2680,4800,25,104,2312,2086],"class_list":{"0":"post-518340","1":"post","2":"type-post","3":"status-publish","4":"format-standard","5":"has-post-thumbnail","7":"category-toulouse","8":"tag-actu","9":"tag-actualites","10":"tag-eu","11":"tag-europe","12":"tag-fr","13":"tag-france","14":"tag-info-trafic","15":"tag-news","16":"tag-occitanie","17":"tag-peripherique-de-toulouse","18":"tag-republique-francaise","19":"tag-societe","20":"tag-toulouse","21":"tag-travaux"},"share_on_mastodon":{"url":"https:\/\/pubeurope.com\/@fr\/115508663852441144","error":""},"_links":{"self":[{"href":"https:\/\/www.europesays.com\/fr\/wp-json\/wp\/v2\/posts\/518340","targetHints":{"allow":["GET"]}}],"collection":[{"href":"https:\/\/www.europesays.com\/fr\/wp-json\/wp\/v2\/posts"}],"about":[{"href":"https:\/\/www.europesays.com\/fr\/wp-json\/wp\/v2\/types\/post"}],"author":[{"embeddable":true,"href":"https:\/\/www.europesays.com\/fr\/wp-json\/wp\/v2\/users\/2"}],"replies":[{"embeddable":true,"href":"https:\/\/www.europesays.com\/fr\/wp-json\/wp\/v2\/comments?post=518340"}],"version-history":[{"count":0,"href":"https:\/\/www.europesays.com\/fr\/wp-json\/wp\/v2\/posts\/518340\/revisions"}],"wp:featuredmedia":[{"embeddable":true,"href":"https:\/\/www.europesays.com\/fr\/wp-json\/wp\/v2\/media\/518341"}],"wp:attachment":[{"href":"https:\/\/www.europesays.com\/fr\/wp-json\/wp\/v2\/media?parent=518340"}],"wp:term":[{"taxonomy":"category","embeddable":true,"href":"https:\/\/www.europesays.com\/fr\/wp-json\/wp\/v2\/categories?post=518340"},{"taxonomy":"post_tag","embeddable":true,"href":"https:\/\/www.europesays.com\/fr\/wp-json\/wp\/v2\/tags?post=518340"}],"curies":[{"name":"wp","href":"https:\/\/api.w.org\/{rel}","templated":true}]}}