{"id":518344,"date":"2025-11-07T13:32:15","date_gmt":"2025-11-07T13:32:15","guid":{"rendered":"https:\/\/www.europesays.com\/fr\/518344\/"},"modified":"2025-11-07T13:32:15","modified_gmt":"2025-11-07T13:32:15","slug":"plusieurs-kilometres-de-bouchon-apres-un-accident-a-lentree-de-lille","status":"publish","type":"post","link":"https:\/\/www.europesays.com\/fr\/518344\/","title":{"rendered":"plusieurs kilom\u00e8tres de bouchon apr\u00e8s un accident \u00e0 l&rsquo;entr\u00e9e de Lille"},"content":{"rendered":"<p>            Par<br \/>\n        <strong><br \/>\n            <a href=\"https:\/\/actu.fr\/auteur\/nicolas-demollien\" title=\"Consulter tous les articles de Nicolas Demollien\" target=\"_blank\" rel=\"noopener\">Nicolas Demollien<\/a><br \/>\n        <\/strong><\/p>\n<p>        Publi\u00e9 le<\/p>\n<p>            7 nov. 2025 \u00e0 13h57<br \/>\n        ; mis \u00e0 jour le 7 nov. 2025 \u00e0 14h01    <\/p>\n<p><b>Prudence<\/b> si vous devez emprunter l\u2019<a href=\"https:\/\/actu.fr\/tag\/autoroute-1-a1\" target=\"_blank\" rel=\"noopener\">autoroute A1<\/a> ce vendredi 7 novembre 2025. Un <b>gros bouchon<\/b> s\u2019est en effet un peu avant l\u2019entr\u00e9e de <a href=\"https:\/\/actu.fr\/hauts-de-france\/lille_59350\" target=\"_blank\" rel=\"noopener\">Lille<\/a> (Nord) apr\u00e8s un <a href=\"https:\/\/actu.fr\/tag\/accident\" target=\"_blank\" rel=\"noopener\">accident<\/a> <b>impliquant notamment un poids lourd<\/b>.<\/p>\n<p>Gros bouchon sur l\u2019A1 \u00e0 l\u2019entr\u00e9e de Lille ce vendredi<\/p>\n<p class=\" wall-content\">Plus pr\u00e9cis\u00e9ment, c\u2019est \u00e0 hauteur de <a href=\"https:\/\/actu.fr\/hauts-de-france\/ronchin_59507\" target=\"_blank\" rel=\"noopener\">Ronchin<\/a> que le choc s\u2019est produit. <b>Un camion et deux voitures<\/b> sont concern\u00e9s.\u00a0<\/p>\n<p class=\" wall-content\">\u00ab\u00a0Sur les 5 voies que compte cet axe, la circulation s\u2019effectue uniquement sur les deux les plus \u00e0 droite\u00a0\u00bb, d\u00e9taille-t-on du c\u00f4t\u00e9 de la pr\u00e9fecture.<\/p>\n<p class=\" wall-content\">Aux alentours de 13h45, c\u2019est un <b>bouchon de 5 kilom\u00e8tres, en augmentation<\/b>, qui s\u2019\u00e9tait d\u00e9j\u00e0 form\u00e9 en amont de cet accident.<\/p>\n<p class=\" wall-content\">Quelques minutes plus tard, seule la voie de gauche restait neutralis\u00e9e, mais ce sont sept kilom\u00e8tres de bouchon qui \u00e9taient comptablis\u00e9s.<\/p>\n<p class=\" wall-content\">Nous ignorons si des bless\u00e9s sont \u00e0 d\u00e9plorer. Les autorit\u00e9s recommandent d\u2019<b>\u00e9viter le secteur<\/b>, soyez prudents.<\/p>\n<p class=\" wall-content\">Plus d\u2019informations \u00e0 venir.<\/p>\n<p class=\" wall-content\">Personnalisez votre actualit\u00e9 en ajoutant vos villes et m\u00e9dias en favori avec <a href=\"https:\/\/moncompte.actu.fr\" title=\"D\u00e9couvez Mon Actu\" rel=\"nofollow noopener\" data-trk=\"{&quot;cta&quot;:{&quot;action&quot;:&quot;https:\\\/\\\/moncompte.actu.fr&quot;,&quot;category&quot;:&quot;mon compte&quot;,&quot;from&quot;:&quot;article footer&quot;,&quot;name&quot;:&quot;Mon actu&quot;,&quot;type&quot;:&quot;cta&quot;}}\" target=\"_blank\">Mon Actu<\/a>.<\/p>\n","protected":false},"excerpt":{"rendered":"Par Nicolas Demollien Publi\u00e9 le 7 nov. 2025 \u00e0 13h57 ; mis \u00e0 jour le 7 nov. 2025&hellip;\n","protected":false},"author":2,"featured_media":518345,"comment_status":"","ping_status":"","sticky":false,"template":"","format":"standard","meta":{"footnotes":""},"categories":[2815],"tags":[119,1111,11,9904,3542,1777,674,1011,27,811,1307,12,25,104],"class_list":{"0":"post-518344","1":"post","2":"type-post","3":"status-publish","4":"format-standard","5":"has-post-thumbnail","7":"category-lille","8":"tag-accident","9":"tag-actu","10":"tag-actualites","11":"tag-autoroute-1-a1","12":"tag-circulation","13":"tag-eu","14":"tag-europe","15":"tag-fr","16":"tag-france","17":"tag-hauts-de-france","18":"tag-lille","19":"tag-news","20":"tag-republique-francaise","21":"tag-societe"},"share_on_mastodon":{"url":"","error":""},"_links":{"self":[{"href":"https:\/\/www.europesays.com\/fr\/wp-json\/wp\/v2\/posts\/518344","targetHints":{"allow":["GET"]}}],"collection":[{"href":"https:\/\/www.europesays.com\/fr\/wp-json\/wp\/v2\/posts"}],"about":[{"href":"https:\/\/www.europesays.com\/fr\/wp-json\/wp\/v2\/types\/post"}],"author":[{"embeddable":true,"href":"https:\/\/www.europesays.com\/fr\/wp-json\/wp\/v2\/users\/2"}],"replies":[{"embeddable":true,"href":"https:\/\/www.europesays.com\/fr\/wp-json\/wp\/v2\/comments?post=518344"}],"version-history":[{"count":0,"href":"https:\/\/www.europesays.com\/fr\/wp-json\/wp\/v2\/posts\/518344\/revisions"}],"wp:featuredmedia":[{"embeddable":true,"href":"https:\/\/www.europesays.com\/fr\/wp-json\/wp\/v2\/media\/518345"}],"wp:attachment":[{"href":"https:\/\/www.europesays.com\/fr\/wp-json\/wp\/v2\/media?parent=518344"}],"wp:term":[{"taxonomy":"category","embeddable":true,"href":"https:\/\/www.europesays.com\/fr\/wp-json\/wp\/v2\/categories?post=518344"},{"taxonomy":"post_tag","embeddable":true,"href":"https:\/\/www.europesays.com\/fr\/wp-json\/wp\/v2\/tags?post=518344"}],"curies":[{"name":"wp","href":"https:\/\/api.w.org\/{rel}","templated":true}]}}