{"id":518346,"date":"2025-11-07T13:33:17","date_gmt":"2025-11-07T13:33:17","guid":{"rendered":"https:\/\/www.europesays.com\/fr\/518346\/"},"modified":"2025-11-07T13:33:17","modified_gmt":"2025-11-07T13:33:17","slug":"le-protoxyde-dazote-doit-etre-interdit-lappel-bouleversant-de-la-mere-de-mathis-apres-sa-mort-a-lille","status":"publish","type":"post","link":"https:\/\/www.europesays.com\/fr\/518346\/","title":{"rendered":"\u201cLe protoxyde d\u2019azote doit \u00eatre interdit\u201d : l\u2019appel bouleversant de la m\u00e8re de Mathis apr\u00e8s sa mort \u00e0 Lille"},"content":{"rendered":"<p>Apr\u00e8s <a href=\"https:\/\/www.doctissimo.fr\/sante\/sante-au-quotidien\/addictions\/drogues\/un-etudiant-tue-par-un-chauffard-a-lille-le-drame-qui-relance-lalerte-sur-le-protoxyde-dazote-418802.htm\" rel=\"nofollow noopener\" target=\"_blank\"><br \/>\nla mort de Mathis<\/a>, 19 ans, percut\u00e9 \u00e0 Lille par un conducteur<br \/>\nqui aurait inhal\u00e9 du protoxyde d\u2019azote, l\u2019interdiction du <a href=\"https:\/\/www.doctissimo.fr\/sante\/sante-au-quotidien\/addictions\/drogues\/rien-dhilarant-le-protoxyde-dazote-fleau-silencieux-qui-sinvite-sur-la-route-416757.htm\" rel=\"nofollow noopener\" target=\"_blank\"><br \/>\nprotoxyde d\u2019azote<\/a> s\u2019invite dans le d\u00e9bat public. Laetitia<br \/>\nPolart, la m\u00e8re du jeune homme, a accord\u00e9 une interview au <a href=\"https:\/\/www.leparisien.fr\/faits-divers\/le-protoxyde-dazote-est-un-fleau-la-mere-de-mathis-tue-par-un-chauffard-reclame-une-loi-06-11-2025-EBRKADM3MBBUFFAYTYLG7VGKMI.php\" target=\"_blank\" rel=\"nofollow noopener\">Parisien<\/a>, dans laquelle elle<br \/>\ndemande que \u00ab\u00a0consommer et acheter ce produit devienne<br \/>\nclairement ill\u00e9gal\u00a0\u00bb. Elle poursuit : \u00ab\u00a0La loi doit changer,<br \/>\npas pour nous. Pour nous, c\u2019est trop tard. Mathis n\u2019est plus<br \/>\nla\u0300\u00a0\u00bb.<\/p>\n<p>Interdiction du protoxyde d\u2019azote : ce que dit la loi au<br \/>\nvolant<\/p>\n<p>Sur la route, la consommation r\u00e9cr\u00e9ative de ce gaz dit hilarant<br \/>\nexpose \u00e0 des comportements \u00e0 risque. \u00ab\u00a0On d\u00e9nombre 50 morts par<br \/>\nan dans des accidents de la route caus\u00e9s par un conducteur qui<br \/>\navait consomm\u00e9 du protoxyde d\u2019azote\u00a0\u00bb, t\u00e9moigne Amandine<br \/>\nScattarreggia, secr\u00e9taire d\u00e9partementale de la Ligue contre la<br \/>\nviolence routi\u00e8re, aupr\u00e8s du <a href=\"https:\/\/www.lefigaro.fr\/faits-divers\/le-protoxyde-d-azote-au-volant-un-fleau-qui-profite-d-un-vide-juridique-20251104\" target=\"_blank\" rel=\"nofollow noopener\">Figaro<\/a>. La conduite sous proto<br \/>\nmet face \u00e0 un vide juridique.<\/p>\n<p>En effet, aujourd&rsquo;hui, \u00ab\u00a0aucune disposition du Code de la<br \/>\nroute ne permet \u00e0 ce jour de sanctionner p\u00e9nalement la conduite<br \/>\nsous l&rsquo;effet de ce produit\u00a0\u00bb, d\u00e9clare Ma\u00eetre Antoine R\u00e9gley,<br \/>\navocat des parents de Mathis au Parisien. La loi ayant cr\u00e9\u00e9<br \/>\nl\u2019homicide routier a \u00e9t\u00e9 pens\u00e9e pour inclure toutes les victimes,<br \/>\nmais son application concr\u00e8te d\u00e9pend des circonstances des faits et<br \/>\ndes qualifications retenues par les magistrats.<\/p>\n<p>Autre probl\u00e8me : Les effets euphorisants du protoxyde d&rsquo;azote ne<br \/>\npersistent que quelques minutes, et il devient ind\u00e9tectable dans<br \/>\nl&rsquo;organisme apr\u00e8s une demi-heure. Une solution similaire aux<br \/>\n\u00e9thylotests pour l&rsquo;alcool et aux tests salivaires pour les drogues<br \/>\nest en cours d&rsquo;examen et d&rsquo;essai en Belgique et au Danemark depuis<br \/>\nplusieurs mois, mais elle n&rsquo;est pas encore approuv\u00e9e en France.<\/p>\n<p>Sant\u00e9 publique et r\u00e9glementation locale : Villeurbanne durcit<br \/>\nl\u2019interdiction<\/p>\n<p>Ce gaz n&rsquo;est pas consid\u00e9r\u00e9 comme un stup\u00e9fiant, et m\u00eame en cas<br \/>\nd&rsquo;accident grave, aucune infraction sp\u00e9cifique ne peut \u00eatre retenue<br \/>\nsi sa consommation est la seule cause. Actuellement disponible en<br \/>\nvente libre sous forme de petites cartouches utilis\u00e9es en<br \/>\np\u00e2tisserie pour les siphons \u00e0 cr\u00e8me chantilly, son statut pourrait<br \/>\nn\u00e9anmoins changer dans les mois \u00e0 venir.<\/p>\n<p>Mais face aux ravages, des villes serrent d\u00e9j\u00e0 la vis. \u00c0<br \/>\nVilleurbanne, la d\u00e9tention et le port de cartouches de plus de 8,6<br \/>\ng sur la voie publique sont d\u00e9sormais interdits pour toute personne<br \/>\nd\u00e9pourvue d\u2019usage professionnel, mineurs comme majeurs. \u00ab\u00a0En<br \/>\nlien avec l\u2019\u00e9volution de la r\u00e9glementation nationale encadrant la<br \/>\nvente de protoxyde d\u2019azote, la Ville renforce son arr\u00eat\u00e9 afin de<br \/>\npermettre une intervention plus efficace des agents de<br \/>\npolice\u00a0\u00bb, annonce C\u00e9dric Van Styvendael, maire de Villeurbanne,<br \/>\npar voie de communiqu\u00e9. \u00ab\u00a0La d\u00e9tention simple de bonbonnes ou de<br \/>\ncartouches en dehors d\u2019un usage professionnel ou culinaire<br \/>\nconstitue d\u00e9sormais une infraction, pour les personnes mineures et<br \/>\nmajeures\u00a0\u00bb, rappelle encore la Ville. Pour les mineurs, toute<br \/>\nd\u00e9tention dans l\u2019espace public est interdite, et l\u2019abandon de<br \/>\ncartouches reste \u00ab\u00a0strictement prohib\u00e9\u00a0\u00bb. Les contrevenants<br \/>\ns\u2019exposent \u00e0 une amende de 35 euros.<\/p>\n<p>Une hausse flagrante de la consommation de protoxyde<br \/>\nd&rsquo;azote<\/p>\n<p>Le sujet est aussi sanitaire. Selon la Fondation Vinci<br \/>\nAutoroutes, \u00ab\u00a0le nombre de bonbonnes de protoxyde d\u2019azote jet\u00e9es<br \/>\npar la fen\u00eatre des voitures et retrouv\u00e9es au bord des voies ou sur<br \/>\nles aires est en constante augmentation\u00a0\u00bb. Son enqu\u00eate sur plus<br \/>\nde 2 200 personnes pointe un usage massif chez les jeunes : un<br \/>\nmoins de 35 ans sur 10 a d\u00e9j\u00e0 consomm\u00e9, et parmi eux un sur deux en<br \/>\nconduisant ; 6 % des moins de 25 ans l\u2019ont pris avant de conduire,<br \/>\n6 % en conduisant, 9 % ont d\u00e9j\u00e0 \u00e9t\u00e9 passagers d\u2019un conducteur ayant<br \/>\nconsomm\u00e9 ; 10 % des 16 \u00e0 24 ans estiment que consommer en<br \/>\nconduisant n\u2019est pas dangereux. \u00ab\u00a0Sur la route, les cons\u00e9quences<br \/>\nde cette pratique peuvent \u00eatre dramatiques pour les conducteurs<br \/>\neux-m\u00eames, leurs passagers et les autres usagers expos\u00e9s \u00e0 des<br \/>\nv\u00e9hicules hors de contr\u00f4le\u00a0\u00bb, alerte Bernadette Moreau,<br \/>\nd\u00e9l\u00e9gu\u00e9e g\u00e9n\u00e9rale de la Fondation.<\/p>\n<p>\u00c0 Lyon, les Hospices civils de Lyon ont mis en place une<br \/>\nt\u00e9l\u00e9consultation d\u00e9di\u00e9e et plus d\u2019une trentaine de patients ont \u00e9t\u00e9<br \/>\nhospitalis\u00e9s en 2024. Pour Guillaume Grzych, pr\u00e9sident du r\u00e9seau<br \/>\nProtoside, c\u2019est \u00ab\u00a0un probl\u00e8me de sant\u00e9 publique largement<br \/>\nsous-estim\u00e9\u00a0\u00bb et il appelle \u00e0 \u00ab\u00a0pr\u00e9venir mieux, d\u00e9tecter<br \/>\nplus t\u00f4t et d\u00e9ployer des actions concr\u00e8tes\u00a0\u00bb.<\/p>\n","protected":false},"excerpt":{"rendered":"Apr\u00e8s la mort de Mathis, 19 ans, percut\u00e9 \u00e0 Lille par un conducteur qui aurait inhal\u00e9 du protoxyde&hellip;\n","protected":false},"author":2,"featured_media":518347,"comment_status":"","ping_status":"","sticky":false,"template":"","format":"standard","meta":{"footnotes":""},"categories":[2815],"tags":[1111,11,63866,1052,1777,674,1011,27,811,1307,420,12,63867,25,71,729],"class_list":{"0":"post-518346","1":"post","2":"type-post","3":"status-publish","4":"format-standard","5":"has-post-thumbnail","7":"category-lille","8":"tag-actu","9":"tag-actualites","10":"tag-danger-de-la-route","11":"tag-drogue","12":"tag-eu","13":"tag-europe","14":"tag-fr","15":"tag-france","16":"tag-hauts-de-france","17":"tag-lille","18":"tag-loi","19":"tag-news","20":"tag-protoxyde-dazote","21":"tag-republique-francaise","22":"tag-sante","23":"tag-yout_video"},"share_on_mastodon":{"url":"https:\/\/pubeurope.com\/@fr\/115508675241216972","error":""},"_links":{"self":[{"href":"https:\/\/www.europesays.com\/fr\/wp-json\/wp\/v2\/posts\/518346","targetHints":{"allow":["GET"]}}],"collection":[{"href":"https:\/\/www.europesays.com\/fr\/wp-json\/wp\/v2\/posts"}],"about":[{"href":"https:\/\/www.europesays.com\/fr\/wp-json\/wp\/v2\/types\/post"}],"author":[{"embeddable":true,"href":"https:\/\/www.europesays.com\/fr\/wp-json\/wp\/v2\/users\/2"}],"replies":[{"embeddable":true,"href":"https:\/\/www.europesays.com\/fr\/wp-json\/wp\/v2\/comments?post=518346"}],"version-history":[{"count":0,"href":"https:\/\/www.europesays.com\/fr\/wp-json\/wp\/v2\/posts\/518346\/revisions"}],"wp:featuredmedia":[{"embeddable":true,"href":"https:\/\/www.europesays.com\/fr\/wp-json\/wp\/v2\/media\/518347"}],"wp:attachment":[{"href":"https:\/\/www.europesays.com\/fr\/wp-json\/wp\/v2\/media?parent=518346"}],"wp:term":[{"taxonomy":"category","embeddable":true,"href":"https:\/\/www.europesays.com\/fr\/wp-json\/wp\/v2\/categories?post=518346"},{"taxonomy":"post_tag","embeddable":true,"href":"https:\/\/www.europesays.com\/fr\/wp-json\/wp\/v2\/tags?post=518346"}],"curies":[{"name":"wp","href":"https:\/\/api.w.org\/{rel}","templated":true}]}}