{"id":518372,"date":"2025-11-07T13:48:29","date_gmt":"2025-11-07T13:48:29","guid":{"rendered":"https:\/\/www.europesays.com\/fr\/518372\/"},"modified":"2025-11-07T13:48:29","modified_gmt":"2025-11-07T13:48:29","slug":"des-blindes-a-11-millions-deuros-deja-obsoletes-face-aux-drones-le-royaume-uni-livre-ses-50-premiers-ajax-avec-8-ans-de-retard","status":"publish","type":"post","link":"https:\/\/www.europesays.com\/fr\/518372\/","title":{"rendered":"Des blind\u00e9s \u00e0 11\u00a0millions d\u2019euros d\u00e9j\u00e0 obsol\u00e8tes face aux drones\u00a0: le Royaume-Uni livre ses 50 premiers Ajax avec 8\u00a0ans de retard"},"content":{"rendered":"<p class=\"paragraph text_align_left lp-f-body-02\">\u00c0 peine livr\u00e9, et d\u00e9j\u00e0 obsol\u00e8te ? L\u2019arm\u00e9e britannique a livr\u00e9, ce jeudi, les 50 premiers <a href=\"https:\/\/www.leparisien.fr\/faits-divers\/robuste-et-dissuasif-cest-quoi-le-centaure-ce-nouveau-blinde-de-la-gendarmerie-deploye-pour-la-greve-du-18-septembre-17-09-2025-JFZG7TDKR5HGVCQMG2YXVONOE4.php\" target=\"_self\" rel=\"nofollow noopener\">exemplaires de v\u00e9hicules blind\u00e9s<\/a> Ajax, con\u00e7u pour la reconnaissance avanc\u00e9e dans des zones grises, avec <a href=\"https:\/\/www.leparisien.fr\/international\/royaume-uni\/comment-un-f-35-britannique-evalue-a-plus-de-90-millions-deuros-se-retrouve-coince-en-inde-depuis-trois-semaines-05-07-2025-X3BPUACZUVAD5KCYLPUP7CJTAE.php\" target=\"_self\" rel=\"nofollow noopener\">pr\u00e8s de 8 ans de retard<\/a>.<\/p>\n<p class=\"paragraph text_align_left lp-f-body-02\">Le ministre d\u00e9l\u00e9gu\u00e9 du <a href=\"https:\/\/www.leparisien.fr\/international\/royaume-uni\/\" target=\"_self\" rel=\"nofollow noopener\">Royaume-Uni<\/a> \u00e0 la D\u00e9fense, Luke Pollard, a d\u00e9clar\u00e9 que les 50 premiers v\u00e9hicules, d\u2019un co\u00fbt unitaire de pr\u00e8s de 10 millions de livres sterling, \u00e9taient pr\u00eats \u00e0 \u00eatre <a href=\"https:\/\/www.leparisien.fr\/international\/comment-lotan-renforce-ses-moyens-militaires-en-pologne-face-a-la-menace-russe-14-09-2025-QBTYKTQBLZA4HIXMNLFWZEYFLA.php\" target=\"_self\" rel=\"nofollow noopener\">d\u00e9ploy\u00e9s sur le flanc est de l\u2019OTAN<\/a>, tout en reconnaissant les probl\u00e8mes rencontr\u00e9s par le pass\u00e9 lorsque les d\u00e9lais de livraison de 2017, 2020 et 2021 n\u2019avaient pas \u00e9t\u00e9 respect\u00e9s.<\/p>\n<p>11 soldats bless\u00e9s lors des tests<\/p>\n<p class=\"paragraph text_align_left lp-f-body-02\">\u00ab Nous avons beaucoup de le\u00e7ons \u00e0 tirer, a d\u00e9clar\u00e9 Luke Pollard sur le site de production de l\u2019Ajax \u00e0 Merthyr Tydfil, au sud du Pays de Galles. L\u2019Ajax a mis de tr\u00e8s nombreuses ann\u00e9es \u00e0 devenir concret\u2026 Et nous devons r\u00e9duire ce d\u00e9lai de fa\u00e7on drastique \u00e0 quelques mois seulement. \u00bb<\/p>\n<p class=\"paragraph text_align_left lp-f-body-02\">Comme le rapporte <a href=\"https:\/\/www.theguardian.com\/uk-news\/2025\/nov\/06\/british-military-announces-first-delivery-of-ajax-armoured-vehicles-eight-years-late\" target=\"_self\" rel=\"nofollow noopener\">The Guardian<\/a>, lors de la premi\u00e8re mise en service de l\u2019Ajax en 2010, les livraisons devaient commencer d\u00e9but 2017 avant d\u2019\u00eatre repouss\u00e9 \u00e0 juillet 2020. \u00c0 cette date, <a href=\"https:\/\/www.leparisien.fr\/international\/police-de-lair-formation-antidrone-et-aide-americaine-leurope-est-elle-prete-pour-une-guerre-contre-la-russie-12-09-2025-7PYKETKEEFD7BH3UOYDBSZ74LU.php\" target=\"_self\" rel=\"nofollow noopener\">des bruits excessifs et des vibrations incontr\u00f4lables<\/a> ont \u00e9t\u00e9 point\u00e9s du doigt lors des essais. 11 soldats ont m\u00eame d\u00fb \u00eatre plac\u00e9s sous surveillance m\u00e9dicale prolong\u00e9e suite \u00e0 des cas d\u2019acouph\u00e8nes et de perte auditive.<\/p>\n<p class=\"title-embed-dailymotion lp-color-text lp-f-subtitle-04\">Vid\u00e9oL\u2019Otan lance l\u2019op\u00e9ration \u00ab\u00a0Sentinelle orientale \u00bb face \u00e0 la menace russe<\/p>\n<p class=\"paragraph text_align_left lp-f-body-02\">\u00ab Ces probl\u00e8mes appartiennent d\u00e9finitivement au pass\u00e9 \u00bb, assure le ministre d\u00e9l\u00e9gu\u00e9 \u00e0 la D\u00e9fense. Selon des sources militaires, il faut tout de m\u00eame une double protection, compos\u00e9e de <a href=\"https:\/\/www.leparisien.fr\/societe\/je-mets-des-bouchons-doreilles-quand-je-quitte-la-classe-les-profs-nen-peuvent-plus-du-bruit-a-lecole-17-01-2022-5RUOOGFGP5DKBI5LMRND7TPWIE.php\" target=\"_self\" rel=\"nofollow noopener\">bouchons d\u2019oreille<\/a> et de casques antibruit, pour am\u00e9liorer la s\u00e9curit\u00e9 du v\u00e9hicule.<\/p>\n<p class=\"paragraph text_align_left lp-f-body-02\">L\u2019Ajax, produit par la soci\u00e9t\u00e9 am\u00e9ricaine General Dynamics, est \u00e9galement remis en question pour son obsolescence avanc\u00e9e face aux drones. Con\u00e7u comme un v\u00e9hicule de reconnaissance avanc\u00e9 rep\u00e9rant des positions \u00e0 8 kilom\u00e8tres de distance, l\u2019Ajax serait d\u00e9pass\u00e9 en performances par <a href=\"https:\/\/www.leparisien.fr\/international\/guerre-en-ukraine-cest-quoi-anafi-ukr-ce-drone-de-reconnaissance-francais-concu-et-adapte-pour-larmee-ukrainienne-25-06-2025-BQJOZHPJGBC4XEFH5TZTZFHKJI.php\" target=\"_self\" rel=\"nofollow noopener\">des drones de surveillance \u00e0 un prix bien moindre<\/a>, d\u00e9j\u00e0 test\u00e9 et approuv\u00e9 sur <a href=\"https:\/\/www.leparisien.fr\/international\/ukraine\/\" target=\"_self\" rel=\"nofollow noopener\">le front ukrainien<\/a>.<\/p>\n<p class=\"paragraph text_align_left lp-f-body-02\">Peu importe pour Londres. Le minist\u00e8re de la D\u00e9fense a d\u2019ores et d\u00e9j\u00e0 command\u00e9 589 v\u00e9hicules Ajax &#8211; ou variantes &#8211; dont la livraison compl\u00e8te est attendue d\u2019ici la fin de la d\u00e9cennie. Sans compter les \u00e9ventuels retards.<\/p>\n","protected":false},"excerpt":{"rendered":"\u00c0 peine livr\u00e9, et d\u00e9j\u00e0 obsol\u00e8te ? L\u2019arm\u00e9e britannique a livr\u00e9, ce jeudi, les 50 premiers exemplaires de&hellip;\n","protected":false},"author":2,"featured_media":518373,"comment_status":"","ping_status":"","sticky":false,"template":"","format":"standard","meta":{"footnotes":""},"categories":[1588],"tags":[11,1777,674,14,12,473,1853,1851,1850,1852],"class_list":{"0":"post-518372","1":"post","2":"type-post","3":"status-publish","4":"format-standard","5":"has-post-thumbnail","7":"category-royaume-uni","8":"tag-actualites","9":"tag-eu","10":"tag-europe","11":"tag-international","12":"tag-news","13":"tag-royaume-uni","14":"tag-royaume-uni-de-grande-bretagne-et-dirlande-du-nord","15":"tag-uk","16":"tag-united-kingdom","17":"tag-united-kingdom-of-great-britain-and-northern-ireland"},"share_on_mastodon":{"url":"https:\/\/pubeurope.com\/@fr\/115508733771524343","error":""},"_links":{"self":[{"href":"https:\/\/www.europesays.com\/fr\/wp-json\/wp\/v2\/posts\/518372","targetHints":{"allow":["GET"]}}],"collection":[{"href":"https:\/\/www.europesays.com\/fr\/wp-json\/wp\/v2\/posts"}],"about":[{"href":"https:\/\/www.europesays.com\/fr\/wp-json\/wp\/v2\/types\/post"}],"author":[{"embeddable":true,"href":"https:\/\/www.europesays.com\/fr\/wp-json\/wp\/v2\/users\/2"}],"replies":[{"embeddable":true,"href":"https:\/\/www.europesays.com\/fr\/wp-json\/wp\/v2\/comments?post=518372"}],"version-history":[{"count":0,"href":"https:\/\/www.europesays.com\/fr\/wp-json\/wp\/v2\/posts\/518372\/revisions"}],"wp:featuredmedia":[{"embeddable":true,"href":"https:\/\/www.europesays.com\/fr\/wp-json\/wp\/v2\/media\/518373"}],"wp:attachment":[{"href":"https:\/\/www.europesays.com\/fr\/wp-json\/wp\/v2\/media?parent=518372"}],"wp:term":[{"taxonomy":"category","embeddable":true,"href":"https:\/\/www.europesays.com\/fr\/wp-json\/wp\/v2\/categories?post=518372"},{"taxonomy":"post_tag","embeddable":true,"href":"https:\/\/www.europesays.com\/fr\/wp-json\/wp\/v2\/tags?post=518372"}],"curies":[{"name":"wp","href":"https:\/\/api.w.org\/{rel}","templated":true}]}}