{"id":518385,"date":"2025-11-07T13:55:14","date_gmt":"2025-11-07T13:55:14","guid":{"rendered":"https:\/\/www.europesays.com\/fr\/518385\/"},"modified":"2025-11-07T13:55:14","modified_gmt":"2025-11-07T13:55:14","slug":"junior-prometteuse-elle-pourrait-faire-ses-debuts-en-pro-sur-le-lpga-tour-avant-ses-18-ans","status":"publish","type":"post","link":"https:\/\/www.europesays.com\/fr\/518385\/","title":{"rendered":"Junior prometteuse, elle pourrait faire ses d\u00e9buts en pro sur le LPGA Tour avant ses 18 ans"},"content":{"rendered":"<p>\t\t\t\t\t\t<img width=\"770\" height=\"556\" src=\"data:image\/svg+xml,%3Csvg%20xmlns=\" http:=\"\" class=\"img-responsive wp-post-image\" alt=\"Gianna Clemente Photo by Amy Lemus\/NurPhoto\" decoding=\"async\" fetchpriority=\"high\" data-lazy- data-lazy- data-lazy-src=\"https:\/\/www.europesays.com\/fr\/wp-content\/uploads\/2025\/11\/gianna-clemente-770x556.jpg\"\/>\t\t\t\t\t<\/p>\n<p>\t\t\t\t\t\t Partager cet article <\/p>\n<p class=\"screen-reader-text juiz_sps_maybe_hidden_text\">Partager la publication \u00ab\u00a0Junior prometteuse, elle pourrait faire ses d\u00e9buts en pro sur le LPGA Tour avant ses 18 ans\u00a0\u00bb<\/p>\n<p><strong>Chose rare, mais pas in\u00e9dite, le LPGA Tour a d\u00e9cid\u00e9 d\u2019autoriser une joueuse encore mineure \u00e0 int\u00e9grer les champs des tournois pour 2026. La Floridienne Gianna Clemente, n\u00e9e le 28 mars 2008, a ainsi obtenu une d\u00e9rogation pour prendre part aux comp\u00e9tions officielles d\u00e8s le d\u00e9but de la saison. Pour cela, elle devra obtenir sa carte via les qualifications qui se d\u00e9rouleront le mois prochain.<\/strong><\/p>\n<p><strong>H.D.<\/strong><\/p>\n<p>Le <strong>LPGA Tour<\/strong> a confirm\u00e9 les informations de notre confr\u00e8re de Golf Channel, <strong>Grant Boone<\/strong>. Il a accept\u00e9 que l\u2019Am\u00e9ricaine<strong> Gianna Clemente<\/strong> (photo) participe aux \u00e9preuves, en d\u00e9pit du fait qu\u2019elle ne f\u00eatera son 18e anniversaire que le 28 mars prochain.<\/p>\n<p>\t\t\t\t\t<a id=\"189447\" href=\"https:\/\/golfplus.fr\/content\/57-programme-de-fidelite\" target=\"_blank\" rel=\"sponsorised nofollow noopener\"><img decoding=\"async\" src=\"data:image\/svg+xml,%3Csvg%20xmlns=\" http:=\"\" class=\"img-responsive\" alt=\"\" data-lazy-src=\"https:\/\/www.europesays.com\/fr\/wp-content\/uploads\/2025\/10\/golfplus-e28-programme-fidelite-1170x275-1.jpg\"\/><\/a><\/p>\n<blockquote data-service=\"twitter\" data-category=\"marketing\" data-placeholder-image=\"https:\/\/www.golfplanete.com\/wp-content\/plugins\/complianz-gdpr-premium\/assets\/images\/placeholders\/twitter-minimal.jpg\" class=\"cmplz-placeholder-element twitter-tweet\" data-media-max-width=\"560\"><p>&#13;<\/p>\n<p dir=\"ltr\" lang=\"en\">50 Sent: LPGA Q School Qualifying Stage complete. These 50 are headed to finals in December.<\/p>\n<p>Led by 5-time JLPGA champ Kokona Sakurai and former No. 1 am Mirabel Ting from Malaysia via Florida State.<\/p>\n<p>Carolina Lopez-Chacarra, who was exempt to Stage II by winning the Inkster\u2026 <a href=\"https:\/\/t.co\/KqeYUC4pci\" rel=\"nofollow\">pic.twitter.com\/KqeYUC4pci<\/a><\/p>\n<p>&#13;<br \/>\n&#13;<br \/>\n\u2014 Grant Boone (@grantboone) <a href=\"https:\/\/twitter.com\/grantboone\/status\/1979689509114597751?ref_src=twsrc%5Etfw\" rel=\"nofollow noopener\" target=\"_blank\">October 18, 2025<\/a><\/p><\/blockquote>\n<p>&#13;<br \/>\nLa Floridienne a d\u00e9j\u00e0 particip\u00e9 \u00e0 sept \u00e9preuves, d\u00e9crochant sa meilleure performance lors du <a href=\"https:\/\/www.golfplanete.com\/actualites\/angel-yin-sort-victorieuse-dun-duel-de-haut-vol-dans-le-dernier-tour-du-honda-lpga-thailand-celine-boutier-confirme\/\" rel=\"nofollow noopener\" target=\"_blank\">Honda LPGA Thailand \u00e0 Pattaya<\/a> disput\u00e9 du 20 au 23 f\u00e9vrier 2025. Elle avait termin\u00e9 30e. Elle avait \u00e9galement franchi le cut en Majeur au <strong>Chevron Championship<\/strong> au mois d\u2019avril \u00e0 <strong>Carlton Woods<\/strong> (Texas) (71e) mais manqu\u00e9 celui de <strong>l\u2019Amundi Evian Championship<\/strong>. <\/p>\n<p>Pour profiter de cette d\u00e9rogation, la jeune femme devra toutefois franchir la derni\u00e8re \u00e9tape des qualifications des Cartes qui se d\u00e9rouleront du 4 au 8 d\u00e9cembre sur le <strong>Magnolia Grove Golf Course<\/strong>, \u00e0 Mobile (Alabama). Il faudra terminer dans le top 25 pour d\u00e9crocher le pr\u00e9cieux s\u00e9same. Dans le cas contraire, les joueuses engag\u00e9es disputeront<strong> l\u2019Epson Tour<\/strong>.<\/p>\n<p><strong>Une raret\u00e9 mais pas une premi\u00e8re<\/strong><\/p>\n<p>Cette d\u00e9rogation accord\u00e9e en raison des performances \u00e0 une joueuse mineure est rare mais pas in\u00e9dite. L\u2019Allemande <strong>Chiara Noja<\/strong> et la Chinoise <strong>Liqi Zheng<\/strong> l\u2019avaient obtenu en 2023.<\/p>\n<p>Cr\u00e9dit photo : Amy Lemus \/ NurPhoto<\/p>\n<p>\t\t\t<script async src=\"https:\/\/platform.twitter.com\/widgets.js\" charset=\"utf-8\"><\/script><\/p>\n","protected":false},"excerpt":{"rendered":"Partager cet article Partager la publication \u00ab\u00a0Junior prometteuse, elle pourrait faire ses d\u00e9buts en pro sur le LPGA&hellip;\n","protected":false},"author":2,"featured_media":518386,"comment_status":"","ping_status":"","sticky":false,"template":"","format":"standard","meta":{"footnotes":""},"categories":[1418],"tags":[1011,27,1472,60],"class_list":{"0":"post-518385","1":"post","2":"type-post","3":"status-publish","4":"format-standard","5":"has-post-thumbnail","7":"category-golf","8":"tag-fr","9":"tag-france","10":"tag-golf","11":"tag-sports"},"share_on_mastodon":{"url":"https:\/\/pubeurope.com\/@fr\/115508761233359711","error":""},"_links":{"self":[{"href":"https:\/\/www.europesays.com\/fr\/wp-json\/wp\/v2\/posts\/518385","targetHints":{"allow":["GET"]}}],"collection":[{"href":"https:\/\/www.europesays.com\/fr\/wp-json\/wp\/v2\/posts"}],"about":[{"href":"https:\/\/www.europesays.com\/fr\/wp-json\/wp\/v2\/types\/post"}],"author":[{"embeddable":true,"href":"https:\/\/www.europesays.com\/fr\/wp-json\/wp\/v2\/users\/2"}],"replies":[{"embeddable":true,"href":"https:\/\/www.europesays.com\/fr\/wp-json\/wp\/v2\/comments?post=518385"}],"version-history":[{"count":0,"href":"https:\/\/www.europesays.com\/fr\/wp-json\/wp\/v2\/posts\/518385\/revisions"}],"wp:featuredmedia":[{"embeddable":true,"href":"https:\/\/www.europesays.com\/fr\/wp-json\/wp\/v2\/media\/518386"}],"wp:attachment":[{"href":"https:\/\/www.europesays.com\/fr\/wp-json\/wp\/v2\/media?parent=518385"}],"wp:term":[{"taxonomy":"category","embeddable":true,"href":"https:\/\/www.europesays.com\/fr\/wp-json\/wp\/v2\/categories?post=518385"},{"taxonomy":"post_tag","embeddable":true,"href":"https:\/\/www.europesays.com\/fr\/wp-json\/wp\/v2\/tags?post=518385"}],"curies":[{"name":"wp","href":"https:\/\/api.w.org\/{rel}","templated":true}]}}