{"id":518387,"date":"2025-11-07T13:57:10","date_gmt":"2025-11-07T13:57:10","guid":{"rendered":"https:\/\/www.europesays.com\/fr\/518387\/"},"modified":"2025-11-07T13:57:10","modified_gmt":"2025-11-07T13:57:10","slug":"le-regret-eternel-de-paul-willemse-jai-toujours-su-que-si-je-jouais-ce-match-la-ca-aurait-ete-le-meilleur-match-de-ma-carriere","status":"publish","type":"post","link":"https:\/\/www.europesays.com\/fr\/518387\/","title":{"rendered":"Le regret \u00e9ternel de Paul Willemse : \u00ab J\u2019ai toujours su que si je jouais ce match-l\u00e0, \u00e7a aurait \u00e9t\u00e9 le meilleur match de ma carri\u00e8re \u00bb"},"content":{"rendered":"<p>Le deuxi\u00e8me ligne Paul Willemse a \u00e9t\u00e9 contraint de mettre un terme \u00e0 sa carri\u00e8re de mani\u00e8re pr\u00e9matur\u00e9ment en raison de ses commotions c\u00e9r\u00e9brales.<\/p>\n<p>Interrog\u00e9 via <a href=\"https:\/\/www.midilibre.fr\/2025\/11\/07\/jaime-notre-cote-francais-paul-willemse-decrypte-france-afrique-du-sud-ses-enjeux-et-ses-anecdotes-13035543.php\" rel=\"nofollow noopener\" target=\"_blank\">Midi Libre<\/a>, l\u2019ancien international Fran\u00e7ais n\u00e9 en Afrique du Sud a \u00e9voqu\u00e9 le choc \u00e0 venir entre les Bleus et les Boks.<\/p>\n<p>Malgr\u00e9 ses 32 s\u00e9lections avec les Bleus, il n\u2019a jamais jou\u00e9 contre l\u2019Afrique du Sud.<\/p>\n<p><strong>Il r\u00e9agit. Extrait:<\/strong><\/p>\n<p>J\u2019ai toujours su que, si je jouais ce match-l\u00e0, \u00e7a aurait \u00e9t\u00e9 le meilleur match de ma carri\u00e8re. En Afrique du Sud, on apprend \u00e0 d\u00e9foncer l\u2019adversaire, c\u2019est comme \u00e7a que tu gagnes le respect de l\u2019autre. C\u2019est ce que j\u2019aurais voulu faire si je les avais jou\u00e9s. Certains m\u2019ont dit : \u00ab\u00a0Tu joues pour la France parce que t\u2019as pas le niveau pour les Springboks\u00a0\u00bb. Mais non. L\u2019Afrique du Sud a toujours eu cette r\u00e9putation d\u2019\u00eatre physiquement tr\u00e8s forte. En jouant avec les Bleus, je voulais leur montrer que, certes, ils \u00e9taient forts, mais pas comme moi (rires). C\u2019\u00e9tait ma motivation ultime.<\/p>\n<p>Au-del\u00e0 de \u00e7a, je voulais jouer ces matches parce qu\u2019en face, ce sont des mecs de ma g\u00e9n\u00e9ration, j\u2019ai jou\u00e9 avec beaucoup d\u2019entre eux dans les cat\u00e9gories jeunes. Je les connaissais et ils me connaissaient. Mais c\u2019est comme \u00e7a.<\/p>\n<p><strong>Selon lui, les Springboks sont encore plus forts qu\u2019en 2023. Extrait:<\/strong><\/p>\n<p>Oui. Aujourd\u2019hui, dans le rugby international, tu es oblig\u00e9 de t\u2019am\u00e9liorer chaque ann\u00e9e. Si tu ne changes pas ou n\u2019\u00e9volues pas, les autres le font. Rassie Erasmus, le s\u00e9lectionneur, est tr\u00e8s fort pour \u00e7a. Il est toujours \u00e0 la recherche de la bonne strat\u00e9gie, de l\u2019innovation, pour \u00eatre meilleur. Et on voit que la g\u00e9n\u00e9ration qui arrive, notamment celle championne du monde U20, va cr\u00e9er des stars.<\/p>\n<p><strong>Il met ensuite en avant un point fort du XV de France. Extrait:<\/strong><\/p>\n<p>En France, c\u2019est vrai que les mecs jouent beaucoup. Je trouve \u00e7a tr\u00e8s bien que Fabien Galthi\u00e9 ait \u00e0 disposition 42 joueurs. Et l\u2019avantage de ce fonctionnement, c\u2019est que le groupe est plus ouvert, il y a plus de joueurs qui peuvent gagner de l\u2019exp\u00e9rience. C\u2019est plus facile pour identifier les futurs grands.<\/p>\n<p>En Afrique du Sud, c\u2019est diff\u00e9rent. Le rugby est tr\u00e8s comp\u00e9titif l\u00e0-bas, il n\u2019y a que cinq \u00e9quipes professionnelles. Il y a beaucoup d\u2019excellents joueurs qui sortent d\u2019universit\u00e9s, vers 17-18 ans. Mais si tu n\u2019es pas le meilleur, tu arr\u00eates le rugby. Beaucoup de talents se perdent en Afrique du Sud. Alors qu\u2019en France, il y a deux championnats professionnels, c\u2019est \u00e9norme. Si les Springboks avaient ce syst\u00e8me, ils seraient encore meilleurs.<\/p>\n<p><strong>Selon lui, les Sud-Africains sont favoris sur le papier. Extrait:<\/strong><\/p>\n<p>Sur le papier, je crois. Mais j\u2019aime notre c\u00f4t\u00e9 fran\u00e7ais, toujours capable de provoquer la d\u00e9cision. Pas mal de joueurs n\u2019ont pas beaucoup d\u2019exp\u00e9rience au niveau international et peuvent se r\u00e9v\u00e9ler.<\/p>\n<p><strong>Dans la foul\u00e9e, il confirme pousser \u00e0 100% derri\u00e8re les Bleus. Extrait:<\/strong><\/p>\n<p>Souvent, les journalistes me demandent\u00a0:\u00a0\u00ab\u00a0Vous supportez qui\u00a0?\u00a0\u00bb\u00a0Mais qu\u2019est-ce que je dois faire de plus pour montrer que je suis fran\u00e7ais\u00a0? J\u2019ai saign\u00e9 pour ce maillot, j\u2019ai jou\u00e9 avec pas mal de mecs dans cette \u00e9quipe qui sont comme des fr\u00e8res. C\u2019est mon \u00e9quipe.<\/p>\n","protected":false},"excerpt":{"rendered":"Le deuxi\u00e8me ligne Paul Willemse a \u00e9t\u00e9 contraint de mettre un terme \u00e0 sa carri\u00e8re de mani\u00e8re pr\u00e9matur\u00e9ment&hellip;\n","protected":false},"author":2,"featured_media":518388,"comment_status":"","ping_status":"","sticky":false,"template":"","format":"standard","meta":{"footnotes":""},"categories":[1416],"tags":[1011,27,479,1468,60],"class_list":{"0":"post-518387","1":"post","2":"type-post","3":"status-publish","4":"format-standard","5":"has-post-thumbnail","7":"category-rugby","8":"tag-fr","9":"tag-france","10":"tag-rugby","11":"tag-rugby-football","12":"tag-sports"},"share_on_mastodon":{"url":"https:\/\/pubeurope.com\/@fr\/115508769239277478","error":""},"_links":{"self":[{"href":"https:\/\/www.europesays.com\/fr\/wp-json\/wp\/v2\/posts\/518387","targetHints":{"allow":["GET"]}}],"collection":[{"href":"https:\/\/www.europesays.com\/fr\/wp-json\/wp\/v2\/posts"}],"about":[{"href":"https:\/\/www.europesays.com\/fr\/wp-json\/wp\/v2\/types\/post"}],"author":[{"embeddable":true,"href":"https:\/\/www.europesays.com\/fr\/wp-json\/wp\/v2\/users\/2"}],"replies":[{"embeddable":true,"href":"https:\/\/www.europesays.com\/fr\/wp-json\/wp\/v2\/comments?post=518387"}],"version-history":[{"count":0,"href":"https:\/\/www.europesays.com\/fr\/wp-json\/wp\/v2\/posts\/518387\/revisions"}],"wp:featuredmedia":[{"embeddable":true,"href":"https:\/\/www.europesays.com\/fr\/wp-json\/wp\/v2\/media\/518388"}],"wp:attachment":[{"href":"https:\/\/www.europesays.com\/fr\/wp-json\/wp\/v2\/media?parent=518387"}],"wp:term":[{"taxonomy":"category","embeddable":true,"href":"https:\/\/www.europesays.com\/fr\/wp-json\/wp\/v2\/categories?post=518387"},{"taxonomy":"post_tag","embeddable":true,"href":"https:\/\/www.europesays.com\/fr\/wp-json\/wp\/v2\/tags?post=518387"}],"curies":[{"name":"wp","href":"https:\/\/api.w.org\/{rel}","templated":true}]}}