{"id":518389,"date":"2025-11-07T13:58:11","date_gmt":"2025-11-07T13:58:11","guid":{"rendered":"https:\/\/www.europesays.com\/fr\/518389\/"},"modified":"2025-11-07T13:58:11","modified_gmt":"2025-11-07T13:58:11","slug":"metz-pourrait-accueillir-un-nouveau-tournoi-du-circuit-atp-apres-la-disparition-du-moselle-open-lequipe","status":"publish","type":"post","link":"https:\/\/www.europesays.com\/fr\/518389\/","title":{"rendered":"Metz pourrait accueillir un nouveau tournoi du circuit ATP, apr\u00e8s la disparition du Moselle Open &#8211; L&#039;\u00c9quipe"},"content":{"rendered":"<ol>\n<li><a href=\"https:\/\/news.google.com\/rss\/articles\/CBMi3AFBVV95cUxOeERSb0FPeVdENVNtUkVsQmVoWFA4ZHNDT3JkLTZGZlBmSmJJbjNzWTBJUzdNb3dFVUp5QmNzMTB1RWcyNE0tZkhINWhXelBjaERTREQwNDBNWWZxa2dsWFBwdWI3MUZUSk42Qk5aSjB1aGxja2RWdmsyc0VzdVI3NzQzVFBKUkE0Nmx5d3cxV1hRb3FoRFY5NXBNUzFYaTI1bE50eENLTzM1MjFvNHdsb1hPQ1hRdUs0Z29kNTVIN1dIVThiUjNoeExKcjIxS0Y0alEzSi04ZW9icjY2?oc=5\" target=\"_blank\" rel=\"nofollow noopener\">Metz pourrait accueillir un nouveau tournoi du circuit ATP, apr\u00e8s la disparition du Moselle Open<\/a>&nbsp;&nbsp;L&rsquo;\u00c9quipe<\/li>\n<li><a href=\"https:\/\/news.google.com\/rss\/articles\/CBMiqgFBVV95cUxPT3ZWZ2dLa1phY3pnLUhvZUQxUzEwODhKNF84NWZFYTdBVDFWM21aY0R4MV9hYVFsYTByc3FGWnM1LXpZQ3lua3ZLTHFWMU1TcGZUM3dUWlBNN0F5ekJoTjRtSWIzZmZVckNYQ3BtNTRTYmRaNWgxbFhLNlc5c0pwSFBmNzhEZ3ZQdW1PamNRaHVfa25IaW53ZzNzTEdHZUFEZk00RUJLMERuUQ?oc=5\" target=\"_blank\" rel=\"nofollow noopener\">Dans les archives du Moselle Open : le r\u00eave d&rsquo;un tournoi<\/a>&nbsp;&nbsp;Le Republicain Lorrain<\/li>\n<li><a href=\"https:\/\/news.google.com\/rss\/articles\/CBMigwFBVV95cUxNTm1uRXgtakFBbE5TQy1PeFpDODVOMGFMNmtheFBsdUtRWDdmdjZ6ck8tTkR4ajNzTlg4TG1QM1FZODhlUkRHb2R2eV9oOXBNeUdGakE2UzMyR2oxakVaXzY0c3dZWTBHNzhYNE9VZEVfT2sxeWtDanloY0tlSG92S20xOA?oc=5\" target=\"_blank\" rel=\"nofollow noopener\">Tennis &#8211; Moselle Open. Ce circuit qui n\u2019arr\u00eate jamais<\/a>&nbsp;&nbsp;L&rsquo;Est R\u00e9publicain<\/li>\n<li><a href=\"https:\/\/news.google.com\/rss\/articles\/CBMi0AFBVV95cUxNbDNnUGs4WFk0U2g1bkk0bXMyTEdlcF9VLUxwaGJqcHRqUEdfeGpjaFVvUEtDNU9tR0c5cy0tQndHWmI4cHh5U0Y0MTJVU3ZpeldibDJtb1ZITUMtTHFhbHh5ZVpjdkg4MXlvVHhrNWpxdU5NRnNGQ0oyd1pHUVN2aWNLZ3QxaTFxM1dFUllXMTJwVGR0QWF3Q0pyTUJTMUQ1WkR1dG9LWTdoRUxHLTBvSzlxczZYM3E5ZnNFWGV2bGhobTNJR3FISTNLaFdmU3pV?oc=5\" target=\"_blank\" rel=\"nofollow noopener\">ATP Metz &#8211; Le tableau, le direct et les r\u00e9sultats &#8211; Kyrian Jacquet et Cl\u00e9ment Tabur en quart<\/a>&nbsp;&nbsp;ski-nordique.net<\/li>\n<li><a href=\"https:\/\/news.google.com\/rss\/articles\/CBMi7gFBVV95cUxPT214bFhrRkx5R1p6bnpNUVVWNTV2TEd4M1VTSWpOTmVBalZkWWYwOTRFNHFnVk92N1VhcGw2dGRTWks5ek03U0MzdGpMVUs1LVBVTm93aV9fQkZuSkl0UjVaemN5eXVsTVBCaXVxNWpRNGt3U29LbTEwdk5lWDMtcDMtT19LVDNDcEg5UFlwcFZOYW1jbXRpWWlPbjVqQU02RUxWallhYlFkMDVZWnhTaDM5Y2g2SlVhdElheE52ZUd6TDBUOGlJY1V3bWhnVnl1RHNvWjB0M0Rsek1xNEhWMGV4d2w5OGprLWZZdkhn?oc=5\" target=\"_blank\" rel=\"nofollow noopener\">ATP 250 Moselle Open &#8211; Du bouquet final au p\u00e9tard mouill\u00e9 : Pour sa der, Metz m\u00e9ritait mieux<\/a>&nbsp;&nbsp;Eurosport<\/li>\n<\/ol>\n","protected":false},"excerpt":{"rendered":"Metz pourrait accueillir un nouveau tournoi du circuit ATP, apr\u00e8s la disparition du Moselle Open&nbsp;&nbsp;L&rsquo;\u00c9quipe Dans les archives&hellip;\n","protected":false},"author":2,"featured_media":518390,"comment_status":"","ping_status":"","sticky":false,"template":"","format":"standard","meta":{"footnotes":""},"categories":[1415],"tags":[1011,27,60,1467],"class_list":{"0":"post-518389","1":"post","2":"type-post","3":"status-publish","4":"format-standard","5":"has-post-thumbnail","7":"category-tennis","8":"tag-fr","9":"tag-france","10":"tag-sports","11":"tag-tennis"},"share_on_mastodon":{"url":"https:\/\/pubeurope.com\/@fr\/115508773045800301","error":""},"_links":{"self":[{"href":"https:\/\/www.europesays.com\/fr\/wp-json\/wp\/v2\/posts\/518389","targetHints":{"allow":["GET"]}}],"collection":[{"href":"https:\/\/www.europesays.com\/fr\/wp-json\/wp\/v2\/posts"}],"about":[{"href":"https:\/\/www.europesays.com\/fr\/wp-json\/wp\/v2\/types\/post"}],"author":[{"embeddable":true,"href":"https:\/\/www.europesays.com\/fr\/wp-json\/wp\/v2\/users\/2"}],"replies":[{"embeddable":true,"href":"https:\/\/www.europesays.com\/fr\/wp-json\/wp\/v2\/comments?post=518389"}],"version-history":[{"count":0,"href":"https:\/\/www.europesays.com\/fr\/wp-json\/wp\/v2\/posts\/518389\/revisions"}],"wp:featuredmedia":[{"embeddable":true,"href":"https:\/\/www.europesays.com\/fr\/wp-json\/wp\/v2\/media\/518390"}],"wp:attachment":[{"href":"https:\/\/www.europesays.com\/fr\/wp-json\/wp\/v2\/media?parent=518389"}],"wp:term":[{"taxonomy":"category","embeddable":true,"href":"https:\/\/www.europesays.com\/fr\/wp-json\/wp\/v2\/categories?post=518389"},{"taxonomy":"post_tag","embeddable":true,"href":"https:\/\/www.europesays.com\/fr\/wp-json\/wp\/v2\/tags?post=518389"}],"curies":[{"name":"wp","href":"https:\/\/api.w.org\/{rel}","templated":true}]}}