{"id":518395,"date":"2025-11-07T14:04:12","date_gmt":"2025-11-07T14:04:12","guid":{"rendered":"https:\/\/www.europesays.com\/fr\/518395\/"},"modified":"2025-11-07T14:04:12","modified_gmt":"2025-11-07T14:04:12","slug":"maya-hawke-en-pleurs-sur-le-tournage-de-stranger-things-le-prince-harry-presente-ses-excuses-au-canada","status":"publish","type":"post","link":"https:\/\/www.europesays.com\/fr\/518395\/","title":{"rendered":"Maya Hawke en pleurs sur le tournage de \u00ab\u00a0Stranger Things\u00a0\u00bb\u2026 Le prince Harry pr\u00e9sente ses excuses au Canada\u2026"},"content":{"rendered":"<p>Timoth\u00e9e Chalamet se verrait bien devenir p\u00e8re un jour<\/p>\n<p>L\u2019acteur de Dune ne dit pas non \u00e0 la paternit\u00e9. Lorsqu\u2019on lui a demand\u00e9 lors d\u2019un entretien avec <a href=\"https:\/\/www.vogue.com\/article\/timothee-chalamet-december-cover-2025-interview\" rel=\"nofollow noopener\" target=\"_blank\" class=\"c-link c-link--is-underlined\">Vogue<\/a> s\u2019il se verrait un jour devenir p\u00e8re, le com\u00e9dien de 29 ans, qui fr\u00e9quente depuis\u00a02023 la star de t\u00e9l\u00e9-r\u00e9alit\u00e9 et femme d\u2019affaires <a href=\"https:\/\/www.20minutes.fr\/arts-stars\/people\/4152444-20250508-timothee-chalamet-kylie-jenner-font-premier-tapis-rouge-fille-louane-aide-promouvoir-maman\" target=\"_blank\" class=\"c-link c-link--is-underlined\" rel=\"noopener\">Kylie Jenner<\/a>, elle-m\u00eame m\u00e8re de deux enfants, a r\u00e9pondu\u00a0: \u00ab\u00a0\u00c7a pourrait \u00eatre un objectif\u00a0\u00bb.<\/p>\n<p>Timoth\u00e9e Chalamet pense m\u00eame que devenir parent est l\u2019objectif naturel de tout \u00eatre humain sur Terre, m\u00eame s\u2019il est conscient que certaines personnes ont des difficult\u00e9s \u00e0 enfanter ou ne sont pas du m\u00eame avis\u00a0! Sa <a href=\"https:\/\/www.20minutes.fr\/arts-stars\/people\/4157096-20250605-espere-ca-aidera-kylie-jenner-parle-augmentation-mammaire-tabou-force-details\" target=\"_blank\" class=\"c-link c-link--is-underlined\" rel=\"noopener\">compagne<\/a> est m\u00e8re d\u2019une fille de sept ans, Stormi, et d\u2019un gar\u00e7on de trois ans, Aire, n\u00e9s de sa pr\u00e9c\u00e9dente relation avec le rappeur Travis Scott.<\/p>\n<p>Maya Hawke a pleur\u00e9 \u00ab\u00a0tout au long\u00a0\u00bb de la derni\u00e8re journ\u00e9e de tournage de \u00ab\u00a0Stranger Things\u00a0\u00bb<\/p>\n<p>Le prince Harry pr\u00e9sente ses excuses \u00ab\u00a0au Canada\u00a0\u00bb apr\u00e8s un match de baseball<\/p>\n<p>Mais qu\u2019a bien pu faire le prince Harry pour contrarier les Canadiens\u00a0? L\u2019\u00e9poux de <a href=\"https:\/\/www.20minutes.fr\/arts-stars\/people\/4181832-20251027-vincent-cassel-fete-anniversaire-compagne-meghan-markle-enfants-preparent-halloween\" target=\"_blank\" class=\"c-link c-link--is-underlined\" rel=\"noopener\">Meghan Markle<\/a> a r\u00e9cemment assist\u00e9 \u00e0 un match de baseball des World Series 2025 opposant les Dodgers de Los Angeles aux Blue Jays de Toronto. Et plut\u00f4t que de porter les couleurs de l\u2019\u00e9quipe canadienne, issue d\u2019un pays du Commonwealth que le second fils du roi Charles III conna\u00eet bien, <a href=\"https:\/\/www.20minutes.fr\/arts-stars\/people\/4172723-20250912-ukraine-prince-harry-debarque-visite-surprise\" target=\"_blank\" class=\"c-link c-link--is-underlined\" rel=\"noopener\">le prince Harry<\/a> a \u00e9t\u00e9 aper\u00e7u avec une casquette des Dodgers de Los Angeles.<\/p>\n<p>En r\u00e9ponse \u00e0 ceux qui l\u2019auraient mal pris, le jeune p\u00e8re a exprim\u00e9 ses regrets au micro de CTV News, comme l\u2019a rapport\u00e9 la <a href=\"https:\/\/www.bbc.co.uk\/news\/articles\/cd9kgpvzlndo\" rel=\"nofollow noopener\" target=\"_blank\" class=\"c-link c-link--is-underlined\">BBC<\/a>\u00a0: \u00ab\u00a0Je tiens \u00e0 pr\u00e9senter mes excuses au Canada pour l\u2019avoir port\u00e9\u00a0\u00bb. Mais ce geste \u00e9tait un acte de soutien \u00e0 son \u00e9pouse, originaire de Los Angeles, et de \u00ab\u00a0politesse\u00a0\u00bb \u00e0 l\u2019\u00e9gard du propri\u00e9taire de l\u2019\u00e9quipe californienne, qui l\u2019avait \u00e9t\u00e9 invit\u00e9 \u00e0 s\u2019asseoir dans la loge des Dodgers. \u00ab\u00a0J\u2019\u00e9tais sous la contrainte\u00a0\u00bb, a plaisant\u00e9 le prince Harry.<\/p>\n","protected":false},"excerpt":{"rendered":"Timoth\u00e9e Chalamet se verrait bien devenir p\u00e8re un jour L\u2019acteur de Dune ne dit pas non \u00e0 la&hellip;\n","protected":false},"author":2,"featured_media":518396,"comment_status":"","ping_status":"","sticky":false,"template":"","format":"standard","meta":{"footnotes":""},"categories":[1359],"tags":[63869,58,59,2702,1011,27,19295,908,973,267,19536,13427,133],"class_list":{"0":"post-518395","1":"post","2":"type-post","3":"status-publish","4":"format-standard","5":"has-post-thumbnail","7":"category-people","8":"tag-commonwealth","9":"tag-divertissement","10":"tag-entertainment","11":"tag-fil-des-stars","12":"tag-fr","13":"tag-france","14":"tag-kylie-jenner","15":"tag-meghan-markle","16":"tag-people","17":"tag-prince-harry","18":"tag-stranger-things","19":"tag-timothee-chalamet","20":"tag-video"},"share_on_mastodon":{"url":"https:\/\/pubeurope.com\/@fr\/115508796859879202","error":""},"_links":{"self":[{"href":"https:\/\/www.europesays.com\/fr\/wp-json\/wp\/v2\/posts\/518395","targetHints":{"allow":["GET"]}}],"collection":[{"href":"https:\/\/www.europesays.com\/fr\/wp-json\/wp\/v2\/posts"}],"about":[{"href":"https:\/\/www.europesays.com\/fr\/wp-json\/wp\/v2\/types\/post"}],"author":[{"embeddable":true,"href":"https:\/\/www.europesays.com\/fr\/wp-json\/wp\/v2\/users\/2"}],"replies":[{"embeddable":true,"href":"https:\/\/www.europesays.com\/fr\/wp-json\/wp\/v2\/comments?post=518395"}],"version-history":[{"count":0,"href":"https:\/\/www.europesays.com\/fr\/wp-json\/wp\/v2\/posts\/518395\/revisions"}],"wp:featuredmedia":[{"embeddable":true,"href":"https:\/\/www.europesays.com\/fr\/wp-json\/wp\/v2\/media\/518396"}],"wp:attachment":[{"href":"https:\/\/www.europesays.com\/fr\/wp-json\/wp\/v2\/media?parent=518395"}],"wp:term":[{"taxonomy":"category","embeddable":true,"href":"https:\/\/www.europesays.com\/fr\/wp-json\/wp\/v2\/categories?post=518395"},{"taxonomy":"post_tag","embeddable":true,"href":"https:\/\/www.europesays.com\/fr\/wp-json\/wp\/v2\/tags?post=518395"}],"curies":[{"name":"wp","href":"https:\/\/api.w.org\/{rel}","templated":true}]}}