{"id":518405,"date":"2025-11-07T14:10:13","date_gmt":"2025-11-07T14:10:13","guid":{"rendered":"https:\/\/www.europesays.com\/fr\/518405\/"},"modified":"2025-11-07T14:10:13","modified_gmt":"2025-11-07T14:10:13","slug":"cette-boisson-quon-croit-saine-nuit-a-votre-memoire","status":"publish","type":"post","link":"https:\/\/www.europesays.com\/fr\/518405\/","title":{"rendered":"cette boisson qu\u2019on croit saine nuit \u00e0 votre m\u00e9moire"},"content":{"rendered":"<p>Le cerveau, cet organe attirant qui r\u00e9git nos pens\u00e9es et nos actions, est plus vuln\u00e9rable qu&rsquo;on ne le pense. Une r\u00e9cente \u00e9tude men\u00e9e par l&rsquo;Universit\u00e9 de Boston soul\u00e8ve des inqui\u00e9tudes quant \u00e0 l&rsquo;impact de certaines boissons sur notre sant\u00e9 cognitive. Les chercheurs ont identifi\u00e9 un breuvage particuli\u00e8rement nocif, qui pourrait acc\u00e9l\u00e9rer le vieillissement c\u00e9r\u00e9bral et augmenter le risque de d\u00e9velopper la maladie d&rsquo;Alzheimer de mani\u00e8re pr\u00e9coce.<\/p>\n<p>Les dangers insoup\u00e7onn\u00e9s des jus de fruits<\/p>\n<p>Contrairement aux id\u00e9es re\u00e7ues, les jus de fruits, souvent consid\u00e9r\u00e9s comme des options saines, pourraient en r\u00e9alit\u00e9 \u00eatre pr\u00e9judiciables pour notre cerveau. L&rsquo;\u00e9tude, publi\u00e9e dans la revue <a href=\"https:\/\/pmc.ncbi.nlm.nih.gov\/articles\/PMC6820519\/\" title=\"Consommation de boissons sucr\u00e9es et maladie d&#039;Alzheimer pr\u00e9clinique dans la communaut\u00e9\" target=\"_blank\" rel=\"noopener\">Alzheimer &amp; Dementia<\/a>, a suivi plus de 4 000 participants \u00e2g\u00e9s de plus de 30 ans. Les r\u00e9sultats sont sans appel : une consommation r\u00e9guli\u00e8re de <a href=\"https:\/\/www.futura-sciences.com\/sante\/actualites\/alimentation-jus-fruits-sont-limiter-chez-enfants-meme-100-pur-jus-111754\/\" title=\"Pourquoi les jus de fruits sont \u00e0 limiter chez les enfants, m\u00eame 100 % pur jus ?\" target=\"_blank\" rel=\"noopener\">jus de fruits<\/a>\u00a0est associ\u00e9e \u00e0 des signes inqui\u00e9tants de <a href=\"https:\/\/www.futura-sciences.com\/sante\/dossiers\/medecine-vieillissement-cerebral-maladie-alzheimer-decryptage-scientifique-1615\/\" title=\"Du vieillissement c\u00e9r\u00e9bral \u00e0 la maladie d\u2019Alzheimer, d\u00e9cryptage scientifique\" target=\"_blank\" rel=\"noopener\">vieillissement c\u00e9r\u00e9bral<\/a> acc\u00e9l\u00e9r\u00e9.<\/p>\n<p>Les chercheurs ont observ\u00e9 une r\u00e9duction du <a href=\"https:\/\/www.futura-sciences.com\/sciences\/definitions\/physique-volume-15919\/\" target=\"_blank\" rel=\"noopener\">volume<\/a> c\u00e9r\u00e9bral total chez les personnes consommant fr\u00e9quemment des jus de fruits. De surcro\u00eet, leur m\u00e9moire \u00e9pisodique, celle qui nous permet de nous souvenir des \u00e9v\u00e9nements personnels, \u00e9tait significativement alt\u00e9r\u00e9e par rapport aux individus en consommant peu ou pas du tout.<\/p>\n<p class=\"fs-media\">\n<p><img decoding=\"async\" data-imgid=\"full\" src=\"https:\/\/www.europesays.com\/fr\/wp-content\/uploads\/2025\/11\/alzheimer-boisson-jus-fruit.png\" width=\"1080\" height=\"720\" alt=\"\" loading=\"lazy\"\/><br \/>\nVous buvez probablement cette boisson, mais elle n&rsquo;est pas sans risque pour votre cerveau et pourrait augmenter votre risque d&rsquo;Alzheimer. \u00a9 Rossella De Berti, iStock<\/p>\n<p>L&rsquo;hippocampe, victime collat\u00e9rale de notre consommation<\/p>\n<p>L&rsquo;<a href=\"https:\/\/www.futura-sciences.com\/planete\/definitions\/zoologie-hippocampe-4673\/\" target=\"_blank\" rel=\"noopener\">hippocampe<\/a>, une structure c\u00e9r\u00e9brale cruciale pour la m\u00e9moire et l&rsquo;apprentissage, semble particuli\u00e8rement vuln\u00e9rable aux effets n\u00e9fastes des jus de fruits. Les participants buvant quotidiennement ces boissons pr\u00e9sentaient un hippocampe atrophi\u00e9 et endommag\u00e9. Ce constat est d&rsquo;autant plus alarmant que l&rsquo;atteinte de cette r\u00e9gion est un marqueur pr\u00e9dictif de la <a href=\"https:\/\/www.futura-sciences.com\/sante\/actualites\/maladie-alzheimer-maladie-alzheimer-75-facteurs-risques-genetiques-ont-ete-identifies-97749\/\" title=\"Maladie d\u2019Alzheimer : 75 facteurs de risques g\u00e9n\u00e9tiques ont \u00e9t\u00e9 identifi\u00e9s\" target=\"_blank\" rel=\"noopener\">maladie d&rsquo;Alzheimer<\/a> pr\u00e9coce, d\u00e9finie comme survenant avant l&rsquo;\u00e2ge de 65 ans.<\/p>\n<p>Les jus incrimin\u00e9s ne se limitent pas \u00e0 une seule vari\u00e9t\u00e9. Qu&rsquo;il s&rsquo;agisse de jus de pomme, d&rsquo;orange ou de <a href=\"https:\/\/www.futura-sciences.com\/planete\/definitions\/botanique-pamplemousse-19768\/\" target=\"_blank\" rel=\"noopener\">pamplemousse<\/a>, tous semblent avoir des effets d\u00e9l\u00e9t\u00e8res sur notre sant\u00e9 cognitive. La raison principale de cette nocivit\u00e9 r\u00e9side dans leur teneur \u00e9lev\u00e9e en sucre, un nutriment connu pour perturber les processus cognitifs et les marqueurs neuropsychologiques impliqu\u00e9s dans l&rsquo;apparition de la <a href=\"https:\/\/www.futura-sciences.com\/sante\/definitions\/medecine-demence-3227\/\" target=\"_blank\" rel=\"noopener\">d\u00e9mence<\/a>.<\/p>\n<p>Pr\u00e9server son cerveau : l&rsquo;\u00e9quilibre est la cl\u00e9<\/p>\n<p>Face \u00e0 ces d\u00e9couvertes inqui\u00e9tantes, il est l\u00e9gitime de se demander comment prot\u00e9ger notre cerveau tout en profitant des <a href=\"https:\/\/www.futura-sciences.com\/sante\/questions-reponses\/nutrition-sont-bienfaits-fruits-secs-2660\/\" title=\"Quels sont les bienfaits des fruits secs ?\" target=\"_blank\" rel=\"noopener\">bienfaits des fruits<\/a>. Caroline Seguin, di\u00e9t\u00e9ticienne-<a href=\"https:\/\/www.futura-sciences.com\/formation\/metiers\/metiers-nutritionniste-315\/\" target=\"_blank\" rel=\"noopener\">nutritionniste<\/a>, recommande la mod\u00e9ration : \u00ab On peut s&rsquo;autoriser un petit verre de jus de fruits (125 ml) par jour, au petit-d\u00e9jeuner id\u00e9alement, \u00e0 condition que ce soit un 100 % pur jus (donc sans sucres ajout\u00e9s, ni eau ni additifs) ou une orange press\u00e9e \u00bb.<\/p>\n<p>Remarquons que d&rsquo;autres boissons peuvent avoir des effets b\u00e9n\u00e9fiques sur notre sant\u00e9 c\u00e9r\u00e9brale. Le <a href=\"https:\/\/www.futura-sciences.com\/sante\/definitions\/nutrition-vert-16728\/\" target=\"_blank\" rel=\"noopener\">th\u00e9 vert<\/a> et certaines <a href=\"https:\/\/www.futura-sciences.com\/sante\/definitions\/medecine-infusion-2729\/\" target=\"_blank\" rel=\"noopener\">infusions<\/a>, par exemple, sont riches en <a href=\"https:\/\/www.futura-sciences.com\/sante\/definitions\/biologie-antioxydants-1659\/\" target=\"_blank\" rel=\"noopener\">antioxydants<\/a> qui prot\u00e8gent notre syst\u00e8me c\u00e9r\u00e9bral. Ces alternatives saines peuvent \u00eatre int\u00e9gr\u00e9es \u00e0 notre alimentation quotidienne pour soutenir nos <a href=\"https:\/\/www.futura-sciences.com\/planete\/questions-reponses\/pollution-pollution-air-altere-nos-fonctions-cognitives-16993\/\" title=\"Pourquoi la pollution de l\u2019air alt\u00e8re nos fonctions cognitives ?\" target=\"_blank\" rel=\"noopener\">fonctions cognitives<\/a>.<\/p>\n<p>Vers une alimentation consciente pour un cerveau sain<\/p>\n<p>Cette \u00e9tude nous rappelle l&rsquo;importance d&rsquo;une <a href=\"https:\/\/www.futura-sciences.com\/sante\/questions-reponses\/nutrition-alimentation-equilibree-regle-421-gpl-1830\/\" title=\"Alimentation \u00e9quilibr\u00e9e : la r\u00e8gle du 421 GPL\" target=\"_blank\" rel=\"noopener\">alimentation \u00e9quilibr\u00e9e<\/a>\u00a0et r\u00e9fl\u00e9chie pour pr\u00e9server notre sant\u00e9 cognitive \u00e0 long terme. Plut\u00f4t que de bannir compl\u00e8tement les jus de fruits, il est pr\u00e9f\u00e9rable d&rsquo;adopter une approche mesur\u00e9e et de privil\u00e9gier la consommation de fruits entiers, naturellement riches en fibres qui ralentissent l&rsquo;<a href=\"https:\/\/www.futura-sciences.com\/sante\/definitions\/medecine-absorption-2910\/\" target=\"_blank\" rel=\"noopener\">absorption<\/a> du sucre.<\/p>\n<p>Tout compte fait, prendre soin de notre cerveau implique une vigilance constante quant \u00e0 notre consommation de boissons sucr\u00e9es. En restant attentifs \u00e0 notre alimentation et en faisant des choix \u00e9clair\u00e9s, nous pouvons contribuer activement \u00e0 maintenir nos capacit\u00e9s cognitives et \u00e0 r\u00e9duire le risque de d\u00e9clin c\u00e9r\u00e9bral pr\u00e9matur\u00e9.<\/p>\n","protected":false},"excerpt":{"rendered":"Le cerveau, cet organe attirant qui r\u00e9git nos pens\u00e9es et nos actions, est plus vuln\u00e9rable qu&rsquo;on ne le&hellip;\n","protected":false},"author":2,"featured_media":518406,"comment_status":"","ping_status":"","sticky":false,"template":"","format":"standard","meta":{"footnotes":""},"categories":[10],"tags":[258,63872,709,231,286,281,1011,27,72,63871,45392,278,51187,71,1277,30872],"class_list":{"0":"post-518405","1":"post","2":"type-post","3":"status-publish","4":"format-standard","5":"has-post-thumbnail","7":"category-sante","8":"tag-alimentation","9":"tag-alzheimer-precoce","10":"tag-boisson","11":"tag-cerveau","12":"tag-declin-cognitif","13":"tag-demence","14":"tag-fr","15":"tag-france","16":"tag-health","17":"tag-hippocampe","18":"tag-jus-de-fruits","19":"tag-les-tendances","20":"tag-maladie-dalzheimer-2","21":"tag-sante","22":"tag-sucre","23":"tag-vieillissement-cerebral"},"share_on_mastodon":{"url":"https:\/\/pubeurope.com\/@fr\/115508820664454043","error":""},"_links":{"self":[{"href":"https:\/\/www.europesays.com\/fr\/wp-json\/wp\/v2\/posts\/518405","targetHints":{"allow":["GET"]}}],"collection":[{"href":"https:\/\/www.europesays.com\/fr\/wp-json\/wp\/v2\/posts"}],"about":[{"href":"https:\/\/www.europesays.com\/fr\/wp-json\/wp\/v2\/types\/post"}],"author":[{"embeddable":true,"href":"https:\/\/www.europesays.com\/fr\/wp-json\/wp\/v2\/users\/2"}],"replies":[{"embeddable":true,"href":"https:\/\/www.europesays.com\/fr\/wp-json\/wp\/v2\/comments?post=518405"}],"version-history":[{"count":0,"href":"https:\/\/www.europesays.com\/fr\/wp-json\/wp\/v2\/posts\/518405\/revisions"}],"wp:featuredmedia":[{"embeddable":true,"href":"https:\/\/www.europesays.com\/fr\/wp-json\/wp\/v2\/media\/518406"}],"wp:attachment":[{"href":"https:\/\/www.europesays.com\/fr\/wp-json\/wp\/v2\/media?parent=518405"}],"wp:term":[{"taxonomy":"category","embeddable":true,"href":"https:\/\/www.europesays.com\/fr\/wp-json\/wp\/v2\/categories?post=518405"},{"taxonomy":"post_tag","embeddable":true,"href":"https:\/\/www.europesays.com\/fr\/wp-json\/wp\/v2\/tags?post=518405"}],"curies":[{"name":"wp","href":"https:\/\/api.w.org\/{rel}","templated":true}]}}