{"id":518409,"date":"2025-11-07T14:12:14","date_gmt":"2025-11-07T14:12:14","guid":{"rendered":"https:\/\/www.europesays.com\/fr\/518409\/"},"modified":"2025-11-07T14:12:14","modified_gmt":"2025-11-07T14:12:14","slug":"charles-iii-son-message-sans-detour-a-beatrice-et-eugenie-dans-la-tourmente-a-cause-de-leur-pere-andrew","status":"publish","type":"post","link":"https:\/\/www.europesays.com\/fr\/518409\/","title":{"rendered":"Charles III : son message sans d\u00e9tour \u00e0 Beatrice et Eugenie, dans la tourmente \u00e0 cause de leur p\u00e8re Andrew"},"content":{"rendered":"<p>Les filles du prince Andrew choisissent de rester \u00e9loign\u00e9es de<br \/>\nleur p\u00e8re controvers\u00e9. Dans un communiqu\u00e9 diffus\u00e9 par le palais de<br \/>\nBuckingham, Charles III a annonc\u00e9 la <strong>suppression du<br \/>\ntitre<\/strong> de prince \u00e0 son fr\u00e8re et ordonn\u00e9 son d\u00e9part du Royal<br \/>\nLodge, sa r\u00e9sidence officielle \u00e0 Windsor. Une d\u00e9cision historique<br \/>\npour la monarchie britannique moderne qui, si elle touche<br \/>\nl\u2019ex-\u00e9pouse d\u2019Andrew, <a href=\"https:\/\/www.closermag.fr\/royautes\/sarah-ferguson-rien-ne-va-plus-avec-ses-filles-beatrice-et-eugenie-a-cause-des-frasques-dandrew-3591407\" target=\"_blank\" rel=\"noopener\"><br \/>\nSarah Ferguson<\/a>, laisse leurs filles Beatrice et Eugenie \u00e0<br \/>\nl\u2019\u00e9cart.<\/p>\n<p>Alors que leur p\u00e8re subit les cons\u00e9quences de son lien avec le<br \/>\nmilliardaire am\u00e9ricain et pr\u00e9dateur sexuel Jeffrey Epstein, et des<br \/>\naccusations d\u2019agressions sexuelles sur mineure, <strong>Beatrice et<br \/>\nEugenie se tiennent volontairement \u00e0 l\u2019\u00e9cart du scandale<\/strong>.<br \/>\nElles \u00e9vitent de commenter l\u2019affaire ou de se montrer aux c\u00f4t\u00e9s<br \/>\nd\u2019Andrew, chacune poursuivant sa vie. N\u00e9anmoins, Charles III a<br \/>\nvoulu leur faire passer un message clair.<\/p>\n<p>Charles III pousse ses ni\u00e8ces \u00e0 l\u2019ind\u00e9pendance<\/p>\n<p>Le roi Charles a clairement indiqu\u00e9 \u00e0 ses ni\u00e8ces, <a href=\"https:\/\/www.closermag.fr\/royautes\/andrew-perd-son-titre-de-prince-ses-filles-beatrice-et-eugenie-quittent-le-royaume-uni-a-pas-feutres-3590762\" target=\"_blank\" rel=\"noopener\"><br \/>\nles princesses Beatrice et Eugenie<\/a>, qu\u2019elles devaient<br \/>\n\u00ab\u00a0<strong>se tenir sur leurs deux pieds<\/strong>\u00a0\u00bb dans le<br \/>\ncadre d\u2019une r\u00e9organisation financi\u00e8re et apr\u00e8s le dernier scandale<br \/>\nimpliquant Andrew Mountbatten-Windsor, selon l\u2019auteur royal Robert<br \/>\nJobson. Depuis son accession au tr\u00f4ne en 2022, le roi \u0153uvre \u00e0<br \/>\n\u00ab\u00a0apporter des changements visant \u00e0 maintenir la monarchie en<br \/>\nforme pour les g\u00e9n\u00e9rations \u00e0 venir\u00a0\u00bb.<\/p>\n<p>Parmi ces mesures, les membres non actifs de la famille royale,<br \/>\ncomme <strong>Beatrice et Eugenie, doivent d\u00e9sormais financer<br \/>\neux-m\u00eames leur logement pour \u00e9viter d\u2019utiliser les r\u00e9sidences<br \/>\nroyales comme \u00ab\u00a0h\u00e9bergements subventionn\u00e9s\u00a0\u00bb<\/strong>. Selon<br \/>\nJobson, le roi est frustr\u00e9 par la gestion du palais, qu\u2019il juge<br \/>\n\u00ab\u00a0comme un h\u00f4tel, et pas tr\u00e8s bon\u00a0\u00bb, et souhaite que les<br \/>\npropri\u00e9t\u00e9s soient d\u00e9sormais lou\u00e9es \u00e0 des tarifs commerciaux \u00e0 des<br \/>\npersonnes ext\u00e9rieures \u00e0 la famille, avec des contr\u00f4les de s\u00e9curit\u00e9<br \/>\nappropri\u00e9s.<\/p>\n<p>Des changements li\u00e9s aux titres et aux<br \/>\nr\u00e9sidences<\/p>\n<p>Cette r\u00e9forme intervient alors que leur p\u00e8re, Andrew, a<br \/>\nofficiellement perdu tous ses titres et distinctions apr\u00e8s la<br \/>\npublication d\u2019une Letters Patent par le roi, consign\u00e9e dans le<br \/>\nregistre officiel britannique. Beatrice vit principalement dans une<br \/>\n<strong>ferme<\/strong> des Cotswolds avec son mari Edoardo Mapelli<br \/>\nMozzi et leurs enfants, mais partage son temps avec un appartement<br \/>\nd\u2019\u00c9tat \u00e0 St James&rsquo;s Palace.<\/p>\n<p>Eugenie, elle, alterne entre le <strong>Portugal et le<br \/>\nRoyaume-Uni<\/strong> avec son mari Jack Brooksbank, et r\u00e9side au<br \/>\nIvy Cottage dans l\u2019enceinte de Kensington Palace lorsqu\u2019elle est au<br \/>\nRoyaume-Uni. Quant \u00e0 <a href=\"https:\/\/www.closermag.fr\/royautes\/andrew-nest-plus-prince-charles-iii-lui-retire-officiellement-tous-ses-titres-et-le-fait-quitter-le-royal-lodge-3590575\" target=\"_blank\" rel=\"noopener\"><br \/>\nAndrew, il a accept\u00e9 de quitter Royal Lodge<\/a> et devrait<br \/>\ns\u2019installer l\u2019ann\u00e9e prochaine dans la propri\u00e9t\u00e9 priv\u00e9e du roi \u00e0<br \/>\n<strong>Sandringham<\/strong>, amor\u00e7ant ainsi son exil interne.<\/p>\n","protected":false},"excerpt":{"rendered":"Les filles du prince Andrew choisissent de rester \u00e9loign\u00e9es de leur p\u00e8re controvers\u00e9. Dans un communiqu\u00e9 diffus\u00e9 par&hellip;\n","protected":false},"author":2,"featured_media":518410,"comment_status":"","ping_status":"","sticky":false,"template":"","format":"standard","meta":{"footnotes":""},"categories":[8],"tags":[581,58,59,1011,27,546],"class_list":{"0":"post-518409","1":"post","2":"type-post","3":"status-publish","4":"format-standard","5":"has-post-thumbnail","7":"category-divertissement","8":"tag-charles-iii","9":"tag-divertissement","10":"tag-entertainment","11":"tag-fr","12":"tag-france","13":"tag-prince-andrew"},"share_on_mastodon":{"url":"https:\/\/pubeurope.com\/@fr\/115508828780728093","error":""},"_links":{"self":[{"href":"https:\/\/www.europesays.com\/fr\/wp-json\/wp\/v2\/posts\/518409","targetHints":{"allow":["GET"]}}],"collection":[{"href":"https:\/\/www.europesays.com\/fr\/wp-json\/wp\/v2\/posts"}],"about":[{"href":"https:\/\/www.europesays.com\/fr\/wp-json\/wp\/v2\/types\/post"}],"author":[{"embeddable":true,"href":"https:\/\/www.europesays.com\/fr\/wp-json\/wp\/v2\/users\/2"}],"replies":[{"embeddable":true,"href":"https:\/\/www.europesays.com\/fr\/wp-json\/wp\/v2\/comments?post=518409"}],"version-history":[{"count":0,"href":"https:\/\/www.europesays.com\/fr\/wp-json\/wp\/v2\/posts\/518409\/revisions"}],"wp:featuredmedia":[{"embeddable":true,"href":"https:\/\/www.europesays.com\/fr\/wp-json\/wp\/v2\/media\/518410"}],"wp:attachment":[{"href":"https:\/\/www.europesays.com\/fr\/wp-json\/wp\/v2\/media?parent=518409"}],"wp:term":[{"taxonomy":"category","embeddable":true,"href":"https:\/\/www.europesays.com\/fr\/wp-json\/wp\/v2\/categories?post=518409"},{"taxonomy":"post_tag","embeddable":true,"href":"https:\/\/www.europesays.com\/fr\/wp-json\/wp\/v2\/tags?post=518409"}],"curies":[{"name":"wp","href":"https:\/\/api.w.org\/{rel}","templated":true}]}}