{"id":518420,"date":"2025-11-07T14:21:40","date_gmt":"2025-11-07T14:21:40","guid":{"rendered":"https:\/\/www.europesays.com\/fr\/518420\/"},"modified":"2025-11-07T14:21:40","modified_gmt":"2025-11-07T14:21:40","slug":"saint-etienne-des-tracteurs-dans-la-ville-pourquoi-les-agriculteurs-manifestent","status":"publish","type":"post","link":"https:\/\/www.europesays.com\/fr\/518420\/","title":{"rendered":"Saint-Etienne. Des tracteurs dans la ville : pourquoi les agriculteurs manifestent"},"content":{"rendered":"<p>            Par<br \/>\n        <strong><br \/>\n            <a href=\"https:\/\/actu.fr\/auteur\/mathias-souteyrat\" title=\"Consulter tous les articles de Mathias Souteyrat\" rel=\"nofollow noopener\" target=\"_blank\">Mathias Souteyrat<\/a><br \/>\n        <\/strong><\/p>\n<p>        Publi\u00e9 le<\/p>\n<p>            7 nov. 2025 \u00e0 12h00        <\/p>\n<p>Des tracteurs sont partis ce vendredi 7\u00a0novembre \u00e0 10\u00a0heures sur le parking en face du <a href=\"https:\/\/actu.fr\/tag\/stade-geoffroy-guichard\" rel=\"nofollow noopener\" target=\"_blank\">stade Geoffroy-Guichard<\/a> jusqu\u2019\u00e0 la pr\u00e9fecture, place Jean-Jaur\u00e8s \u00e0 <a href=\"https:\/\/actu.fr\/auvergne-rhone-alpes\/saint-etienne_42218\" rel=\"nofollow noopener\" target=\"_blank\">Saint-\u00c9tienne<\/a>, bloquant une partie de la circulation.<\/p>\n<p>    <img   decoding=\"async\" loading=\"lazy\" src=\"https:\/\/www.europesays.com\/fr\/wp-content\/uploads\/2025\/11\/577886673-1146084897705252-8009350864039558614-n-960x640.jpg\" alt=\"Des tracteurs sont partis ce vendredi sur le parking en face du stade Geoffroy-Guichard jusqu'\u00e0 la pr\u00e9fecture, place Jean-Jaur\u00e8s \u00e0 Saint-Etienne.\" width=\"960\" height=\"640\"\/><br \/>\n    Des tracteurs sont partis ce vendredi sur le parking en face du stade Geoffroy-Guichard jusqu\u2019\u00e0 la pr\u00e9fecture, place Jean-Jaur\u00e8s \u00e0 Saint-Etienne. (\u00a9Police de la Loire)<\/p>\n<p class=\" wall-content\">Cette action syndicale est men\u00e9e par les Jeunes agriculteurs (JA) et FDSEA de la Loire.<\/p>\n<p>\u00ab\u2009La Dermatose Nodulaire Contagieuse inqui\u00e8te nos \u00e9leveurs\u2009\u00bb<br \/>\n    <img   decoding=\"async\" loading=\"lazy\" src=\"https:\/\/www.europesays.com\/fr\/wp-content\/uploads\/2025\/11\/577920712-2094575944407944-8173535826812223107-n-960x640.jpg\" alt=\"En op\u00e9ration escargot, les tracteurs des agriculteurs ont d\u00e9vers\u00e9 leurs bennes devant la pr\u00e9fecture.\" width=\"960\" height=\"640\"\/><br \/>\n    En op\u00e9ration escargot, les tracteurs des agriculteurs ont d\u00e9vers\u00e9 leurs bennes devant la pr\u00e9fecture. (\u00a9Fdsea de la Loire)<\/p>\n<p class=\" wall-content\">\u00ab\u00a0Pour dire notre ras-le-bol de la situation\u2009! Trop, c\u2019est trop\u2009! Depuis des mois, nous nous battons pour d\u00e9fendre l\u2019agriculture fran\u00e7aise\u2026 mais les dossiers s\u2019enlisent ou reculent\u2009!\u00a0\u00bb, \u00e9crivent les syndicats.<\/p>\n<blockquote class=\"ac-article-quote wall-content\">\n<p>D\u00e9crets en attente, nouvelles contraintes environnementales, extension des zones vuln\u00e9rables Nitrates, aires prot\u00e9g\u00e9es, attaques de loups\u2026 la liste est longue. La Dermatose nodulaire contagieuse inqui\u00e8te nos \u00e9leveurs. Nous exigeons toute la transparence sur son arriv\u00e9e dans le Rh\u00f4ne ! Et pendant que les \u00e9leveurs ne pouvaient pas vendre leurs animaux, le minist\u00e8re bloquait les exports. Certes, les march\u00e9s rouvrent au 1er novembre, mais des solutions durables doivent \u00eatre trouv\u00e9es avec nos partenaires commerciaux.<\/p>\n<p>    <strong>JA et FDSEA de la Loire<\/strong>\n            <\/p><\/blockquote>\n<p class=\" wall-content\">Voici leurs demandes\u2009:<\/p>\n<p>Votre r\u00e9gion, votre actu !<\/p>\n<p>Recevez chaque jour les infos qui comptent pour vous.<\/p>\n<p>\t<a href=\"https:\/\/actu.fr\/newsletter\" class=\"ac-btn ac-btn--corner ac-btn--medium ac-btn--blue800\" rel=\"nofollow noopener\" target=\"_blank\">S&rsquo;incrire<\/a><\/p>\n<ul class=\" wall-content\">\n<li>Des prix justes pour vivre de nos productions<\/li>\n<li>Des perspectives pour les jeunes et l\u2019installation<\/li>\n<li>Des moyens d\u2019adapter nos exploitations, notamment via le stockage de l\u2019eau<\/li>\n<\/ul>\n<p class=\" wall-content\">Les syndicats agricoles sont oppos\u00e9s \u00e0 l\u2019extension des zones vuln\u00e9rables nitrates, les aires prot\u00e9g\u00e9es, les contraintes sur les dates d\u2019\u00e9pandage et le loup.<\/p>\n<p class=\" wall-content\">Personnalisez votre actualit\u00e9 en ajoutant vos villes et m\u00e9dias en favori avec <a href=\"https:\/\/moncompte.actu.fr\" title=\"D\u00e9couvez Mon Actu\" rel=\"nofollow noopener\" data-trk=\"{&quot;cta&quot;:{&quot;action&quot;:&quot;https:\\\/\\\/moncompte.actu.fr&quot;,&quot;category&quot;:&quot;mon compte&quot;,&quot;from&quot;:&quot;article footer&quot;,&quot;name&quot;:&quot;Mon actu&quot;,&quot;type&quot;:&quot;cta&quot;}}\" target=\"_blank\">Mon Actu<\/a>.<\/p>\n","protected":false},"excerpt":{"rendered":"Par Mathias Souteyrat Publi\u00e9 le 7 nov. 2025 \u00e0 12h00 Des tracteurs sont partis ce vendredi 7\u00a0novembre \u00e0&hellip;\n","protected":false},"author":2,"featured_media":518421,"comment_status":"","ping_status":"","sticky":false,"template":"","format":"standard","meta":{"footnotes":""},"categories":[9653],"tags":[1111,11,327,2430,1777,674,1011,27,12,1072,25,4001,104],"class_list":{"0":"post-518420","1":"post","2":"type-post","3":"status-publish","4":"format-standard","5":"has-post-thumbnail","7":"category-saint-etienne","8":"tag-actu","9":"tag-actualites","10":"tag-agriculture","11":"tag-auvergne-rhone-alpes","12":"tag-eu","13":"tag-europe","14":"tag-fr","15":"tag-france","16":"tag-news","17":"tag-police","18":"tag-republique-francaise","19":"tag-saint-etienne","20":"tag-societe"},"share_on_mastodon":{"url":"https:\/\/pubeurope.com\/@fr\/115508864770239742","error":""},"_links":{"self":[{"href":"https:\/\/www.europesays.com\/fr\/wp-json\/wp\/v2\/posts\/518420","targetHints":{"allow":["GET"]}}],"collection":[{"href":"https:\/\/www.europesays.com\/fr\/wp-json\/wp\/v2\/posts"}],"about":[{"href":"https:\/\/www.europesays.com\/fr\/wp-json\/wp\/v2\/types\/post"}],"author":[{"embeddable":true,"href":"https:\/\/www.europesays.com\/fr\/wp-json\/wp\/v2\/users\/2"}],"replies":[{"embeddable":true,"href":"https:\/\/www.europesays.com\/fr\/wp-json\/wp\/v2\/comments?post=518420"}],"version-history":[{"count":0,"href":"https:\/\/www.europesays.com\/fr\/wp-json\/wp\/v2\/posts\/518420\/revisions"}],"wp:featuredmedia":[{"embeddable":true,"href":"https:\/\/www.europesays.com\/fr\/wp-json\/wp\/v2\/media\/518421"}],"wp:attachment":[{"href":"https:\/\/www.europesays.com\/fr\/wp-json\/wp\/v2\/media?parent=518420"}],"wp:term":[{"taxonomy":"category","embeddable":true,"href":"https:\/\/www.europesays.com\/fr\/wp-json\/wp\/v2\/categories?post=518420"},{"taxonomy":"post_tag","embeddable":true,"href":"https:\/\/www.europesays.com\/fr\/wp-json\/wp\/v2\/tags?post=518420"}],"curies":[{"name":"wp","href":"https:\/\/api.w.org\/{rel}","templated":true}]}}