{"id":518424,"date":"2025-11-07T14:25:12","date_gmt":"2025-11-07T14:25:12","guid":{"rendered":"https:\/\/www.europesays.com\/fr\/518424\/"},"modified":"2025-11-07T14:25:12","modified_gmt":"2025-11-07T14:25:12","slug":"le-choeur-dhommes-jean-bouillet-celebre-son-30e-anniversaire","status":"publish","type":"post","link":"https:\/\/www.europesays.com\/fr\/518424\/","title":{"rendered":"Le Ch\u0153ur d\u2019Hommes Jean Bouillet c\u00e9l\u00e8bre son 30e anniversaire"},"content":{"rendered":"<p>Le Ch\u0153ur d\u2019Hommes Jean Bouillet, fond\u00e9 il y a plus de 30 ans sous l\u2019impulsion de Jean Bouillet, est dirig\u00e9 aujourd\u2019hui par le musicien reconnu G\u00e9rard Heitz, donnera un concert anniversaire des 30 ans. Pour l\u2019occasion, le Ch\u0153ur d\u2019Hommes Jean Bouillet accueillera un invit\u00e9 prestigieux\u00a0: Latelier, ch\u0153ur de chambre de l\u2019\u00c9mari , fond\u00e9 en 2004 \u00e0 Metz par G\u00e9rard Heitz. Il s\u2019agit d\u2019un groupe vocal mixte. Ensemble, ils proposeront au public un voyage musical \u00e9clectique, allant des grandes \u0153uvres classiques, sacr\u00e9es (Haendel, Mozart) \u00e0 l\u2019op\u00e9ra et au folklore mondial.<\/p>\n<p class=\"note\">Samedi 8\u00a0novembre \u00e0 20\u00a0h en l\u2019\u00e9glise du Sacr\u00e9-C\u0153ur \u00e0 Nancy, entr\u00e9e libre (participation au plateau).<\/p>\n","protected":false},"excerpt":{"rendered":"Le Ch\u0153ur d\u2019Hommes Jean Bouillet, fond\u00e9 il y a plus de 30 ans sous l\u2019impulsion de Jean Bouillet,&hellip;\n","protected":false},"author":2,"featured_media":518425,"comment_status":"","ping_status":"","sticky":false,"template":"","format":"standard","meta":{"footnotes":""},"categories":[9635],"tags":[1111,11,1687,1704,1777,674,1011,27,775,873,1702,1703,12,25],"class_list":{"0":"post-518424","1":"post","2":"type-post","3":"status-publish","4":"format-standard","5":"has-post-thumbnail","7":"category-nancy","8":"tag-actu","9":"tag-actualites","10":"tag-culture-loisirs","11":"tag-edition-nancy-et-agglomeration","12":"tag-eu","13":"tag-europe","14":"tag-fr","15":"tag-france","16":"tag-grand-est","17":"tag-musique","18":"tag-nancy","19":"tag-nancy-ville-54b","20":"tag-news","21":"tag-republique-francaise"},"share_on_mastodon":{"url":"https:\/\/pubeurope.com\/@fr\/115508879311262820","error":""},"_links":{"self":[{"href":"https:\/\/www.europesays.com\/fr\/wp-json\/wp\/v2\/posts\/518424","targetHints":{"allow":["GET"]}}],"collection":[{"href":"https:\/\/www.europesays.com\/fr\/wp-json\/wp\/v2\/posts"}],"about":[{"href":"https:\/\/www.europesays.com\/fr\/wp-json\/wp\/v2\/types\/post"}],"author":[{"embeddable":true,"href":"https:\/\/www.europesays.com\/fr\/wp-json\/wp\/v2\/users\/2"}],"replies":[{"embeddable":true,"href":"https:\/\/www.europesays.com\/fr\/wp-json\/wp\/v2\/comments?post=518424"}],"version-history":[{"count":0,"href":"https:\/\/www.europesays.com\/fr\/wp-json\/wp\/v2\/posts\/518424\/revisions"}],"wp:featuredmedia":[{"embeddable":true,"href":"https:\/\/www.europesays.com\/fr\/wp-json\/wp\/v2\/media\/518425"}],"wp:attachment":[{"href":"https:\/\/www.europesays.com\/fr\/wp-json\/wp\/v2\/media?parent=518424"}],"wp:term":[{"taxonomy":"category","embeddable":true,"href":"https:\/\/www.europesays.com\/fr\/wp-json\/wp\/v2\/categories?post=518424"},{"taxonomy":"post_tag","embeddable":true,"href":"https:\/\/www.europesays.com\/fr\/wp-json\/wp\/v2\/tags?post=518424"}],"curies":[{"name":"wp","href":"https:\/\/api.w.org\/{rel}","templated":true}]}}