{"id":518434,"date":"2025-11-07T14:31:11","date_gmt":"2025-11-07T14:31:11","guid":{"rendered":"https:\/\/www.europesays.com\/fr\/518434\/"},"modified":"2025-11-07T14:31:11","modified_gmt":"2025-11-07T14:31:11","slug":"une-crepiere-une-tondeuse-un-pistolet-a-peinture-on-trouve-de-tout-gratis-a-lobjetheque-du-grand-quevilly","status":"publish","type":"post","link":"https:\/\/www.europesays.com\/fr\/518434\/","title":{"rendered":"Une cr\u00eapi\u00e8re, une tondeuse, un pistolet \u00e0 peinture\u2026 on trouve de tout gratis \u00e0 l\u2019objeth\u00e8que du\u00a0Grand-Quevilly"},"content":{"rendered":"<p class=\"paragraph text_align_left lp-f-body-02\">Cela fait d\u00e9j\u00e0 un moment que les quatorze agents de la m\u00e9diath\u00e8que de Grand-Quevilly, pr\u00e8s de Rouen (Seine-Maritime), ne se contentent pas de distribuer des livres, des CD, des DVD ou m\u00eame des jouets \u00e0 leurs 4 000 inscrits. Depuis 1995, l\u2019\u00e9tablissement dispose d\u2019une <a href=\"https:\/\/www.leparisien.fr\/val-de-marne-94\/empruntez-une-oeuvre-dart-au-kremlin-bicetre-cest-possible-grace-a-lartotheque-30-11-2022-2XJ4KLNJLNHLVP6AOHUVA275QQ.php\" target=\"_self\" rel=\"noopener\">artoth\u00e8que <\/a>qui propose pr\u00e8s de 2000 \u0153uvres d\u2019art, sans parler d\u2019une grainoth\u00e8que et d\u2019une bouturoth\u00e8que.<\/p>\n<p class=\"paragraph text_align_left lp-f-body-02\">Depuis trois semaines, l\u2019offre a \u00e9t\u00e9 compl\u00e9t\u00e9e par des objets du quotidien. Et le succ\u00e8s et l\u00e0 : en quelques jours, les trois quarts du catalogue sont sortis et les r\u00e9servations s\u2019\u00e9talent sur plusieurs semaines : \u00ab Le pr\u00eat d\u2019objet est gratuit pour les Quevillais. Il favorise les usages partag\u00e9s dans une d\u00e9marche \u00e9coresponsable, mais aussi le pouvoir d\u2019achat des usagers \u00bb, r\u00e9sume le maire Nicolas Rouly (PS).<\/p>\n<p class=\"paragraph text_align_left lp-f-body-02\">C\u2019est un habitant du quartier de Qu\u00e9bec-Brazzaville qui a soumis l\u2019id\u00e9e d\u2019une bricoth\u00e8que (pour pr\u00eater des outils) dans le cadre du <a href=\"https:\/\/www.leparisien.fr\/val-de-marne-94\/frigo-solidaire-arbres-objetheque-a-villejuif-un-premier-budget-participatif-resolument-ecologique-24-11-2024-VDNV64JBEZEEBETAXLQZ6R5IQA.php\" target=\"_self\" rel=\"noopener\">budget participatif<\/a>. Chaque ann\u00e9e, une somme de 180 000 euros est mise \u00e0 la disposition des six quartiers de la ville qui peuvent choisir des initiatives susceptibles d\u2019am\u00e9liorer leur cadre de vie. \u00ab Nous avons trouv\u00e9 cela int\u00e9ressant et la m\u00e9diath\u00e8que a voulu s\u2019y associer pour ne pas se limiter au bricolage et au jardinage \u00bb, raconte le maire.<\/p>\n<p class=\"paragraph text_align_left lp-f-body-02\">Un budget de 6 000 euros a \u00e9t\u00e9 attribu\u00e9 auquel on a ajout\u00e9 des subventions de la DRAC (affaires culturelles, \u00c9tat) et du d\u00e9partement de la Seine-Maritime pour atteindre la somme de 15 000 euros. Le projet a \u00e9t\u00e9 valid\u00e9 en avril 2025 par le conseil municipal, les habitants du quartier ont donn\u00e9 leur avis sur le contenu du catalogue et 130 objets ont \u00e9t\u00e9 acquis, d\u00e9taille David Longin, directeur de la m\u00e9diath\u00e8que.<\/p>\n<p>\u00ab Ces objets co\u00fbtent cher, sont peu utilis\u00e9s et prennent de la place \u00bb<\/p>\n<p class=\"paragraph text_align_left lp-f-body-02\">\u00ab Nous proposons gratuitement aux Quevillais et contre un abonnement \u00e0 l\u2019ensemble de la m\u00e9diath\u00e8que pour les ext\u00e9rieurs (26 \u20ac), une liste d\u2019objets qui va des instruments de musique (guitares de toutes les tonalit\u00e9s, ukul\u00e9l\u00e9, piano) aux vinyles (800 en stock) et \u00e0 la platine disque mais aussi des ustensiles de cuisine (four \u00e0 pizza, cr\u00eapi\u00e8re, balance de cuisine) aux outils de jardinage (pioche, aspirateur \u00e0 feuilles, tondeuse h\u00e9lico\u00efdale, tron\u00e7onneuse, binette) ou de bricolage (agrapheuse-clouteuse, pistolet \u00e0 peinture, serre-joint). Sans oublier, bien entendu, les indispensables appareils num\u00e9riques et multim\u00e9dias. \u00c0 l\u2019instar des consoles de jeux vid\u00e9o, qui remportent un fort succ\u00e8s, ou d\u2019un vid\u00e9oprojecteur (rendez-vous sur <a href=\"https:\/\/grandquevilly.fr\/actualites\/objetheque-empruntez-des-objets\/ \" target=\"_self\" rel=\"noopener\">grandquevilly.fr<\/a>)<\/p>\n<p class=\"paragraph text_align_left lp-f-body-02\">Le principe est connu. \u00ab Comme pour les livres \u00bb, il suffit d\u2019\u00eatre inscrit. Ensuite, quand il est disponible, chaque objet peut \u00eatre emprunt\u00e9 pendant trois semaines. Il suffit de signer un contrat, d\u2019accepter le r\u00e8glement et d\u2019avoir une assurance habitation. \u00ab Nous partons du constat que tous ces objets co\u00fbtent cher, sont souvent peu utilis\u00e9s et prennent de la place, pr\u00e9cise David Longin. C\u2019est aussi une fa\u00e7on de lutter contre la surconsommation. \u00c0 ce sujet, nous avons de tr\u00e8s bons retours. Maintenant, nous allons collecter les suggestions et l\u2019ann\u00e9e prochaine, nous compl\u00e9terons l\u2019offre. Cela fait de notre M\u00e9diath\u00e8que l\u2019objeth\u00e8que la plus diversifi\u00e9e de France. \u00bb Elle sera officiellement inaugur\u00e9e samedi 15 novembre.<\/p>\n","protected":false},"excerpt":{"rendered":"Cela fait d\u00e9j\u00e0 un moment que les quatorze agents de la m\u00e9diath\u00e8que de Grand-Quevilly, pr\u00e8s de Rouen (Seine-Maritime),&hellip;\n","protected":false},"author":2,"featured_media":518435,"comment_status":"","ping_status":"","sticky":false,"template":"","format":"standard","meta":{"footnotes":""},"categories":[9587],"tags":[1111,917,11,459,1777,674,1011,27,12,5161,25,9590,11074],"class_list":{"0":"post-518434","1":"post","2":"type-post","3":"status-publish","4":"format-standard","5":"has-post-thumbnail","7":"category-rouen","8":"tag-actu","9":"tag-actu-locale","10":"tag-actualites","11":"tag-departements-horsidfo","12":"tag-eu","13":"tag-europe","14":"tag-fr","15":"tag-france","16":"tag-news","17":"tag-normandie","18":"tag-republique-francaise","19":"tag-rouen","20":"tag-seine-maritime-76"},"share_on_mastodon":{"url":"https:\/\/pubeurope.com\/@fr\/115508903001510557","error":""},"_links":{"self":[{"href":"https:\/\/www.europesays.com\/fr\/wp-json\/wp\/v2\/posts\/518434","targetHints":{"allow":["GET"]}}],"collection":[{"href":"https:\/\/www.europesays.com\/fr\/wp-json\/wp\/v2\/posts"}],"about":[{"href":"https:\/\/www.europesays.com\/fr\/wp-json\/wp\/v2\/types\/post"}],"author":[{"embeddable":true,"href":"https:\/\/www.europesays.com\/fr\/wp-json\/wp\/v2\/users\/2"}],"replies":[{"embeddable":true,"href":"https:\/\/www.europesays.com\/fr\/wp-json\/wp\/v2\/comments?post=518434"}],"version-history":[{"count":0,"href":"https:\/\/www.europesays.com\/fr\/wp-json\/wp\/v2\/posts\/518434\/revisions"}],"wp:featuredmedia":[{"embeddable":true,"href":"https:\/\/www.europesays.com\/fr\/wp-json\/wp\/v2\/media\/518435"}],"wp:attachment":[{"href":"https:\/\/www.europesays.com\/fr\/wp-json\/wp\/v2\/media?parent=518434"}],"wp:term":[{"taxonomy":"category","embeddable":true,"href":"https:\/\/www.europesays.com\/fr\/wp-json\/wp\/v2\/categories?post=518434"},{"taxonomy":"post_tag","embeddable":true,"href":"https:\/\/www.europesays.com\/fr\/wp-json\/wp\/v2\/tags?post=518434"}],"curies":[{"name":"wp","href":"https:\/\/api.w.org\/{rel}","templated":true}]}}