{"id":51844,"date":"2025-04-25T13:26:10","date_gmt":"2025-04-25T13:26:10","guid":{"rendered":"https:\/\/www.europesays.com\/fr\/51844\/"},"modified":"2025-04-25T13:26:10","modified_gmt":"2025-04-25T13:26:10","slug":"heidi-klum-avec-les-seins-ensanglantes-en-pleine-rue-que-sest-il-passe","status":"publish","type":"post","link":"https:\/\/www.europesays.com\/fr\/51844\/","title":{"rendered":"Heidi Klum avec les seins ensanglant\u00e9s en pleine rue : que s\u2019est-il pass\u00e9 ?"},"content":{"rendered":"<p>Ses sorties sont toujours un \u00e9v\u00e9nement. <a href=\"https:\/\/www.closermag.fr\/people\/heidi-klum-meconnaissable-personne-noubliera-sa-derniere-sortie-3490481\" target=\"_blank\" rel=\"noopener\"><br \/>\nHeidi Klum, \u00e2g\u00e9e de 51 ans<\/a>, s\u2019est rendue \u00e0 Broadway \u00e0 New York<br \/>\npour voir une repr\u00e9sentation. Mais voil\u00e0 qu\u2019\u00e0 sa sortie, la belle<br \/>\nmannequin est apparue avec <strong>du sang sur la<br \/>\npoitrine.<\/strong><\/p>\n<p>Mais que s\u2019est-il pass\u00e9 ? En r\u00e9alit\u00e9, la pr\u00e9sentatrice est all\u00e9e<br \/>\nvoir Nicole Scherzinger qui danse dans le spectacle Sunset<br \/>\nBlvd. La chanteuse avait alors visage couvert de sang, pour<br \/>\nles biens de son spectacle. Et voil\u00e0 que Heidi Klum a enlac\u00e9 son<br \/>\namie, qui lui a mis des <strong>traces de maquillage sur la<br \/>\npoitrine<\/strong> ! Ainsi, la mannequin est sortie du mythique<br \/>\nth\u00e9\u00e2tre avec les seins t\u00e2ch\u00e9s de faux sang.\u00a0<\/p>\n<p>Heidi Klum : la mannequin sort de Brodway avec des traces de<br \/>\nsang sur la poitrine<\/p>\n<p>Si ces marques ont fait r\u00e9agir, sa tenue aussi a \u00e9t\u00e9 tr\u00e8s<br \/>\ncomment\u00e9e. Et pour cause, <a href=\"https:\/\/www.closermag.fr\/people\/heidi-klum-a-51-ans-la-mannequin-a-choisi-le-plus-simple-appareil-pour-feter-son-anniversaire-de-mariage-a-saint-barth-3466407\" target=\"_blank\" rel=\"noopener\"><br \/>\nHeidi Klum, stup\u00e9fiante,<\/a> portait une combinaison imprim\u00e9<br \/>\nl\u00e9opard, tr\u00e8s pr\u00e8s du corps. Son body mettait <strong>en avant sa<br \/>\npoitrine g\u00e9n\u00e9reuse.<\/strong><\/p>\n<p><img itemprop=\"thumbnailUrl\" decoding=\"async\" loading=\"lazy\" class=\"aligncenter size-full wp-image-3539840 img-responsive\" src=\"https:\/\/www.europesays.com\/fr\/wp-content\/uploads\/2025\/04\/showbiz-purrr-fect-look-heidi-989421713.webp.webp\" alt=\"\" width=\"768\" height=\"960\"\/> \u00a9<br \/>\nInstagram<\/p>\n<p>La belle blonde a \u00e9galement opt\u00e9 pour des bottes dans le m\u00eame<br \/>\nimprim\u00e9 et un trench marron. Avec ses lunettes de soleil et sa<br \/>\npochette noire, la m\u00e8re de quatre enfants a d\u00e9voil\u00e9 sa somptueuse<br \/>\nsilhouette. C\u00f4t\u00e9 make up, elle a choisi un maquillage naturel.<br \/>\nLaissant ses cheveux d\u00e9tach\u00e9s, <a href=\"https:\/\/www.closermag.fr\/people\/heidi-klum-presque-nue-pour-son-51e-anniversaire-elle-fait-sauter-les-vetements-3443282\" target=\"_blank\" rel=\"noopener\"><br \/>\nHeidi Klum<\/a> mettait en avant son visage de poup\u00e9e.<\/p>\n<p>La mannequin de 51 ans se d\u00e9voile dans<br \/>\nun ensemble ultra sexy et sensuel qui met en avant son corps de<br \/>\nd\u00e9esse<\/p>\n<p>D\u00e9voilant des clich\u00e9s de sa rencontre avec Nicole Scherzinger<br \/>\nsur Instagram, Heidi Klum a \u00e9crit : <strong>\u00ab\u00a0Merci pour cette<br \/>\nsoir\u00e9e inoubliable\u00a0\u00bb<\/strong>. Les deux femmes sont tr\u00e8s<br \/>\nproches et complices. Une amiti\u00e9 pr\u00e9cieuse qu\u2019elle n\u2019h\u00e9site pas \u00e0<br \/>\nhonorer \u00e0 de multiples reprises.<\/p>\n<p>En effet, la danseuse et chanteuse a \u00e9t\u00e9 vue notamment lors des<br \/>\nsoir\u00e9es d\u2019Halloween, organis\u00e9es par Heidi Klum, qui est,<br \/>\nrappelons-le, la reine de cette f\u00eate. Avec des costumes totalement<br \/>\nfous, la belle blonde n\u2019h\u00e9site pas \u00e0 se montrer dans <strong>des<br \/>\ntenues effrayantes et impressionnantes<\/strong>. Mais cette<br \/>\nfois-ci, Heidi Klum a inqui\u00e9t\u00e9 bon nombre de ses fans qui l\u2019ont<br \/>\nainsi retrouv\u00e9e avec la poitrine couverte de sang. Mais pas<br \/>\nd\u2019inqui\u00e9tude, c\u2019est juste une accolade qui a eu raison du<br \/>\nmagnifique haut de la mannequin.<\/p>\n","protected":false},"excerpt":{"rendered":"Ses sorties sont toujours un \u00e9v\u00e9nement. Heidi Klum, \u00e2g\u00e9e de 51 ans, s\u2019est rendue \u00e0 Broadway \u00e0 New&hellip;\n","protected":false},"author":2,"featured_media":51845,"comment_status":"","ping_status":"","sticky":false,"template":"","format":"standard","meta":{"footnotes":""},"categories":[1359],"tags":[6053,58,59,1011,27,1638,14487,973],"class_list":{"0":"post-51844","1":"post","2":"type-post","3":"status-publish","4":"format-standard","5":"has-post-thumbnail","7":"category-people","8":"tag-diapo-infini","9":"tag-divertissement","10":"tag-entertainment","11":"tag-fr","12":"tag-france","13":"tag-has_diapo","14":"tag-heidi-klum","15":"tag-people"},"share_on_mastodon":{"url":"https:\/\/pubeurope.com\/@fr\/114398834537500379","error":""},"_links":{"self":[{"href":"https:\/\/www.europesays.com\/fr\/wp-json\/wp\/v2\/posts\/51844","targetHints":{"allow":["GET"]}}],"collection":[{"href":"https:\/\/www.europesays.com\/fr\/wp-json\/wp\/v2\/posts"}],"about":[{"href":"https:\/\/www.europesays.com\/fr\/wp-json\/wp\/v2\/types\/post"}],"author":[{"embeddable":true,"href":"https:\/\/www.europesays.com\/fr\/wp-json\/wp\/v2\/users\/2"}],"replies":[{"embeddable":true,"href":"https:\/\/www.europesays.com\/fr\/wp-json\/wp\/v2\/comments?post=51844"}],"version-history":[{"count":0,"href":"https:\/\/www.europesays.com\/fr\/wp-json\/wp\/v2\/posts\/51844\/revisions"}],"wp:featuredmedia":[{"embeddable":true,"href":"https:\/\/www.europesays.com\/fr\/wp-json\/wp\/v2\/media\/51845"}],"wp:attachment":[{"href":"https:\/\/www.europesays.com\/fr\/wp-json\/wp\/v2\/media?parent=51844"}],"wp:term":[{"taxonomy":"category","embeddable":true,"href":"https:\/\/www.europesays.com\/fr\/wp-json\/wp\/v2\/categories?post=51844"},{"taxonomy":"post_tag","embeddable":true,"href":"https:\/\/www.europesays.com\/fr\/wp-json\/wp\/v2\/tags?post=51844"}],"curies":[{"name":"wp","href":"https:\/\/api.w.org\/{rel}","templated":true}]}}