{"id":518444,"date":"2025-11-07T14:36:14","date_gmt":"2025-11-07T14:36:14","guid":{"rendered":"https:\/\/www.europesays.com\/fr\/518444\/"},"modified":"2025-11-07T14:36:14","modified_gmt":"2025-11-07T14:36:14","slug":"on-fait-juste-la-fete-se-defendent-les-organisateurs-du-banquet-taxe-dextreme-droite-qui-fait-polemique","status":"publish","type":"post","link":"https:\/\/www.europesays.com\/fr\/518444\/","title":{"rendered":"\u00ab\u00a0On fait juste la f\u00eate\u00a0\u00bb, se d\u00e9fendent les organisateurs du banquet tax\u00e9 d\u2019extr\u00eame droite qui fait pol\u00e9mique"},"content":{"rendered":"<p> \u00abCela va \u00eatre une immense ripaille, on va faire la f\u00eate comme jamais et tant pis pour les anti-f\u00eate.\u00a0\u00bb Dans leur derni\u00e8re vid\u00e9o publi\u00e9e sur les r\u00e9seaux, les fondateurs du Canon fran\u00e7ais ont le sourire. Malgr\u00e9 la pol\u00e9mique et les menaces, leur banquet aura bien lieu ce week-end aux portes de Rennes avec 2.400 convives qui se goinfreront de cochonnaille et de fromage tout en trinquant et en chantant du Sardou et du Aznavour \u00e0 tue-t\u00eate. \u00ab\u00a0On met en avant les produits du terroir et l\u2019art de vivre \u00e0 la fran\u00e7aise dans l\u2019esprit des f\u00eates de Bayonne ou de la Oktoberfest\u00a0\u00bb, indique G\u00e9raud de la Tour, l\u2019un des deux g\u00e9rants de l\u2019entreprise d\u2019\u00e9v\u00e8nementiel.<\/p>\n<p>Un esprit franchouillard qui a d\u00e9j\u00e0 s\u00e9duit \u00ab\u00a0plus de 80.000 personnes\u00a0\u00bb lors des dizaines de banquets que le Canon fran\u00e7ais organise aux quatre coins de la France depuis quatre ans. \u00ab\u00a0Et cela se passe toujours tr\u00e8s bien\u00a0\u00bb, assure \u00ab\u00a0le canonnier\u00a0\u00bb en chef. Dans la capitale bretonne, l\u2019\u00e9v\u00e9nement fait pourtant pol\u00e9mique. Tout est parti d\u2019une p\u00e9tition en ligne lanc\u00e9e il y a un mois r\u00e9clamant l\u2019annulation des banquets pr\u00e9vus ce week-end. Pointant du doigt les liens entre le Canon fran\u00e7ais et <a href=\"https:\/\/www.20minutes.fr\/arts-stars\/medias\/4175530-20250926-trio-investisseurs-va-bientot-racheter-valeurs-actuelles\" class=\"c-link c-link--is-underlined\" target=\"_blank\" rel=\"noopener\">le milliardaire ultraconservateur Pierre-Edoaurd St\u00e9rin<\/a>, les opposants accusent les organisateurs de faire \u00ab\u00a0la promotion de l\u2019id\u00e9ologie d\u2019extr\u00eame droite\u00a0\u00bb dans ces f\u00eates.<\/p>\n<p>Un ch\u00e2teau annule le banquet, un autre l\u2019accepte<\/p>\n<p>\u00ab\u00a0On ne fait pas de politique, on fait juste la f\u00eate et tant pis si cela ne pla\u00eet pas \u00e0 certains\u00a0\u00bb, se d\u00e9fend G\u00e9raud de la Tour, assurant n\u2019avoir \u00ab\u00a0jamais rencontr\u00e9\u00a0\u00bb Pierre-Edouard St\u00e9rin. \u00ab\u00a0Il a juste achet\u00e9 des parts dans notre entreprise via son fonds d\u2019investissement Odys\u00e9e Impact mais \u00e7a s\u2019arr\u00eate l\u00e0\u00a0\u00bb, poursuit le cofondateur du Canon fran\u00e7ais, r\u00e9futant aussi les accusations \u00ab\u00a0de saluts nazis ou de chants \u00e0 la gloire de Bardella\u00a0\u00bb relay\u00e9es par les d\u00e9tracteurs.<\/p>\n<p><a href=\"https:\/\/www.20minutes.fr\/economie\/pierre-edouard-sterin\/\" class=\"c-link c-btn c-btn--primary\" target=\"_blank\" rel=\"noopener\">Notre dossier sur Pierre-Edouard St\u00e9rin<\/a><\/p>\n<p>Ces derniers pensaient d\u2019ailleurs avoir obtenu victoire le 17\u00a0octobre lorsque les g\u00e9rants du Ch\u00e2teau des P\u00e8res \u00e0 Pir\u00e9-Chanc\u00e9 <a href=\"https:\/\/www.20minutes.fr\/societe\/4180042-20251017-bretagne-banquet-juge-proche-extreme-droite-annule\" class=\"c-link c-link--is-underlined\" target=\"_blank\" rel=\"noopener\">ont d\u00e9cid\u00e9 d\u2019annuler l\u2019\u00e9v\u00e8nement<\/a>. \u00ab\u00a0Si nous avions eu le moindre doute sur une dimension partisane ou id\u00e9ologique, nous n\u2019aurions \u00e9videmment pas accept\u00e9 d\u2019y associer le lieu\u00a0\u00bb, ont-ils indiqu\u00e9, d\u00e9non\u00e7ant aussi \u00ab\u00a0le climat d\u2019agressivit\u00e9\u00a0\u00bb cr\u00e9\u00e9 par la p\u00e9tition. Apr\u00e8s cette volte-face, les g\u00e9rants du Canon fran\u00e7ais ont finalement trouv\u00e9 refuge au ch\u00e2teau de Blossac \u00e0 Goven, au sud-ouest de Rennes, le propri\u00e9taire des lieux consid\u00e9rant <a href=\"https:\/\/www.letelegramme.fr\/ille-et-vilaine\/rennes-35000\/largument-extremiste-ne-tient-pas-malgre-la-polemique-il-accueillera-les-banquets-du-canon-francais-dans-son-chateau-pres-de-rennes-6915344.php\" rel=\"nofollow noopener\" target=\"_blank\" class=\"c-link c-link--is-underlined\">chez nos confr\u00e8res du T\u00e9l\u00e9gramme<\/a> que \u00ab\u00a0l\u2019argument extr\u00e9miste ne tient pas.\u00a0\u00bb<\/p>\n<p>La s\u00e9curit\u00e9 renforc\u00e9e autour de l\u2019\u00e9v\u00e8nement<\/p>\n<p>Plusieurs \u00e9lus locaux de gauche ont alors vu rouge, r\u00e9clamant que la pr\u00e9fecture d\u2019Ille-et-Vilaine interdise ces banquets g\u00e9ants. \u00ab\u00a0Sous des airs de f\u00eate populaire, nous connaissons l\u2019id\u00e9ologie r\u00e9actionnaire et identitaire que v\u00e9hiculent les banquets du Canon fran\u00e7ais\u00a0\u00bb, s\u2019indignent-ils dans un communiqu\u00e9 commun, refusant \u00ab\u00a0cette confiscation de la convivialit\u00e9 et de la culture locale par une entreprise li\u00e9e \u00e0 un projet identitaire r\u00e9actionnaire <a href=\"https:\/\/www.20minutes.fr\/dossier\/extreme_droite\" class=\"c-link c-link--is-underlined\" target=\"_blank\" rel=\"noopener\">d\u2019extr\u00eame droite<\/a>.\u00a0\u00bb \u00ab\u00a0Un tissu de mensonges\u00a0\u00bb, selon G\u00e9raud de la Tour, qui a port\u00e9 plainte pour diffamation apr\u00e8s avoir re\u00e7u \u00ab\u00a0des menaces de mort.\u00a0\u00bb<\/p>\n<p>A quelques heures de la tenue du premier banquet, la tension est donc vive dans la petite commune de Goven. Les organisateurs indiquent d\u2019ailleurs avoir \u00ab\u00a0renforc\u00e9 la s\u00e9curit\u00e9.\u00a0\u00bb Contact\u00e9e, la pr\u00e9fecture d\u2019Ille-et-Vilaine indique \u00e9galement qu\u2019un \u00ab\u00a0dispositif de s\u00e9curit\u00e9 adapt\u00e9 sera mis en place\u00a0\u00bb pour \u00e9viter tout risque de trouble \u00e0 l\u2019ordre public. De leur c\u00f4t\u00e9, les opposants ont pr\u00e9vu un fest-noz et un banquet solidaire ce vendredi soir dans la commune voisine de Bruz en guise de contre-manifestation.<\/p>\n","protected":false},"excerpt":{"rendered":"\u00abCela va \u00eatre une immense ripaille, on va faire la f\u00eate comme jamais et tant pis pour les&hellip;\n","protected":false},"author":2,"featured_media":518445,"comment_status":"","ping_status":"","sticky":false,"template":"","format":"standard","meta":{"footnotes":""},"categories":[2821],"tags":[1111,47,11,829,27673,1777,674,1076,4768,1011,3844,27,848,12,24249,1062,584,17385,25,104],"class_list":{"0":"post-518444","1":"post","2":"type-post","3":"status-publish","4":"format-standard","5":"has-post-thumbnail","7":"category-rennes","8":"tag-actu","9":"tag-actualite","10":"tag-actualites","11":"tag-bretagne","12":"tag-canon","13":"tag-eu","14":"tag-europe","15":"tag-extreme-droite","16":"tag-fete","17":"tag-fr","18":"tag-francais","19":"tag-france","20":"tag-ille-et-vilaine","21":"tag-news","22":"tag-pierre-edouard-sterin","23":"tag-polemique","24":"tag-rennes","25":"tag-repas","26":"tag-republique-francaise","27":"tag-societe"},"share_on_mastodon":{"url":"https:\/\/pubeurope.com\/@fr\/115508922479182288","error":""},"_links":{"self":[{"href":"https:\/\/www.europesays.com\/fr\/wp-json\/wp\/v2\/posts\/518444","targetHints":{"allow":["GET"]}}],"collection":[{"href":"https:\/\/www.europesays.com\/fr\/wp-json\/wp\/v2\/posts"}],"about":[{"href":"https:\/\/www.europesays.com\/fr\/wp-json\/wp\/v2\/types\/post"}],"author":[{"embeddable":true,"href":"https:\/\/www.europesays.com\/fr\/wp-json\/wp\/v2\/users\/2"}],"replies":[{"embeddable":true,"href":"https:\/\/www.europesays.com\/fr\/wp-json\/wp\/v2\/comments?post=518444"}],"version-history":[{"count":0,"href":"https:\/\/www.europesays.com\/fr\/wp-json\/wp\/v2\/posts\/518444\/revisions"}],"wp:featuredmedia":[{"embeddable":true,"href":"https:\/\/www.europesays.com\/fr\/wp-json\/wp\/v2\/media\/518445"}],"wp:attachment":[{"href":"https:\/\/www.europesays.com\/fr\/wp-json\/wp\/v2\/media?parent=518444"}],"wp:term":[{"taxonomy":"category","embeddable":true,"href":"https:\/\/www.europesays.com\/fr\/wp-json\/wp\/v2\/categories?post=518444"},{"taxonomy":"post_tag","embeddable":true,"href":"https:\/\/www.europesays.com\/fr\/wp-json\/wp\/v2\/tags?post=518444"}],"curies":[{"name":"wp","href":"https:\/\/api.w.org\/{rel}","templated":true}]}}