{"id":518446,"date":"2025-11-07T14:37:12","date_gmt":"2025-11-07T14:37:12","guid":{"rendered":"https:\/\/www.europesays.com\/fr\/518446\/"},"modified":"2025-11-07T14:37:12","modified_gmt":"2025-11-07T14:37:12","slug":"voici-pourquoi-il-ne-faut-pas-passer-par-heineken-dapres-cette-association","status":"publish","type":"post","link":"https:\/\/www.europesays.com\/fr\/518446\/","title":{"rendered":"voici pourquoi il ne faut pas passer par Heineken, d&rsquo;apr\u00e8s cette association"},"content":{"rendered":"<p>            Par<br \/>\n        <strong><br \/>\n            <a href=\"https:\/\/actu.fr\/auteur\/ivan-capecchi\" title=\"Consulter tous les articles de Ivan CAPECCHI\" rel=\"nofollow noopener\" target=\"_blank\">Ivan CAPECCHI<\/a><br \/>\n        <\/strong><\/p>\n<p>        Publi\u00e9 le<\/p>\n<p>            7 nov. 2025 \u00e0 15h27        <\/p>\n<p>Dans un communiqu\u00e9 publi\u00e9 le lundi 3 novembre, l\u2019Association des usagers des transports urbains de l\u2019agglom\u00e9ration strasbourgeoise (ASTUS) a r\u00e9agi aux <a href=\"https:\/\/actu.fr\/grand-est\/strasbourg_67482\/tram-nord-a-strasbourg-voici-ce-qu-il-faut-retenir-du-rapport-de-la-convention-citoyenne_63281382.html\" rel=\"nofollow noopener\" target=\"_blank\">conclusions de la convention citoyenne sur le tram nord<\/a>, d\u00e9voil\u00e9es le mois dernier.<\/p>\n<p class=\" wall-content\">Militante de longue date pour le trac\u00e9 initial port\u00e9 par la Ville et l\u2019Eurom\u00e9tropole \u2013 avant son <a href=\"https:\/\/actu.fr\/grand-est\/strasbourg_67482\/tram-nord-a-strasbourg-la-commission-d-enquete-rend-un-avis-defavorable-un-coup-de-tonnerre_61982104.html\" rel=\"nofollow noopener\" target=\"_blank\">rejet par la commission d\u2019enqu\u00eate publique<\/a> \u2013 l\u2019association <strong>s\u2019inqui\u00e8te des recommandations du panel citoyen<\/strong>, qui privil\u00e9gie d\u00e9sormais un passage par le <a href=\"https:\/\/actu.fr\/grand-est\/schiltigheim_67447\/tram-nord-pourquoi-un-trace-le-long-du-site-de-heineken-a-schiltigheim-refait-surface_62213222.html\" rel=\"nofollow noopener\" target=\"_blank\">site Heineken<\/a> \u00e0 Schiltigheim.<\/p>\n<p>ASTUS privil\u00e9gie un passage par la route du G\u00e9n\u00e9ral-de-Gaulle\u00a0<\/p>\n<p class=\" wall-content\">Tout en louant le s\u00e9rieux du rapport produit par la convention citoyenne, ASTUS estime que le trac\u00e9 du tram nord devrait <strong>privil\u00e9gier la route du G\u00e9n\u00e9ral-de-Gaulle<\/strong> plut\u00f4t que le passage par le site Heineken \u00e0 Schiltigheim.<\/p>\n<p class=\" wall-content\">Selon l\u2019association, cet itin\u00e9raire direct offrirait un <strong>trajet plus rapide et plus efficace<\/strong> pour les habitants des quartiers des \u00c9crivains et des Mar\u00e9chaux, tout en permettant une <strong>meilleure articulation avec le r\u00e9seau de bus existant<\/strong>.<\/p>\n<p>Passer par Heineken fait peser un risque de retard, plaide l\u2019association<\/p>\n<p class=\" wall-content\">\u00c0 l\u2019inverse, le passage par le site Heineken, encore priv\u00e9 et comportant plusieurs b\u00e2timents inscrits, <strong>ferait peser un risque important de retard<\/strong> sur un projet d\u00e9j\u00e0 attendu depuis plus de 20 ans, aime \u00e0 rappeler l\u2019association.<\/p>\n<p class=\" wall-content\">ASTUS plaide donc pour un<strong> trac\u00e9 plus r\u00e9aliste et imm\u00e9diatement r\u00e9alisable<\/strong>, soulignant l\u2019urgence de d\u00e9sengorger les lignes de bus satur\u00e9es et de r\u00e9pondre aux besoins croissants de mobilit\u00e9 dans le nord de l\u2019agglom\u00e9ration.<\/p>\n<p class=\" wall-content\">Personnalisez votre actualit\u00e9 en ajoutant vos villes et m\u00e9dias en favori avec <a href=\"https:\/\/moncompte.actu.fr\" title=\"D\u00e9couvez Mon Actu\" rel=\"nofollow noopener\" data-trk=\"{&quot;cta&quot;:{&quot;action&quot;:&quot;https:\\\/\\\/moncompte.actu.fr&quot;,&quot;category&quot;:&quot;mon compte&quot;,&quot;from&quot;:&quot;article footer&quot;,&quot;name&quot;:&quot;Mon actu&quot;,&quot;type&quot;:&quot;cta&quot;}}\" target=\"_blank\">Mon Actu<\/a>.<\/p>\n","protected":false},"excerpt":{"rendered":"Par Ivan CAPECCHI Publi\u00e9 le 7 nov. 2025 \u00e0 15h27 Dans un communiqu\u00e9 publi\u00e9 le lundi 3 novembre,&hellip;\n","protected":false},"author":2,"featured_media":59140,"comment_status":"","ping_status":"","sticky":false,"template":"","format":"standard","meta":{"footnotes":""},"categories":[2820],"tags":[1111,11,1777,674,1011,27,775,12,25,104,640,56934],"class_list":{"0":"post-518446","1":"post","2":"type-post","3":"status-publish","4":"format-standard","5":"has-post-thumbnail","7":"category-strasbourg","8":"tag-actu","9":"tag-actualites","10":"tag-eu","11":"tag-europe","12":"tag-fr","13":"tag-france","14":"tag-grand-est","15":"tag-news","16":"tag-republique-francaise","17":"tag-societe","18":"tag-strasbourg","19":"tag-tram-nord-strasbourg"},"share_on_mastodon":{"url":"","error":""},"_links":{"self":[{"href":"https:\/\/www.europesays.com\/fr\/wp-json\/wp\/v2\/posts\/518446","targetHints":{"allow":["GET"]}}],"collection":[{"href":"https:\/\/www.europesays.com\/fr\/wp-json\/wp\/v2\/posts"}],"about":[{"href":"https:\/\/www.europesays.com\/fr\/wp-json\/wp\/v2\/types\/post"}],"author":[{"embeddable":true,"href":"https:\/\/www.europesays.com\/fr\/wp-json\/wp\/v2\/users\/2"}],"replies":[{"embeddable":true,"href":"https:\/\/www.europesays.com\/fr\/wp-json\/wp\/v2\/comments?post=518446"}],"version-history":[{"count":0,"href":"https:\/\/www.europesays.com\/fr\/wp-json\/wp\/v2\/posts\/518446\/revisions"}],"wp:featuredmedia":[{"embeddable":true,"href":"https:\/\/www.europesays.com\/fr\/wp-json\/wp\/v2\/media\/59140"}],"wp:attachment":[{"href":"https:\/\/www.europesays.com\/fr\/wp-json\/wp\/v2\/media?parent=518446"}],"wp:term":[{"taxonomy":"category","embeddable":true,"href":"https:\/\/www.europesays.com\/fr\/wp-json\/wp\/v2\/categories?post=518446"},{"taxonomy":"post_tag","embeddable":true,"href":"https:\/\/www.europesays.com\/fr\/wp-json\/wp\/v2\/tags?post=518446"}],"curies":[{"name":"wp","href":"https:\/\/api.w.org\/{rel}","templated":true}]}}