{"id":518447,"date":"2025-11-07T14:38:27","date_gmt":"2025-11-07T14:38:27","guid":{"rendered":"https:\/\/www.europesays.com\/fr\/518447\/"},"modified":"2025-11-07T14:38:27","modified_gmt":"2025-11-07T14:38:27","slug":"football-calin-felicitations-le-vestiaire-du-racing-club-de-strasbourg-ravi-de-la-premiere-selection-de-panichelli","status":"publish","type":"post","link":"https:\/\/www.europesays.com\/fr\/518447\/","title":{"rendered":"Football. C\u00e2lin, f\u00e9licitations&#8230; Le vestiaire du Racing Club de Strasbourg ravi de la premi\u00e8re s\u00e9lection de Panichelli"},"content":{"rendered":"<p>Lorsque les diff\u00e9rentes listes des s\u00e9lections sont tomb\u00e9es, jeudi, la surprise a \u00e9t\u00e9 de voir\u00a0<a href=\"https:\/\/www.dna.fr\/sport\/2025\/08\/13\/joaquin-panichelli-a-un-but-en-tete\" target=\"_blank\" rel=\"noopener\">Joaquin Panichelli<\/a>\u00a0retenu par Lionel Scaloni, \u00e0 l\u2019instar de Valentin Barco, dans le groupe argentin. \u00ab\u00a0On est vraiment ravis pour eux. \u201cPani\u201d, il a vraiment marqu\u00e9 beaucoup de buts\u00a0(10)\u00a0depuis le d\u00e9but de la saison\u00a0\u00bb, sourit\u00a0<a href=\"https:\/\/www.dna.fr\/sport\/2025\/10\/29\/sebastian-nanasi-la-renaissance\" target=\"_blank\" rel=\"noopener\">Sebastian Nanasi<\/a>.<\/p>\n<p>Liam Rosenior n\u2019a appris la bonne nouvelle qu\u2019apr\u00e8s la victoire au Gamla Ullevi. Il en a profit\u00e9 pour faire un \u00ab\u00a0gros c\u00e2lin\u00a0\u00bb \u00e0 son attaquant avant de partager sa \u00ab\u00a0fiert\u00e9\u00a0\u00bb en conf\u00e9rence de presse. \u00ab\u00a0Je suis tellement content, sourit le coach londonien. Bien s\u00fbr, le m\u00e9tier d\u2019entra\u00eeneur, c\u2019est de gagner des matches. C\u2019est pour \u00e7a qu\u2019on travaille si dur. Mais voir des joueurs r\u00e9aliser leurs r\u00eaves, c\u2019est aussi pour cela que je fais ce m\u00e9tier. C\u2019\u00e9tait d\u00e9j\u00e0 le cas avec Andrey Santos\u00a0(qui a jou\u00e9 son premier match officiel avec le Br\u00e9sil en juin dernier, ndlr). Ce sont des choses que je ne vais pas oublier mais eux non plus. Et accessoirement, \u00e7a montre qu\u2019on fait du tr\u00e8s bon travail.\u00a0\u00bb<\/p>\n","protected":false},"excerpt":{"rendered":"Lorsque les diff\u00e9rentes listes des s\u00e9lections sont tomb\u00e9es, jeudi, la surprise a \u00e9t\u00e9 de voir\u00a0Joaquin Panichelli\u00a0retenu par Lionel&hellip;\n","protected":false},"author":2,"featured_media":518448,"comment_status":"","ping_status":"","sticky":false,"template":"","format":"standard","meta":{"footnotes":""},"categories":[2820],"tags":[1111,11,1777,674,107,63,1011,27,775,12,41281,25,517,640],"class_list":{"0":"post-518447","1":"post","2":"type-post","3":"status-publish","4":"format-standard","5":"has-post-thumbnail","7":"category-strasbourg","8":"tag-actu","9":"tag-actualites","10":"tag-eu","11":"tag-europe","12":"tag-fil-info","13":"tag-football","14":"tag-fr","15":"tag-france","16":"tag-grand-est","17":"tag-news","18":"tag-racing-club-strasbourg-masculin","19":"tag-republique-francaise","20":"tag-sport","21":"tag-strasbourg"},"share_on_mastodon":{"url":"https:\/\/pubeurope.com\/@fr\/115508930429609111","error":""},"_links":{"self":[{"href":"https:\/\/www.europesays.com\/fr\/wp-json\/wp\/v2\/posts\/518447","targetHints":{"allow":["GET"]}}],"collection":[{"href":"https:\/\/www.europesays.com\/fr\/wp-json\/wp\/v2\/posts"}],"about":[{"href":"https:\/\/www.europesays.com\/fr\/wp-json\/wp\/v2\/types\/post"}],"author":[{"embeddable":true,"href":"https:\/\/www.europesays.com\/fr\/wp-json\/wp\/v2\/users\/2"}],"replies":[{"embeddable":true,"href":"https:\/\/www.europesays.com\/fr\/wp-json\/wp\/v2\/comments?post=518447"}],"version-history":[{"count":0,"href":"https:\/\/www.europesays.com\/fr\/wp-json\/wp\/v2\/posts\/518447\/revisions"}],"wp:featuredmedia":[{"embeddable":true,"href":"https:\/\/www.europesays.com\/fr\/wp-json\/wp\/v2\/media\/518448"}],"wp:attachment":[{"href":"https:\/\/www.europesays.com\/fr\/wp-json\/wp\/v2\/media?parent=518447"}],"wp:term":[{"taxonomy":"category","embeddable":true,"href":"https:\/\/www.europesays.com\/fr\/wp-json\/wp\/v2\/categories?post=518447"},{"taxonomy":"post_tag","embeddable":true,"href":"https:\/\/www.europesays.com\/fr\/wp-json\/wp\/v2\/tags?post=518447"}],"curies":[{"name":"wp","href":"https:\/\/api.w.org\/{rel}","templated":true}]}}