{"id":518453,"date":"2025-11-07T14:41:16","date_gmt":"2025-11-07T14:41:16","guid":{"rendered":"https:\/\/www.europesays.com\/fr\/518453\/"},"modified":"2025-11-07T14:41:16","modified_gmt":"2025-11-07T14:41:16","slug":"les-detenus-sont-des-citoyens-avec-des-droits-en-loire-atlantique-des-soirees-pour","status":"publish","type":"post","link":"https:\/\/www.europesays.com\/fr\/518453\/","title":{"rendered":"\u00ab\u00a0Les d\u00e9tenus sont des citoyens avec des droits\u00a0\u00bb\u00a0: en Loire-Atlantique, des soir\u00e9es pour"},"content":{"rendered":"<p>Aur\u00e9lie Grasset est coordinatrice du dispositif d\u2019accueils en famille pour personnes sortant de d\u00e9tention ou sous main de justice. Jusqu\u2019au dimanche 23\u00a0novembre,<a href=\"https:\/\/loireatlantique.secours-catholique.org\/notre-actualite\/des-cine-debats-avec-le-collectif-prison-44\" target=\"_blank\" rel=\"noopener\"> le Collectif prison 44 propose plusieurs\u00a0soir\u00e9es cin\u00e9-d\u00e9bat, autour de trois films.<\/a><\/p>\n<p>\t<img decoding=\"async\" src=\"https:\/\/www.europesays.com\/fr\/wp-content\/uploads\/2025\/11\/P35567444D7053635G_px_640_.jpg\" alt=\"photo aur\u00e9lie grasset, travailleuse sociale, en charge du dispositif d\u2019accueils pour les personnes sortant de d\u00e9tention.  \u00a9  dr\" width=\"640\" title=\" Aur\u00e9lie Grasset, travailleuse sociale, en charge du dispositif d\u2019accueils pour les personnes sortant de d\u00e9tention.   DR \"\/><\/p>\n<p class=\"elmt-legende\"> Aur\u00e9lie Grasset, travailleuse sociale, en charge du dispositif d\u2019accueils pour les personnes sortant de d\u00e9tention.   DR <\/p>\n<p>\u00ab\u00a0Quelle prison pour faire soci\u00e9t\u00e9\u00a0?\u00a0\u00bb, c\u2019est le th\u00e8me de cette nouvelle \u00e9dition des Journ\u00e9es nationales prison. &#8230;<\/p>\n<p>\u00a0<\/p>\n","protected":false},"excerpt":{"rendered":"Aur\u00e9lie Grasset est coordinatrice du dispositif d\u2019accueils en famille pour personnes sortant de d\u00e9tention ou sous main de&hellip;\n","protected":false},"author":2,"featured_media":518454,"comment_status":"","ping_status":"","sticky":false,"template":"","format":"standard","meta":{"footnotes":""},"categories":[2818],"tags":[1111,11,28489,17316,2483,1777,674,1011,27,3047,766,12,17483,2636,25132,25,16335],"class_list":{"0":"post-518453","1":"post","2":"type-post","3":"status-publish","4":"format-standard","5":"has-post-thumbnail","7":"category-nantes","8":"tag-actu","9":"tag-actualites","10":"tag-citoyens","11":"tag-detenus","12":"tag-droits","13":"tag-eu","14":"tag-europe","15":"tag-fr","16":"tag-france","17":"tag-loire-atlantique","18":"tag-nantes","19":"tag-news","20":"tag-parler","21":"tag-pays-de-la-loire","22":"tag-reinsertion","23":"tag-republique-francaise","24":"tag-soirees"},"share_on_mastodon":{"url":"https:\/\/pubeurope.com\/@fr\/115508942813769641","error":""},"_links":{"self":[{"href":"https:\/\/www.europesays.com\/fr\/wp-json\/wp\/v2\/posts\/518453","targetHints":{"allow":["GET"]}}],"collection":[{"href":"https:\/\/www.europesays.com\/fr\/wp-json\/wp\/v2\/posts"}],"about":[{"href":"https:\/\/www.europesays.com\/fr\/wp-json\/wp\/v2\/types\/post"}],"author":[{"embeddable":true,"href":"https:\/\/www.europesays.com\/fr\/wp-json\/wp\/v2\/users\/2"}],"replies":[{"embeddable":true,"href":"https:\/\/www.europesays.com\/fr\/wp-json\/wp\/v2\/comments?post=518453"}],"version-history":[{"count":0,"href":"https:\/\/www.europesays.com\/fr\/wp-json\/wp\/v2\/posts\/518453\/revisions"}],"wp:featuredmedia":[{"embeddable":true,"href":"https:\/\/www.europesays.com\/fr\/wp-json\/wp\/v2\/media\/518454"}],"wp:attachment":[{"href":"https:\/\/www.europesays.com\/fr\/wp-json\/wp\/v2\/media?parent=518453"}],"wp:term":[{"taxonomy":"category","embeddable":true,"href":"https:\/\/www.europesays.com\/fr\/wp-json\/wp\/v2\/categories?post=518453"},{"taxonomy":"post_tag","embeddable":true,"href":"https:\/\/www.europesays.com\/fr\/wp-json\/wp\/v2\/tags?post=518453"}],"curies":[{"name":"wp","href":"https:\/\/api.w.org\/{rel}","templated":true}]}}