{"id":518455,"date":"2025-11-07T14:42:16","date_gmt":"2025-11-07T14:42:16","guid":{"rendered":"https:\/\/www.europesays.com\/fr\/518455\/"},"modified":"2025-11-07T14:42:16","modified_gmt":"2025-11-07T14:42:16","slug":"le-varan-la-derniere-creation-de-la-machine-de-nantes-en-route-vers-calais","status":"publish","type":"post","link":"https:\/\/www.europesays.com\/fr\/518455\/","title":{"rendered":"Le Varan, la derni\u00e8re cr\u00e9ation de la Machine de Nantes en route vers Calais"},"content":{"rendered":"<p><img decoding=\"async\" class=\"\" style=\"width:100%\" src=\"https:\/\/www.europesays.com\/fr\/wp-content\/uploads\/2025\/11\/varan_11762510564379.jpg\" alt=\"Le Varan, la derni\u00e8re cr\u00e9ation de la Machine, en test \u00e0 Nantes avant son d\u00e9part pour Calais\"\/><\/p>\n<p>Le Varan, la derni\u00e8re cr\u00e9ation de la Machine, en test \u00e0 Nantes avant son d\u00e9part pour Calais<\/p>\n<p>Cr\u00e9dit : Pauline David &#8211; Compagnie le Machine<\/p>\n<p style=\"text-align: justify;\"><strong>Trois jours de f\u00eates<\/strong> attendent <strong>les habitants de Calais <\/strong>d\u00e8s aujourd&rsquo;hui.<strong> Le Varan de Voyage<\/strong>, la derni\u00e8re cr\u00e9ation de la compagnie la Machine de Nantes doit <strong>prendre la route pour Calais<\/strong> ce vendredi 7 novembre pour rejoindre deux autres cr\u00e9ations d\u00e9j\u00e0 sur place, <strong>le Dragon<\/strong>, ainsi que la fameuse <strong>Gardienne des T\u00e9n\u00e8bres<\/strong>.<\/p>\n<p style=\"text-align: center;\"><img loading=\"lazy\" decoding=\"async\" src=\"https:\/\/www.europesays.com\/fr\/wp-content\/uploads\/2025\/11\/JBtgxzcpfR.jpeg\" alt=\"\" width=\"500\" height=\"281\"\/><\/p>\n<p style=\"text-align: center;\">Le Varan et le Dragon &#8211; Cr\u00e9dit : Pauline David\u00a0<\/p>\n<p>Le l\u00e9zard, h<strong>aut de 4 m\u00e8tres et long de 15<\/strong>, pourra <strong>interagir avec les habitants<\/strong> et son environnement. <strong>25 personnes pourront m\u00eame embarquer sur son dos<\/strong>.\u00a0<\/p>\n<p>\u00a0<\/p>\n<p>Un grand spectacle de rue<\/p>\n<p>Le spectacle inaugural du Varan de Voyage <strong>r\u00e9uni ce vendredi les trois derni\u00e8res cr\u00e9atures de la Machine<\/strong>. \u00c0 savoir le Varan, le Dragon, mais \u00e9galement la Gardienne des T\u00e9n\u00e8bres.<\/p>\n<p style=\"text-align: center;\"><img loading=\"lazy\" decoding=\"async\" src=\"https:\/\/www.europesays.com\/fr\/wp-content\/uploads\/2025\/11\/DnqO1bm8fP.jpeg\" alt=\"\" width=\"500\" height=\"281\"\/><\/p>\n<p style=\"text-align: center;\">Le Dragon et la Gardienne des T\u00e9n\u00e8bres &#8211; Cr\u00e9dit : Pauline David<\/p>\n<p>Gr\u00e2ce \u00e0 sa<strong> petite largeur de 2,5 m\u00e8tres<\/strong>, le Varan sera capable de se <strong>faufiler dans les rues de la ville<\/strong> pour rejoindre le Dragon. Mais le Gardienne risque de s&rsquo;y interposer. Ce spectacle, intitul\u00e9 Le Varan de Voyage, l&rsquo;Odyss\u00e9e est \u00e0 d\u00e9couvrir <strong>\u00e0 Calais jusqu&rsquo;\u00e0 ce dimanche 9 novembre<\/strong>.\u00a0<\/p>\n","protected":false},"excerpt":{"rendered":"Le Varan, la derni\u00e8re cr\u00e9ation de la Machine, en test \u00e0 Nantes avant son d\u00e9part pour Calais Cr\u00e9dit&hellip;\n","protected":false},"author":2,"featured_media":518456,"comment_status":"","ping_status":"","sticky":false,"template":"","format":"standard","meta":{"footnotes":""},"categories":[2818],"tags":[1111,11,9420,23486,63890,10931,1777,674,1011,27,63891,38062,3047,766,12,1308,2636,25,3640,3140,56289],"class_list":{"0":"post-518455","1":"post","2":"type-post","3":"status-publish","4":"format-standard","5":"has-post-thumbnail","7":"category-nantes","8":"tag-actu","9":"tag-actualites","10":"tag-calais","11":"tag-compagnie","12":"tag-dragon","13":"tag-essais","14":"tag-eu","15":"tag-europe","16":"tag-fr","17":"tag-france","18":"tag-gardienne-des-tenebres","19":"tag-la-machine","20":"tag-loire-atlantique","21":"tag-nantes","22":"tag-news","23":"tag-nord","24":"tag-pays-de-la-loire","25":"tag-republique-francaise","26":"tag-rue","27":"tag-spectacle","28":"tag-varan"},"share_on_mastodon":{"url":"https:\/\/pubeurope.com\/@fr\/115508946946925399","error":""},"_links":{"self":[{"href":"https:\/\/www.europesays.com\/fr\/wp-json\/wp\/v2\/posts\/518455","targetHints":{"allow":["GET"]}}],"collection":[{"href":"https:\/\/www.europesays.com\/fr\/wp-json\/wp\/v2\/posts"}],"about":[{"href":"https:\/\/www.europesays.com\/fr\/wp-json\/wp\/v2\/types\/post"}],"author":[{"embeddable":true,"href":"https:\/\/www.europesays.com\/fr\/wp-json\/wp\/v2\/users\/2"}],"replies":[{"embeddable":true,"href":"https:\/\/www.europesays.com\/fr\/wp-json\/wp\/v2\/comments?post=518455"}],"version-history":[{"count":0,"href":"https:\/\/www.europesays.com\/fr\/wp-json\/wp\/v2\/posts\/518455\/revisions"}],"wp:featuredmedia":[{"embeddable":true,"href":"https:\/\/www.europesays.com\/fr\/wp-json\/wp\/v2\/media\/518456"}],"wp:attachment":[{"href":"https:\/\/www.europesays.com\/fr\/wp-json\/wp\/v2\/media?parent=518455"}],"wp:term":[{"taxonomy":"category","embeddable":true,"href":"https:\/\/www.europesays.com\/fr\/wp-json\/wp\/v2\/categories?post=518455"},{"taxonomy":"post_tag","embeddable":true,"href":"https:\/\/www.europesays.com\/fr\/wp-json\/wp\/v2\/tags?post=518455"}],"curies":[{"name":"wp","href":"https:\/\/api.w.org\/{rel}","templated":true}]}}