{"id":51846,"date":"2025-04-25T13:27:11","date_gmt":"2025-04-25T13:27:11","guid":{"rendered":"https:\/\/www.europesays.com\/fr\/51846\/"},"modified":"2025-04-25T13:27:11","modified_gmt":"2025-04-25T13:27:11","slug":"passionnee-de-peinture-cette-coiffeuse-a-la-retraite-expose-pres-de-flers","status":"publish","type":"post","link":"https:\/\/www.europesays.com\/fr\/51846\/","title":{"rendered":"Passionn\u00e9e de peinture, cette coiffeuse \u00e0 la retraite expose pr\u00e8s de Flers"},"content":{"rendered":"<p>            Par<br \/>\n        <strong><br \/>\n            <a href=\"https:\/\/actu.fr\/auteur\/marie-maureen\" title=\"Consulter tous les articles de Maureen Marie\" target=\"_blank\" rel=\"noopener\">Maureen Marie<\/a><br \/>\n        <\/strong><\/p>\n<p>        Publi\u00e9 le<\/p>\n<p>            24 avr. 2025 \u00e0 19h27        <\/p>\n<p>Apr\u00e8s 17\u00a0ans en tant que <b>coiffeuse \u00e0 son compte <\/b>ainsi que responsable pour sa fin de carri\u00e8re, Josette Montero commence \u00e0 peindre il y a une quinzaine d\u2019ann\u00e9es. Sans aucune formation dans le domaine, elle devient passionn\u00e9e gr\u00e2ce \u00e0 <b>la rencontre de peintres<\/b> dans une association.<br \/>Aujourd\u2019hui, la peinture est devenue un passe-temps et Josette prend des cours avec Florence Martel, artiste peintre de <a href=\"https:\/\/actu.fr\/pays-de-la-loire\/gorron_53107\" target=\"_blank\" rel=\"noopener\">Gorron<\/a>. C\u2019est avec diff\u00e9rents styles de peinture, en passant du<b> paysage \u00e0 l\u2019abstrait<\/b>, qu\u2019elle produit ses tableaux.<\/p>\n<p>Josette \u00e0 l\u2019\u00e9coute de nouveaux lieux pour exposer<\/p>\n<p class=\" wall-content\">\u00c0 la peinture <b>\u00e0 l\u2019huile, au pastel <\/b>et plus r\u00e9cemment \u00e0 l\u2019a\u00e9rographe, il y en a pour tous les go\u00fbts. C\u2019est gr\u00e2ce \u00e0 sa cousine, qui lui a appris que la m\u00e9diath\u00e8que de <a href=\"https:\/\/actu.fr\/normandie\/chanu_61093\" target=\"_blank\" rel=\"noopener\">Chanu<\/a> cherchait des artistes, que Josette y expose jusqu\u2019au mardi 29 avril. Il y a trois ans, Josette a d\u00e9j\u00e0 expos\u00e9 \u00e0 <a href=\"https:\/\/actu.fr\/normandie\/chanu_61093\" target=\"_blank\" rel=\"noopener\">La Ferri\u00e8re-aux-\u00c9tangs<\/a>, son village d\u2019origine malgr\u00e9 une expatriation \u00e0 Foug\u00e8res. \u00ab\u00a0Actuellement, je n\u2019ai pas d\u2019exposition pr\u00e9vue, mais si des villes sont int\u00e9ress\u00e9es par <b>mes \u0153uvres<\/b>, ce serait avec plaisir\u00a0\u00bb, t\u00e9moigne Josette Montero. Avis aux amateurs.<\/p>\n<p>    <a href=\"https:\/\/www.facebook.com\/plugins\/post.php?href=https%3A%2F%2Fwww.facebook.com%2Fchanu.eu%2Fposts%2Fpfbid0Ph6VF3jPX4G1jksUr4CwgwHq5CEF2rFiVtFtBxNjpej1q6xSGVMPQGWxRb8RQRZVl&amp;show_text=true&amp;width=350\" title=\"Ouvrie le lien\" target=\"_blank\" rel=\"noopener\">Cliquez ici pour visualiser le contenu<\/a><\/p>\n<p>Les \u0153uvres de Josette Montera sont \u00e0 retrouver sur Instagram : Les peintures de Joe. Contact : 06 29 30 33 88 ; <a href=\"https:\/\/actu.fr\/cdn-cgi\/l\/email-protection\" class=\"__cf_email__\" data-cfemail=\"c7aaa8a9b3a2b5a8ada8b4a2b3b3a287a0aaa6aeabe9a4a8aa\" target=\"_blank\" rel=\"noopener\">[email\u00a0protected]<\/a><\/p>\n<p class=\" wall-content\">Suivez toute l\u2019actualit\u00e9 de vos villes et m\u00e9dias favoris en vous inscrivant \u00e0 <a href=\"https:\/\/moncompte.actu.fr\" title=\"D\u00e9couvez Mon Actu\" rel=\"nofollow noopener\" data-trk=\"{&quot;cta&quot;:{&quot;action&quot;:&quot;https:\\\/\\\/moncompte.actu.fr&quot;,&quot;category&quot;:&quot;mon compte&quot;,&quot;from&quot;:&quot;article footer&quot;,&quot;name&quot;:&quot;Mon actu&quot;,&quot;type&quot;:&quot;cta&quot;}}\" target=\"_blank\">Mon Actu<\/a>.<\/p>\n","protected":false},"excerpt":{"rendered":"Par Maureen Marie Publi\u00e9 le 24 avr. 2025 \u00e0 19h27 Apr\u00e8s 17\u00a0ans en tant que coiffeuse \u00e0 son&hellip;\n","protected":false},"author":2,"featured_media":51847,"comment_status":"","ping_status":"","sticky":false,"template":"","format":"standard","meta":{"footnotes":""},"categories":[1358],"tags":[1063,1348,1384,1385,1386,58,59,1011,27,1652],"class_list":{"0":"post-51846","1":"post","2":"type-post","3":"status-publish","4":"format-standard","5":"has-post-thumbnail","7":"category-arts-et-design","8":"tag-animations","9":"tag-arts","10":"tag-arts-and-design","11":"tag-arts-et-design","12":"tag-design","13":"tag-divertissement","14":"tag-entertainment","15":"tag-fr","16":"tag-france","17":"tag-loisirs-culture"},"share_on_mastodon":{"url":"https:\/\/pubeurope.com\/@fr\/114398838340495788","error":""},"_links":{"self":[{"href":"https:\/\/www.europesays.com\/fr\/wp-json\/wp\/v2\/posts\/51846","targetHints":{"allow":["GET"]}}],"collection":[{"href":"https:\/\/www.europesays.com\/fr\/wp-json\/wp\/v2\/posts"}],"about":[{"href":"https:\/\/www.europesays.com\/fr\/wp-json\/wp\/v2\/types\/post"}],"author":[{"embeddable":true,"href":"https:\/\/www.europesays.com\/fr\/wp-json\/wp\/v2\/users\/2"}],"replies":[{"embeddable":true,"href":"https:\/\/www.europesays.com\/fr\/wp-json\/wp\/v2\/comments?post=51846"}],"version-history":[{"count":0,"href":"https:\/\/www.europesays.com\/fr\/wp-json\/wp\/v2\/posts\/51846\/revisions"}],"wp:featuredmedia":[{"embeddable":true,"href":"https:\/\/www.europesays.com\/fr\/wp-json\/wp\/v2\/media\/51847"}],"wp:attachment":[{"href":"https:\/\/www.europesays.com\/fr\/wp-json\/wp\/v2\/media?parent=51846"}],"wp:term":[{"taxonomy":"category","embeddable":true,"href":"https:\/\/www.europesays.com\/fr\/wp-json\/wp\/v2\/categories?post=51846"},{"taxonomy":"post_tag","embeddable":true,"href":"https:\/\/www.europesays.com\/fr\/wp-json\/wp\/v2\/tags?post=51846"}],"curies":[{"name":"wp","href":"https:\/\/api.w.org\/{rel}","templated":true}]}}