{"id":518461,"date":"2025-11-07T14:45:18","date_gmt":"2025-11-07T14:45:18","guid":{"rendered":"https:\/\/www.europesays.com\/fr\/518461\/"},"modified":"2025-11-07T14:45:18","modified_gmt":"2025-11-07T14:45:18","slug":"en-images-voici-letat-du-premier-tunnelier-qui-a-fini-de-creuser-la-ligne-c-du-metro-de-toulouse","status":"publish","type":"post","link":"https:\/\/www.europesays.com\/fr\/518461\/","title":{"rendered":"EN IMAGES. Voici l&rsquo;\u00e9tat du premier tunnelier qui a fini de creuser la ligne C du m\u00e9tro de Toulouse"},"content":{"rendered":"<p>            Par<br \/>\n        <strong><br \/>\n            <a href=\"https:\/\/actu.fr\/auteur\/lea-afonso\" title=\"Consulter tous les articles de L\u00e9a Afonso\" target=\"_blank\" rel=\"noopener\">L\u00e9a Afonso<\/a><br \/>\n        <\/strong><\/p>\n<p>        Publi\u00e9 le<\/p>\n<p>            7 nov. 2025 \u00e0 13h15        <\/p>\n<p>C\u2019est une \u00e9tape symbolique dans la construction de la future<a href=\"https:\/\/actu.fr\/tag\/ligne-c-du-metro-de-toulouse\" target=\"_blank\" rel=\"noopener\"> ligne C du m\u00e9tro<\/a> de <strong><a href=\"https:\/\/actu.fr\/toulouse\/\" target=\"_blank\" rel=\"noopener\">Toulouse<\/a><\/strong>. \u00c0 la mi-octobre 2025, l\u2019un des <strong>cinq tunneliers<\/strong> engag\u00e9s sur le chantier, <strong>Marguerite de Catellan, a achev\u00e9 son parcours.<\/strong> Un <a href=\"https:\/\/actu.fr\/occitanie\/toulouse_31555\/video-ligne-c-du-metro-a-toulouse-suivez-en-direct-la-fin-du-creusement-du-premier-tunnelier_63296285.html\" target=\"_blank\" rel=\"noopener\">moment fort pour les \u00e9quipes de Tiss\u00e9o et pour tous les acteurs<\/a> de ce projet colossal. Trois semaines plus tard, Tiss\u00e9o a partag\u00e9 des images de l\u2019\u00e9tat du tunnelier apr\u00e8s plus d\u2019un an de travail souterrain.<\/p>\n<p>4,2 kilom\u00e8tres de creusement en 15 mois<\/p>\n<p class=\" wall-content\">Le <strong>mardi 14 octobre 2025,<\/strong> Marguerite de Catellan a perc\u00e9 son dernier m\u00e8tre dans le sol toulousain pour<strong> atteindre le puits Saint-Sauveur,<\/strong> \u00e0 proximit\u00e9 du canal du Midi. \u00ab Cette \u00e9tape marque la fin d\u2019un<strong> parcours de 4,2 km. En 15 mois,<\/strong> le tunnelier a reli\u00e9 quatre stations et trois ouvrages annexes : le puits Terrasse, le puits Balansa et le puits Saint-Sauveur \u00bb, pr\u00e9cisait alors Tiss\u00e9o.<\/p>\n<p>    <img   decoding=\"async\" loading=\"lazy\" src=\"https:\/\/www.europesays.com\/fr\/wp-content\/uploads\/2025\/11\/tunnelier-960x640.jpeg\" alt=\"L'arriv\u00e9e du tunnelier au puits Saint-Sauveur. \" width=\"960\" height=\"640\"\/><br \/>\n    L\u2019arriv\u00e9e du tunnelier au puits Saint-Sauveur. (\u00a9Florence AT \u2013 PICS PROD \u2013 Tiss\u00e9o Ing\u00e9nierie)<\/p>\n<p class=\" wall-content\"><strong>Parti en ao\u00fbt 2024<\/strong> depuis la station Montaudran Gare \u2013 Piste des G\u00e9ants, le tunnelier a successivement creus\u00e9 les stations L\u2019Ormeau (octobre 2024), Limayrac \u2013 Cit\u00e9 de l\u2019Espace (avril 2025) et C\u00f4te Pav\u00e9e (ao\u00fbt 2025). Un travail de pr\u00e9cision, r\u00e9alis\u00e9 \u00e0 plusieurs dizaines de m\u00e8tres sous la Ville rose.<\/p>\n<p>La croix occitane a perdu de ses couleurs<\/p>\n<p class=\" wall-content\">Lors de sa mise en service, Marguerite de Catellan avait suscit\u00e9 la curiosit\u00e9 des Toulousains. Effectivement, en mai 2024, Tiss\u00e9o pr\u00e9sentait fi\u00e8rement ses tunneliers : \u00ab\u00a0Sur chacun d\u2019entre eux, la \u00ab <strong>roue de coupe<\/strong> \u00bb, soit la partie situ\u00e9e \u00e0 l\u2019avant de l\u2019engin, portera les couleurs <strong>rouge et jaune\u2026 de la croix occitane<\/strong>\u00ab\u00a0,\u00a0<a href=\"https:\/\/actu.fr\/occitanie\/toulouse_31555\/toulouse-voici-a-quoi-ressemblent-les-tunneliers-de-la-ligne-c-du-metro_61094317.html\" target=\"_blank\" rel=\"noopener\">s\u2019\u00e9tait alors f\u00e9licit\u00e9 Jean-Michel Lattes<\/a>, pr\u00e9sident de Tiss\u00e9o.<\/p>\n<p>Vid\u00e9os : en ce moment sur Actu<br \/>\n    <img   decoding=\"async\" loading=\"lazy\" src=\"https:\/\/www.europesays.com\/fr\/wp-content\/uploads\/2025\/11\/roue-de-coupe-tunnelier-metro-toulouse-ligne-c-gl2-960x640-1-960x640.jpg\" alt=\"La roue de coupe du tunnelier a perdu de ses couleurs apr\u00e8s 15 mois de travaux. \" width=\"960\" height=\"640\"\/><br \/>\n    La roue de coupe du tunnelier a perdu de ses couleurs apr\u00e8s 15 mois de travaux. (\u00a9Archives Guillaume Laurens \/ Actu Toulouse)<\/p>\n<p class=\" wall-content\">Mais au moment de son d\u00e9montage, le tunnelier n\u2019avait plus grand-chose du bel engin d\u2019origine : <strong>m\u00e9tal us\u00e9, traces de rouille, dents \u00e9mouss\u00e9es<\/strong>\u2026 autant de cicatrices d\u2019un long combat souterrain.<\/p>\n<p>Votre r\u00e9gion, votre actu !<\/p>\n<p>Recevez chaque jour les infos qui comptent pour vous.<\/p>\n<p>\t<a href=\"https:\/\/actu.fr\/newsletter\" class=\"ac-btn ac-btn--corner ac-btn--medium ac-btn--blue800\" target=\"_blank\" rel=\"noopener\">S&rsquo;incrire<\/a><\/p>\n<p>    <img   decoding=\"async\" loading=\"lazy\" src=\"https:\/\/www.europesays.com\/fr\/wp-content\/uploads\/2025\/11\/etat-tunnelier-metro-toulouse-apres-creusement-960x640.jpg\" alt=\"Voici l'\u00e9tat du tunnelier apr\u00e8s le creusement de la ligne C du m\u00e9tro de Toulouse\" width=\"960\" height=\"640\"\/><br \/>\n    Voici l\u2019\u00e9tat du tunnelier apr\u00e8s le creusement de la ligne C du m\u00e9tro de Toulouse (\u00a9Florence AT \/ Picsprod Visuals )Une nouvelle vie pour Marguerite de Catellan<\/p>\n<p class=\" wall-content\">La fin de son creusement ne signe pas pour autant la retraite du tunnelier. Apr\u00e8s d\u00e9montage, ses diff\u00e9rentes pi\u00e8ces seront <strong>\u00ab\u00a0transport\u00e9es dans une autre ville\u00a0\u00bb<\/strong> pour de nouveaux travaux souterrains, a pr\u00e9cis\u00e9 Tiss\u00e9o.<\/p>\n<p class=\" wall-content\">Personnalisez votre actualit\u00e9 en ajoutant vos villes et m\u00e9dias en favori avec <a href=\"https:\/\/moncompte.actu.fr\" title=\"D\u00e9couvez Mon Actu\" rel=\"nofollow noopener\" data-trk=\"{&quot;cta&quot;:{&quot;action&quot;:&quot;https:\\\/\\\/moncompte.actu.fr&quot;,&quot;category&quot;:&quot;mon compte&quot;,&quot;from&quot;:&quot;article footer&quot;,&quot;name&quot;:&quot;Mon actu&quot;,&quot;type&quot;:&quot;cta&quot;}}\" target=\"_blank\">Mon Actu<\/a>.<\/p>\n","protected":false},"excerpt":{"rendered":"Par L\u00e9a Afonso Publi\u00e9 le 7 nov. 2025 \u00e0 13h15 C\u2019est une \u00e9tape symbolique dans la construction de&hellip;\n","protected":false},"author":2,"featured_media":518462,"comment_status":"","ping_status":"","sticky":false,"template":"","format":"standard","meta":{"footnotes":""},"categories":[2816],"tags":[1111,11,1777,674,1011,27,5224,10596,12,2680,25,104,5400,2312],"class_list":{"0":"post-518461","1":"post","2":"type-post","3":"status-publish","4":"format-standard","5":"has-post-thumbnail","7":"category-toulouse","8":"tag-actu","9":"tag-actualites","10":"tag-eu","11":"tag-europe","12":"tag-fr","13":"tag-france","14":"tag-ligne-c-du-metro-de-toulouse","15":"tag-metro-de-toulouse","16":"tag-news","17":"tag-occitanie","18":"tag-republique-francaise","19":"tag-societe","20":"tag-tisseo","21":"tag-toulouse"},"share_on_mastodon":{"url":"https:\/\/pubeurope.com\/@fr\/115508959364412242","error":""},"_links":{"self":[{"href":"https:\/\/www.europesays.com\/fr\/wp-json\/wp\/v2\/posts\/518461","targetHints":{"allow":["GET"]}}],"collection":[{"href":"https:\/\/www.europesays.com\/fr\/wp-json\/wp\/v2\/posts"}],"about":[{"href":"https:\/\/www.europesays.com\/fr\/wp-json\/wp\/v2\/types\/post"}],"author":[{"embeddable":true,"href":"https:\/\/www.europesays.com\/fr\/wp-json\/wp\/v2\/users\/2"}],"replies":[{"embeddable":true,"href":"https:\/\/www.europesays.com\/fr\/wp-json\/wp\/v2\/comments?post=518461"}],"version-history":[{"count":0,"href":"https:\/\/www.europesays.com\/fr\/wp-json\/wp\/v2\/posts\/518461\/revisions"}],"wp:featuredmedia":[{"embeddable":true,"href":"https:\/\/www.europesays.com\/fr\/wp-json\/wp\/v2\/media\/518462"}],"wp:attachment":[{"href":"https:\/\/www.europesays.com\/fr\/wp-json\/wp\/v2\/media?parent=518461"}],"wp:term":[{"taxonomy":"category","embeddable":true,"href":"https:\/\/www.europesays.com\/fr\/wp-json\/wp\/v2\/categories?post=518461"},{"taxonomy":"post_tag","embeddable":true,"href":"https:\/\/www.europesays.com\/fr\/wp-json\/wp\/v2\/tags?post=518461"}],"curies":[{"name":"wp","href":"https:\/\/api.w.org\/{rel}","templated":true}]}}