{"id":518476,"date":"2025-11-07T14:54:32","date_gmt":"2025-11-07T14:54:32","guid":{"rendered":"https:\/\/www.europesays.com\/fr\/518476\/"},"modified":"2025-11-07T14:54:32","modified_gmt":"2025-11-07T14:54:32","slug":"les-tickets-de-metro-cest-officiellement-termine-jusqua-quand-pourrez-vous-utiliser-vos-titres-en-carton","status":"publish","type":"post","link":"https:\/\/www.europesays.com\/fr\/518476\/","title":{"rendered":"Les tickets de m\u00e9tro, c&rsquo;est officiellement termin\u00e9 ! Jusqu&rsquo;\u00e0 quand pourrez-vous utiliser vos titres en carton ?"},"content":{"rendered":"<p>Les tickets cartons, c\u2019est fini\u00a0! Ce 5 novembre 2025 marquait une \u00e9tape importante dans <a href=\"https:\/\/www.journaldugeek.com\/2025\/02\/25\/a-paris-le-metro-du-futur-est-deja-obsolete\/\" target=\"_blank\" rel=\"noopener\">la d\u00e9mat\u00e9rialisation des titres de transports franciliens<\/a>. Apr\u00e8s deux ans d\u2019adaptation, \u00cele-de-France Mobilit\u00e9s passe enfin au tout num\u00e9rique. La fin de la commercialisation des carnets de 10 tickets T+ avait d\u00e9j\u00e0 eu lieu en septembre 2023. D\u00e9sormais, il n\u2019est plus possible d\u2019acheter les titres de transport \u00e0 l\u2019unit\u00e9 sur tout le r\u00e9seau m\u00e9tro, RER, bus et tram de la r\u00e9gion. Seules quelques rares bornes SNCF continueront \u00e0 vendre des tickets magn\u00e9tiques pour des trajets origine-destination hors \u00cele-de-France.<\/p>\n<p> Quelles alternatives aux tickets papier\u00a0? <\/p>\n<p>Aujourd\u2019hui, deux options sont propos\u00e9es aux voyageurs\u00a0: <a href=\"https:\/\/www.journaldugeek.com\/2025\/11\/04\/utiliser-votre-carte-bancaire-a-la-place-de-votre-pass-navigo-cest-deja-possible\/\" target=\"_blank\" rel=\"noopener\">charger des titres de transport directement sur leur smartphone<\/a> et montre connect\u00e9e depuis les application SNCF Connect, IDFM ou Bonjour RATP, ou utiliser des passes physiques comme le Navigo Easy ou le Navigo Libert\u00e9+. Ces derniers permettent de simplifier la gestion des trajets et d\u2019apporter plus de flexibilit\u00e9 aux usagers occasionnels comme aux r\u00e9guliers. Quant au ticket cartonn\u00e9, figure embl\u00e9matiques des transports parisiens depuis l\u2019ouverture de la ligne 1 en 1900\u2026 il va falloir l\u2019oublier.<\/p>\n<p> Jusqu\u2019\u00e0 quand pourrez-vous utiliser vos tickets papier\u00a0? <\/p>\n<p>\u00c0 ceux qui ont encore des tickets en carton chez eux, pas de panique. Si les tickets ont disparu des circuits de vente, ils resteront valides pendant quelques mois suppl\u00e9mentaires. La validit\u00e9 s\u2019\u00e9tend en effet jusqu\u2019en juin 2026 pour les m\u00e9tros, RER et trains Transilien. Pour les bus et tramways, la date limite est fix\u00e9e au d\u00e9but mai 2026, avec une suppression progressive des composteurs acceptant encore les tickets papier.<\/p>\n<p>Un dispositif d\u2019\u00e9change en guichet RATP ou SNCF est mis en place jusqu\u2019au 1er septembre 2026, permettant de convertir les anciens tickets physiques en version digitale. Cette mesure vise \u00e0 accompagner les usagers dans cette transition, notamment les plus habitu\u00e9s aux supports traditionnels. Vous avez donc encore un peu de temps pour \u00e9couler votre vieux stock. Rappelons qu\u2019au-del\u00e0 de l\u2019aspect pratique, la suppression des tickets en carton r\u00e9pond aussi \u00e0 une <strong>d\u00e9marche \u00e9cologique<\/strong>. La d\u00e9mat\u00e9rialisation \u00e9vite non seulement la production et le recyclage massifs, mais r\u00e9duit aussi les d\u00e9chets jet\u00e9s dans l\u2019environnement.<\/p>\n<p> Simplification g\u00e9n\u00e9ralis\u00e9e <\/p>\n<p>Cette nouvelle \u00e9tape s\u2019accompagne d\u2019une simplification tarifaire majeure initi\u00e9e en janvier 2025. Fini les tarifs \u00e0 rallonge en fonction de la destination choisie, le r\u00e9seau francilien se limite d\u00e9sormais \u00e0 deux types de billets\u00a0: le ticket m\u00e9tro-train-RER \u00e0 2,50\u20ac et le ticket bus-tramway \u00e0 2\u20ac. De quoi propulser encore un peu plus la r\u00e9gion dans son \u00e9lan de modernit\u00e9.<\/p>\n<blockquote>\n<p class=\"text-base text-neutral-700 dark:text-neutral-300\">\ud83d\udfe3 Pour ne manquer aucune news sur le Journal du Geek, abonnez-vous sur <a href=\"https:\/\/news.google.com\/publications\/CAAqBwgKMNr_hAswwYyCAw?hl=fr&amp;gl=FR&amp;ceid=FR%3Afr\" target=\"_blank\" rel=\"noopener\">Google Actualit\u00e9s<\/a> et sur <a href=\"https:\/\/whatsapp.com\/channel\/0029VaClM5y4tRry12tb7D2h\" target=\"_blank\" rel=\"noopener\">notre WhatsApp<\/a>. Et si vous nous adorez, on a <a href=\"https:\/\/www.journaldugeek.com\/newsletter\/\" target=\"_blank\" rel=\"noopener\">une newsletter tous les matins<\/a>.<\/p>\n<\/blockquote>\n","protected":false},"excerpt":{"rendered":"Les tickets cartons, c\u2019est fini\u00a0! Ce 5 novembre 2025 marquait une \u00e9tape importante dans la d\u00e9mat\u00e9rialisation des titres&hellip;\n","protected":false},"author":2,"featured_media":518477,"comment_status":"","ping_status":"","sticky":false,"template":"","format":"standard","meta":{"footnotes":""},"categories":[1592],"tags":[1111,11,1777,674,1011,27,21594,662,4047,12,626,25],"class_list":{"0":"post-518476","1":"post","2":"type-post","3":"status-publish","4":"format-standard","5":"has-post-thumbnail","7":"category-ile-de-france","8":"tag-actu","9":"tag-actualites","10":"tag-eu","11":"tag-europe","12":"tag-fr","13":"tag-france","14":"tag-idfm","15":"tag-ile-de-france","16":"tag-metro","17":"tag-news","18":"tag-paris","19":"tag-republique-francaise"},"share_on_mastodon":{"url":"https:\/\/pubeurope.com\/@fr\/115508993447989021","error":""},"_links":{"self":[{"href":"https:\/\/www.europesays.com\/fr\/wp-json\/wp\/v2\/posts\/518476","targetHints":{"allow":["GET"]}}],"collection":[{"href":"https:\/\/www.europesays.com\/fr\/wp-json\/wp\/v2\/posts"}],"about":[{"href":"https:\/\/www.europesays.com\/fr\/wp-json\/wp\/v2\/types\/post"}],"author":[{"embeddable":true,"href":"https:\/\/www.europesays.com\/fr\/wp-json\/wp\/v2\/users\/2"}],"replies":[{"embeddable":true,"href":"https:\/\/www.europesays.com\/fr\/wp-json\/wp\/v2\/comments?post=518476"}],"version-history":[{"count":0,"href":"https:\/\/www.europesays.com\/fr\/wp-json\/wp\/v2\/posts\/518476\/revisions"}],"wp:featuredmedia":[{"embeddable":true,"href":"https:\/\/www.europesays.com\/fr\/wp-json\/wp\/v2\/media\/518477"}],"wp:attachment":[{"href":"https:\/\/www.europesays.com\/fr\/wp-json\/wp\/v2\/media?parent=518476"}],"wp:term":[{"taxonomy":"category","embeddable":true,"href":"https:\/\/www.europesays.com\/fr\/wp-json\/wp\/v2\/categories?post=518476"},{"taxonomy":"post_tag","embeddable":true,"href":"https:\/\/www.europesays.com\/fr\/wp-json\/wp\/v2\/tags?post=518476"}],"curies":[{"name":"wp","href":"https:\/\/api.w.org\/{rel}","templated":true}]}}