{"id":518478,"date":"2025-11-07T14:55:16","date_gmt":"2025-11-07T14:55:16","guid":{"rendered":"https:\/\/www.europesays.com\/fr\/518478\/"},"modified":"2025-11-07T14:55:16","modified_gmt":"2025-11-07T14:55:16","slug":"extremement-choquant-le-temoignage-dune-spectatrice-du-concert-de-lorchestre-disrael-perturbe-a-paris","status":"publish","type":"post","link":"https:\/\/www.europesays.com\/fr\/518478\/","title":{"rendered":"\u00ab\u00a0Extr\u00eamement choquant\u00a0\u00bb : le t\u00e9moignage d&rsquo;une spectatrice du concert de l&rsquo;Orchestre d&rsquo;Isra\u00ebl perturb\u00e9 \u00e0 Paris"},"content":{"rendered":"<ul class=\"jsx-862013697 ArticleChapo__List\">\n<li class=\"jsx-862013697 ArticleChapo__List_Item flex\">Apr\u00e8s des incidents survenus jeudi soir \u00e0 la Philharmonie de Paris, 4 personnes ont \u00e9t\u00e9 plac\u00e9es en garde \u00e0 vue.<\/li>\n<li class=\"jsx-862013697 ArticleChapo__List_Item flex\">Des spectateurs ont tent\u00e9 \u00e0 trois reprises d&rsquo;interrompre le concert donn\u00e9 par l&rsquo;orchestre isra\u00e9lien.<\/li>\n<li class=\"jsx-862013697 ArticleChapo__List_Item flex\">Ces derniers jours, des militants pro-palestiniens avaient demand\u00e9 l&rsquo;annulation du concert.<\/li>\n<\/ul>\n<p><a href=\"https:\/\/www.tf1info.fr\/emissions\/tf1\/le-13h-10927\/\" rel=\"noopener\" class=\"jsx-484472199 Link jsx-1428418400 jsx-640816507\" target=\"_blank\"><\/p>\n<p style=\"font-weight:400\" class=\"jsx-1837267516\">Suivez la couverture compl\u00e8te<\/p>\n<p style=\"font-weight:800\" class=\"jsx-1837267516\">Le 13H<\/p>\n<p><\/a><\/p>\n<p data-module=\"article-paragraph\" class=\"jsx-3046738180 Paragraph Paragraph__End\">\u00c0 20h40, jeudi soir, le concert de l&rsquo;orchestre philharmonique d&rsquo;Isra\u00ebl est interrompu \u00e0 plusieurs reprises par une poign\u00e9e de militants pro-palestiniens dans les gradins, que l&rsquo;on voit fumig\u00e8nes \u00e0 la main dans la vid\u00e9o ci-dessus. Camille \u00e9tait pr\u00e9sente dans la salle. \u00ab\u00a0Cette personne qui vient perturber un concert, des gens qui sont l\u00e0 pour l&rsquo;art, c&rsquo;\u00e9tait extr\u00eamement choquant\u00a0\u00bb, confie cette spectatrice dans le reportage du 13H de TF1.\u00a0<\/p>\n<p data-module=\"article-paragraph\" class=\"jsx-3046738180 Paragraph Paragraph__End\">Des \u00e9chauffour\u00e9es \u00e9clatent alors. Des spectateurs ass\u00e8nent plusieurs coups de poing aux militants. Ces derniers avaient pay\u00e9 leur place au concert et avaient donc pu p\u00e9n\u00e9trer dans la salle munis de fumig\u00e8nes. \u00ab\u00a0On avait eu une fouille extr\u00eamement rapide \u00e0 l&rsquo;entr\u00e9e et j&rsquo;ai eu la sensation que la s\u00e9curit\u00e9 mettait un petit peu de temps \u00e0 intervenir\u00a0\u00bb, compl\u00e8te-t-elle.\u00a0<\/p>\n<p>Un dispositif de police \u00ab\u00a0assez cons\u00e9quent\u00a0\u00bb \u00e0 l&rsquo;ext\u00e9rieur et \u00e0 l&rsquo;int\u00e9rieur<\/p>\n<p data-module=\"article-paragraph\" class=\"jsx-3046738180 Paragraph Paragraph__End\">Quel \u00e9tait le dispositif de s\u00e9curit\u00e9 \u00e0 l&rsquo;int\u00e9rieur comme \u00e0 l&rsquo;ext\u00e9rieur ? \u00c9tait-il suffisant ? Le ministre de l&rsquo;Int\u00e9rieur a livr\u00e9 quelques \u00e9l\u00e9ments ce vendredi matin : \u00ab\u00a0Nous savions que ce concert \u00e9tait \u00e0 risque, donc il y avait un dispositif de police qui \u00e9tait assez cons\u00e9quent \u00e0 l&rsquo;ext\u00e9rieur, \u00e0 l&rsquo;int\u00e9rieur \u00e9galement, puisqu&rsquo;il y avait des effectifs de police en civil. Les individus ont \u00e9t\u00e9 imm\u00e9diatement interpell\u00e9s par les effectifs civils.\u00a0\u00bb<\/p>\n<p data-module=\"article-paragraph\" class=\"jsx-3046738180 Paragraph Paragraph__End\"><a href=\"https:\/\/www.tf1info.fr\/culture\/de-graves-incidents-le-concert-d-un-chef-d-orchestre-israelien-perturbe-a-la-philharmonie-de-paris-2405284.html\" target=\"_blank\" rel=\"noopener\">Quatre personnes ont \u00e9t\u00e9 plac\u00e9es en garde \u00e0 vue<\/a>. L&rsquo;une d&rsquo;elles est fich\u00e9e S pour appartenance \u00e0 la mouvance contestataire. Ce concert faisait depuis des jours l&rsquo;objet de controverses. La CGT spectacle, par exemple, avait protest\u00e9, pr\u00e9venant que la Philharmonie de Paris ne devait pas, selon elle, accueillir l&rsquo;orchestre isra\u00e9lien \u00ab\u00a0sans rappeler \u00e0 son public les accusations gravissimes qui p\u00e8sent contre les dirigeants de ce pays ni la teneur des crimes commis \u00e0 Gaza\u00a0\u00bb.<\/p>\n<p><a href=\"https:\/\/www.tf1info.fr\/international\/document-reportage-video-tf1-une-equipe-de-journalistes-au-coeur-de-gaza-detruite-2404965.html\" rel=\"noopener\" class=\"jsx-3308031228 Link flex\" target=\"_blank\"><img decoding=\"async\" src=\"https:\/\/www.europesays.com\/fr\/wp-content\/uploads\/2025\/11\/cap-sdgs-97aa43-0@1x.jpeg\" alt=\"TF1\" loading=\"lazy\" importance=\"low\" fetchpriority=\"low\" class=\"\" aria-hidden=\"true\"\/><\/p>\n<p class=\"jsx-3657663356 ReadMoreArticle__Title\">Lire aussi<\/p>\n<p class=\"jsx-3657663356\">Des kilom\u00e8tres de poussi\u00e8re : une \u00e9quipe de TF1 au c\u0153ur d&rsquo;une bande de Gaza d\u00e9vast\u00e9e<\/p>\n<p><\/a><\/p>\n<p data-module=\"article-paragraph\" class=\"jsx-3046738180 Paragraph\">\u00a0Ce n&rsquo;est pas la premi\u00e8re fois qu&rsquo;un concert du chef d&rsquo;orchestre isra\u00e9lien, Lahav Shani, est \u00e9maill\u00e9 d&rsquo;incidents. \u00c0 Vienne, en septembre dernier, la repr\u00e9sentation avait \u00e9t\u00e9 interrompue quelques minutes. Une semaine plus t\u00f4t, un concert pr\u00e9vu en Belgique avait \u00e9t\u00e9 annul\u00e9 par l&rsquo;organisation. Le chef d&rsquo;orchestre avait alors pris position : \u00ab\u00a0Il est impossible de rester indiff\u00e9rent \u00e0 <a href=\"https:\/\/www.tf1info.fr\/international\/en-direct-guerre-israel-hamas-bande-de-gaza-benyamin-netanyahou-ordonne-des-frappes-immediates-sur-le-territoire-palestinien-2403301.html\" target=\"_blank\" rel=\"noopener\">la souffrance des civils gazaouis<\/a> (&#8230;) Tout doit \u00eatre mis en \u0153uvre pour mettre fin \u00e0 la guerre.\u00a0\u00bb\u00a0<\/p>\n<p data-module=\"article-paragraph\" class=\"jsx-3046738180 Paragraph Paragraph__End\">La Philharmonie de Paris a port\u00e9 plainte pour les incidents de jeudi soir. Le concert a quant \u00e0 lui pu reprendre. L&rsquo;orchestre a d\u00e9cid\u00e9 de sa propre initiative de jouer l&rsquo;hymne national isra\u00e9lien.<\/p>\n<p>La r\u00e9daction de TF1info | Reportage TF1 : Baptiste GU\u00c9NAIS, Sophie DE VAISSI\u00c8RE, Ze\u00efnaba DIALLO<\/p>\n","protected":false},"excerpt":{"rendered":"Apr\u00e8s des incidents survenus jeudi soir \u00e0 la Philharmonie de Paris, 4 personnes ont \u00e9t\u00e9 plac\u00e9es en garde&hellip;\n","protected":false},"author":2,"featured_media":518479,"comment_status":"","ping_status":"","sticky":false,"template":"","format":"standard","meta":{"footnotes":""},"categories":[1888],"tags":[1111,1928,11,1927,1921,1777,674,1011,27,1922,12736,2954,5008,12,1926,626,1925,25,133,2953],"class_list":{"0":"post-518478","1":"post","2":"type-post","3":"status-publish","4":"format-standard","5":"has-post-thumbnail","7":"category-paris","8":"tag-actu","9":"tag-actu-paris","10":"tag-actualites","11":"tag-actualites-paris","12":"tag-article-video","13":"tag-eu","14":"tag-europe","15":"tag-fr","16":"tag-france","17":"tag-info","18":"tag-israel-palestine","19":"tag-justice-et-faits-divers","20":"tag-le-13h","21":"tag-news","22":"tag-news-paris","23":"tag-paris","24":"tag-paris-news","25":"tag-republique-francaise","26":"tag-video","27":"tag-video-police"},"share_on_mastodon":{"url":"https:\/\/pubeurope.com\/@fr\/115508997794235746","error":""},"_links":{"self":[{"href":"https:\/\/www.europesays.com\/fr\/wp-json\/wp\/v2\/posts\/518478","targetHints":{"allow":["GET"]}}],"collection":[{"href":"https:\/\/www.europesays.com\/fr\/wp-json\/wp\/v2\/posts"}],"about":[{"href":"https:\/\/www.europesays.com\/fr\/wp-json\/wp\/v2\/types\/post"}],"author":[{"embeddable":true,"href":"https:\/\/www.europesays.com\/fr\/wp-json\/wp\/v2\/users\/2"}],"replies":[{"embeddable":true,"href":"https:\/\/www.europesays.com\/fr\/wp-json\/wp\/v2\/comments?post=518478"}],"version-history":[{"count":0,"href":"https:\/\/www.europesays.com\/fr\/wp-json\/wp\/v2\/posts\/518478\/revisions"}],"wp:featuredmedia":[{"embeddable":true,"href":"https:\/\/www.europesays.com\/fr\/wp-json\/wp\/v2\/media\/518479"}],"wp:attachment":[{"href":"https:\/\/www.europesays.com\/fr\/wp-json\/wp\/v2\/media?parent=518478"}],"wp:term":[{"taxonomy":"category","embeddable":true,"href":"https:\/\/www.europesays.com\/fr\/wp-json\/wp\/v2\/categories?post=518478"},{"taxonomy":"post_tag","embeddable":true,"href":"https:\/\/www.europesays.com\/fr\/wp-json\/wp\/v2\/tags?post=518478"}],"curies":[{"name":"wp","href":"https:\/\/api.w.org\/{rel}","templated":true}]}}