{"id":518486,"date":"2025-11-07T14:59:16","date_gmt":"2025-11-07T14:59:16","guid":{"rendered":"https:\/\/www.europesays.com\/fr\/518486\/"},"modified":"2025-11-07T14:59:16","modified_gmt":"2025-11-07T14:59:16","slug":"vladimir-poutine-et-le-lobbying-russe-a-loeuvre-pour-reintegrer-les-competitions-sportives-internationales","status":"publish","type":"post","link":"https:\/\/www.europesays.com\/fr\/518486\/","title":{"rendered":"Vladimir Poutine et le lobbying russe \u00e0 l&rsquo;\u0153uvre pour r\u00e9int\u00e9grer les comp\u00e9titions sportives internationales"},"content":{"rendered":"\n<p class=\"c-chapo \">\n  Bannie de plusieurs comp\u00e9titions sportives internationales en raison de la guerre qu&rsquo;elle a lanc\u00e9e en Ukraine, la Russie, en marge de son discours officiel, s&rsquo;active en coulisses avec l&rsquo;objectif de retrouver rapidement les grandes comp\u00e9titions internationales.\n<\/p>\n<p>      lire plus tard<\/p>\n<p id=\"dialog__title\" class=\"dialog__title\">Pour sauvegarder cet article, connectez-vous ou cr\u00e9ez un compte franceinfo<\/p>\n<p class=\"dialog__description\">Sans paiement. Sans abonnement.<\/p>\n<p>        Fermer la fen\u00eatre d\u2019activation des notifications France Info<\/p>\n<p>      cr\u00e9er votre compte<\/p>\n<p>      se connecter<\/p>\n<p>        Fermer la fen\u00eatre de pr\u00e9sentation<\/p>\n<p>    <img loading=\"lazy\" decoding=\"async\" class=\"signature__image lazyload\" width=\"100\" height=\"100\" data- alt=\"\" src=\"https:\/\/www.europesays.com\/fr\/wp-content\/uploads\/2025\/05\/64a7df4c5fe71_placeholder-36b69ec8.png\"\/><\/p>\n<p>    Publi\u00e9 le 07\/11\/2025 15:48<\/p>\n<p>        Temps de lecture : 3min<\/p>\n<p>    <img decoding=\"async\"  alt=\"Le pr\u00e9sident russe Vladimir Poutine prononce un discours lors d'un forum sportif international, \u00e0 Samara, le 6 novembre 2025. (SERGEI KARPUKHIN \/ POOL)\" width=\"432\" height=\"243\" src=\"https:\/\/www.europesays.com\/fr\/wp-content\/uploads\/2025\/11\/000-83af8g3-690db380522bb223487816.jpg\" fetchpriority=\"high\"\/><\/p>\n<p>      Le pr\u00e9sident russe Vladimir Poutine prononce un discours lors d&rsquo;un forum sportif international, \u00e0 Samara, le 6 novembre 2025. (SERGEI KARPUKHIN \/ POOL)<\/p>\n<p>En Russie, pendant que la guerre fait rage en Ukraine, le pouvoir travaille au retour des \u00e9quipes russes dans le sport mondial. Alors que<a href=\"https:\/\/www.franceinfo.fr\/les-jeux-olympiques\/paris-2024-apres-les-dernieres-decisions-du-cio-visant-la-russie-celle-ci-se-sent-comme-david-contre-goliath-analyse-lukas-aubin_6451474.html\" rel=\"nofollow noopener\" target=\"_blank\"> le pays est encore banni de nombreuses comp\u00e9titions internationales,<\/a> \u00e0 commencer par les Jeux olympiques, les dirigeants russes s&rsquo;activent en coulisses pour r\u00e9int\u00e9grer la famille olympique. Jeudi 6 novembre, \u00e0 Samara, grande ville des bords de la Volga, un forum a notamment r\u00e9uni tout le gratin du sport russe et de nombreux repr\u00e9sentants de pays \u00e9trangers, asiatiques essentiellement, et Vladimir Poutine y a m\u00eame pris la parole.<\/p>\n<p>Le discours officiel tenu depuis trois ans par le Kremlin vise \u00e0 dire que si les autres pays ne veulent pas de la Russie, la Russie fera sans eux. Moscou a donc tent\u00e9 de monter ses propres comp\u00e9titions parall\u00e8les en organisant les <a href=\"https:\/\/www.franceinfo.fr\/monde\/russie\/pres-de-5-000-athletes-90-pays-et-une-trentaine-de-sports-la-russie-lance-les-jeux-des-brics-une-competition-alternative-aux-jeux-olympiques_6599403.html\" rel=\"nofollow noopener\" target=\"_blank\">Jeux des BRICS<\/a> ou les Jeux du futur, notamment, mais sans grand succ\u00e8s. La Russie a m\u00eame d\u00fb renoncer aux<a href=\"https:\/\/www.franceinfo.fr\/les-jeux-olympiques\/cio\/russie-vladimir-poutine-reporte-ses-jeux-de-l-amitie-censes-concurrencer-les-jo-jusqu-a-une-decision-speciale_6931988.html\" rel=\"nofollow noopener\" target=\"_blank\"> Jeux de l&rsquo;Amiti\u00e9 <\/a>qu&rsquo;elle voulait organiser en grande pompe \u00e0 Moscou, apr\u00e8s les JO, faute de concurrents.<\/p>\n<p> Mais en r\u00e9alit\u00e9, en coulisses, les officiels russes s&rsquo;activent et cherchent des soutiens partout dans le monde pour obtenir leur retour sur la sc\u00e8ne sportive mondiale. La d\u00e9monstration en a encore \u00e9t\u00e9 faite jeudi \u00e0 Samara, puisque la Russie avait invit\u00e9 des ministres des sports, des pr\u00e9sidents de comit\u00e9s nationaux olympiques et des responsables d&rsquo;une trentaine de pays asiatiques qui ont sign\u00e9 un appel pour la r\u00e9int\u00e9gration de la Russie au CIO.<\/p>\n<\/p>\n<p>Vladimir Poutine y \u00e9tait et a pris la parole pour revendiquer le retour de la Russie dans la famille sportive internationale. \u00ab\u00a0Notre position reste inchang\u00e9e, a-t-il dit. L&rsquo;acc\u00e8s des athl\u00e8tes aux comp\u00e9titions internationales doit \u00eatre \u00e9galitaire et justifi\u00e9 par leur m\u00e9rite sportif. La politique n&rsquo;a pas sa place dans le sport.\u00a0\u00bb Il faut voir dans les propos de Vladimir Poutine ceux d&rsquo;un dirigeant qui, plus qu&rsquo;aucun autre peut \u00eatre, a fait du sport un instrument de pouvoir et de diplomatie.\u00a0<\/p>\n<p>Quelles sont les chances de la Russie de pouvoir revenir aux Jeux olympiques notamment ? Il s&rsquo;agit l\u00e0 en tout cas d&rsquo;un objectif affich\u00e9 par le Kremlin. Le ministre des Sports russe, Mikhail Degtiariov, a d\u00e9clar\u00e9 qu&rsquo;il pensait que les Jeux d&rsquo;hiver de Milan-Cortina, en f\u00e9vrier 2026, seront la derni\u00e8re comp\u00e9tition olympique o\u00f9<a href=\"http:\/\/www.franceinfo.fr\/les-jeux-olympiques\/milan-cortina-2026\/jo-d-hiver-2026-les-athletes-russes-seront-admis-sous-drapeau-neutre-comme-lors-de-paris-2024_7501708.html#:~:text=Depuis%202018%2C%20%C3%A0%20la%20suite,dans%20le%20tableau%20des%20nations.\" rel=\"nofollow noopener\" target=\"_blank\"> le drapeau russe sera banni.<\/a> Et il en veut pour preuve le fait que, petit \u00e0 petit, de plus en plus de f\u00e9d\u00e9rations autorisent le retour des athl\u00e8tes russes. C&rsquo;est le cas dans le judo, la natation, l&rsquo;\u00e9quitation et l&rsquo;escrime notamment.<\/p>\n<p>La Russie a m\u00eame obtenu, lors d&rsquo;un vote, d&rsquo;\u00eatre r\u00e9int\u00e9gr\u00e9e de plein droit par le Comit\u00e9 paralympique. On ne verra a priori pas de drapeau russe lors des prochains Jeux paralympiques d&rsquo;hiver parce que la d\u00e9cision, in fine, revient aux f\u00e9d\u00e9rations, et celles qui sont concern\u00e9es sont contre le retour des Russes, mais un lobbying intense est \u00e0 l&rsquo;\u0153uvre et, dans une certaine mesure, porte tout de m\u00eame ses fruits. \u00c0 Moscou, on analyse par ailleurs que <a href=\"https:\/\/www.franceinfo.fr\/les-jeux-olympiques\/cio\/kirsty-coventry\/qui-est-kirsty-coventry-premiere-femme-presidente-du-comite-international-olympique_7141497.html\" rel=\"nofollow noopener\" target=\"_blank\">la nouvelle pr\u00e9sidente du CIO, Kirsty Coventry<\/a>, semble \u00eatre sur une ligne moins dure que son pr\u00e9d\u00e9cesseur Thomas Bach et que cela peut cr\u00e9er une opportunit\u00e9.<\/p>\n","protected":false},"excerpt":{"rendered":"Bannie de plusieurs comp\u00e9titions sportives internationales en raison de la guerre qu&rsquo;elle a lanc\u00e9e en Ukraine, la Russie,&hellip;\n","protected":false},"author":2,"featured_media":518487,"comment_status":"","ping_status":"","sticky":false,"template":"","format":"standard","meta":{"footnotes":""},"categories":[1591],"tags":[11,1887,12,1885,1886,132],"class_list":{"0":"post-518486","1":"post","2":"type-post","3":"status-publish","4":"format-standard","5":"has-post-thumbnail","7":"category-russie","8":"tag-actualites","9":"tag-federation-de-russie","10":"tag-news","11":"tag-russia","12":"tag-russian-federation","13":"tag-russie"},"share_on_mastodon":{"url":"https:\/\/pubeurope.com\/@fr\/115509013620979117","error":""},"_links":{"self":[{"href":"https:\/\/www.europesays.com\/fr\/wp-json\/wp\/v2\/posts\/518486","targetHints":{"allow":["GET"]}}],"collection":[{"href":"https:\/\/www.europesays.com\/fr\/wp-json\/wp\/v2\/posts"}],"about":[{"href":"https:\/\/www.europesays.com\/fr\/wp-json\/wp\/v2\/types\/post"}],"author":[{"embeddable":true,"href":"https:\/\/www.europesays.com\/fr\/wp-json\/wp\/v2\/users\/2"}],"replies":[{"embeddable":true,"href":"https:\/\/www.europesays.com\/fr\/wp-json\/wp\/v2\/comments?post=518486"}],"version-history":[{"count":0,"href":"https:\/\/www.europesays.com\/fr\/wp-json\/wp\/v2\/posts\/518486\/revisions"}],"wp:featuredmedia":[{"embeddable":true,"href":"https:\/\/www.europesays.com\/fr\/wp-json\/wp\/v2\/media\/518487"}],"wp:attachment":[{"href":"https:\/\/www.europesays.com\/fr\/wp-json\/wp\/v2\/media?parent=518486"}],"wp:term":[{"taxonomy":"category","embeddable":true,"href":"https:\/\/www.europesays.com\/fr\/wp-json\/wp\/v2\/categories?post=518486"},{"taxonomy":"post_tag","embeddable":true,"href":"https:\/\/www.europesays.com\/fr\/wp-json\/wp\/v2\/tags?post=518486"}],"curies":[{"name":"wp","href":"https:\/\/api.w.org\/{rel}","templated":true}]}}