{"id":518490,"date":"2025-11-07T15:01:15","date_gmt":"2025-11-07T15:01:15","guid":{"rendered":"https:\/\/www.europesays.com\/fr\/518490\/"},"modified":"2025-11-07T15:01:15","modified_gmt":"2025-11-07T15:01:15","slug":"crash-dun-avion-cargo-aux-usa-le-bilan-passe-a-13-morts","status":"publish","type":"post","link":"https:\/\/www.europesays.com\/fr\/518490\/","title":{"rendered":"Crash d&rsquo;un avion-cargo aux USA: le bilan passe \u00e0 13 morts"},"content":{"rendered":"<p class=\"ap-StoryElement ap-StoryElement--mb ap-StoryText\">\u00ab\u00a0J&rsquo;ai appris qu&rsquo;une treizi\u00e8me personne \u00e9tait d\u00e9c\u00e9d\u00e9e suite au crash du vol 2976 d&rsquo;UPS\u00a0\u00bb, a \u00e9crit jeudi soir sur son compte X le maire de Louisville, Craig Greenberg.<\/p>\n<p class=\"ap-StoryElement ap-StoryElement--mb ap-StoryText\">\u00ab\u00a0Mes pens\u00e9es vont aux familles, aux amis et aux coll\u00e8gues de toutes les victimes de la trag\u00e9die de cette semaine. Nous surmonterons cette \u00e9preuve ensemble\u00a0\u00bb, a ajout\u00e9 l&rsquo;\u00e9lu.<\/p>\n<p class=\"ap-StoryElement ap-StoryElement--mb ap-StoryText\">L&rsquo;appareil, un McDonnell Douglas MD-11 du transporteur am\u00e9ricain UPS qui devait rejoindre Hawa\u00ef, <a href=\"https:\/\/www.lavenir.net\/actu\/monde\/2025\/11\/05\/un-avion-cargo-secrase-pres-de-laeroport-de-louisville-aux-etats-unis-un-bilan-de-7-morts-et-ce-chiffre-va-sans-doute-augmenter-videos-S2QU5KU2TRFUJGNXBGVE2EOTVY\/?utm_content=all&amp;utm_medium=organic_social&amp;utm_campaign=echobox&amp;utm_source=Facebook#Echobox=1762324332\" target=\"_blank\" rel=\"noreferrer noopener nofollow\">s&rsquo;est \u00e9cras\u00e9 mardi en fin d&rsquo;apr\u00e8s-midi<\/a>, d\u00e9truisant des b\u00e2timents et engendrant un impressionnant panache d&rsquo;\u00e9paisse fum\u00e9e.<\/p>\n","protected":false},"excerpt":{"rendered":"\u00ab\u00a0J&rsquo;ai appris qu&rsquo;une treizi\u00e8me personne \u00e9tait d\u00e9c\u00e9d\u00e9e suite au crash du vol 2976 d&rsquo;UPS\u00a0\u00bb, a \u00e9crit jeudi soir&hellip;\n","protected":false},"author":2,"featured_media":518491,"comment_status":"","ping_status":"","sticky":false,"template":"","format":"standard","meta":{"footnotes":""},"categories":[1589],"tags":[3085,11,296,73,1866,12,2803,1864,1865,1863,308],"class_list":{"0":"post-518490","1":"post","2":"type-post","3":"status-publish","4":"format-standard","5":"has-post-thumbnail","7":"category-etats-unis","8":"tag-accidents","9":"tag-actualites","10":"tag-aeronautique","11":"tag-etats-unis","12":"tag-etats-unis-damerique","13":"tag-news","14":"tag-transport","15":"tag-united-states","16":"tag-united-states-of-america","17":"tag-us","18":"tag-usa"},"share_on_mastodon":{"url":"https:\/\/pubeurope.com\/@fr\/115509020936680647","error":""},"_links":{"self":[{"href":"https:\/\/www.europesays.com\/fr\/wp-json\/wp\/v2\/posts\/518490","targetHints":{"allow":["GET"]}}],"collection":[{"href":"https:\/\/www.europesays.com\/fr\/wp-json\/wp\/v2\/posts"}],"about":[{"href":"https:\/\/www.europesays.com\/fr\/wp-json\/wp\/v2\/types\/post"}],"author":[{"embeddable":true,"href":"https:\/\/www.europesays.com\/fr\/wp-json\/wp\/v2\/users\/2"}],"replies":[{"embeddable":true,"href":"https:\/\/www.europesays.com\/fr\/wp-json\/wp\/v2\/comments?post=518490"}],"version-history":[{"count":0,"href":"https:\/\/www.europesays.com\/fr\/wp-json\/wp\/v2\/posts\/518490\/revisions"}],"wp:featuredmedia":[{"embeddable":true,"href":"https:\/\/www.europesays.com\/fr\/wp-json\/wp\/v2\/media\/518491"}],"wp:attachment":[{"href":"https:\/\/www.europesays.com\/fr\/wp-json\/wp\/v2\/media?parent=518490"}],"wp:term":[{"taxonomy":"category","embeddable":true,"href":"https:\/\/www.europesays.com\/fr\/wp-json\/wp\/v2\/categories?post=518490"},{"taxonomy":"post_tag","embeddable":true,"href":"https:\/\/www.europesays.com\/fr\/wp-json\/wp\/v2\/tags?post=518490"}],"curies":[{"name":"wp","href":"https:\/\/api.w.org\/{rel}","templated":true}]}}