{"id":518492,"date":"2025-11-07T15:02:16","date_gmt":"2025-11-07T15:02:16","guid":{"rendered":"https:\/\/www.europesays.com\/fr\/518492\/"},"modified":"2025-11-07T15:02:16","modified_gmt":"2025-11-07T15:02:16","slug":"la-russie-accuse-le-royaume-uni-dattiser-le-conflit-en-ukraine","status":"publish","type":"post","link":"https:\/\/www.europesays.com\/fr\/518492\/","title":{"rendered":"La Russie accuse le Royaume-Uni d&rsquo;attiser le conflit en Ukraine"},"content":{"rendered":"<p>AA \/ Moscou \/ Elena Teslova<\/p>\n<p>La porte-parole du minist\u00e8re russe des Affaires \u00e9trang\u00e8res, Maria Zakharova, a accus\u00e9 vendredi le Royaume-Uni d&rsquo;attiser le conflit en Ukraine.<\/p>\n<p>R\u00e9agissant aux informations de presse selon lesquelles le Royaume-Uni aurait envoy\u00e9 des missiles Storm Shadow \u00e0 l&rsquo;Ukraine pour manifester son soutien, alors que le pr\u00e9sident am\u00e9ricain Donald Trump h\u00e9site \u00e0 fournir des missiles Tomahawk am\u00e9ricains, Mme Zakharova a affirm\u00e9 que, depuis le d\u00e9but du conflit, Londres n&rsquo;a cess\u00e9 d&rsquo;entraver les efforts de paix.<\/p>\n<p>\u00ab Par cons\u00e9quent, les positions du Royaume-Uni et des autorit\u00e9s londoniennes dans cette affaire n&rsquo;ont absolument pas chang\u00e9. Nous comprenons parfaitement leurs agissements. Ils attisent le conflit. C&rsquo;est tout ce dont ils ont besoin dans le contexte ukrainien \u00bb, a-t-elle d\u00e9clar\u00e9.<\/p>\n<p>Ces remarques font suite \u00e0 la d\u00e9claration de Trump le Lundi, dans laquelle il affirmait ne pas envisager s\u00e9rieusement la possibilit\u00e9 de transf\u00e9rer des missiles Tomahawk \u00e0 l&rsquo;Ukraine, tout en pr\u00e9cisant qu&rsquo;il pourrait revoir sa position.<\/p>\n<p>Parall\u00e8lement, fin octobre, le Pentagone avait approuv\u00e9 la livraison de Tomahawk \u00e0 l&rsquo;Ukraine et inform\u00e9 la Maison Blanche que ces missiles n&rsquo;endommageraient pas les arsenaux am\u00e9ricains, contredisant ainsi les propos ant\u00e9rieurs de Trump selon lesquels les \u00c9tats-Unis ne souhaitaient pas livrer de Tomahawk \u00e0 l&rsquo;Ukraine car celle-ci en avait besoin \u00ab pour prot\u00e9ger le pays \u00bb.<\/p>\n<p>Dans un communiqu\u00e9 distinct, l&rsquo;ambassadrice d&rsquo;Ukraine aux \u00c9tats-Unis, Olha Stefanishyna, a d\u00e9clar\u00e9 vendredi que les n\u00e9gociations avec Washington concernant l&rsquo;achat de missiles de croisi\u00e8re Tomahawk et d&rsquo;autres armements \u00e0 longue port\u00e9e se poursuivaient.<\/p>\n<p>Selon elle, les pourparlers progressent positivement.<\/p>\n<p>\u00ab Les discussions sont toujours en cours, mais de nombreuses d\u00e9l\u00e9gations s&rsquo;efforcent d&rsquo;accro\u00eetre les ressources financi\u00e8res disponibles afin d&rsquo;acqu\u00e9rir davantage de capacit\u00e9s militaires aux \u00c9tats-Unis \u00bb, a d\u00e9clar\u00e9 Stefanishyna.<\/p>\n<p>En r\u00e9ponse aux propos du pr\u00e9sident serbe Aleksandar Vucic concernant les ventes d&rsquo;armes \u00e0 l&rsquo;UE, Zakharova a d\u00e9clar\u00e9 que Moscou attendait de Belgrade qu&rsquo;elle honore ses engagements et s&rsquo;abstienne d&rsquo;armer l&rsquo;Ukraine.<\/p>\n<p>Zakharova a soulign\u00e9 l&rsquo;incoh\u00e9rence des d\u00e9clarations de Vucic, notant sa tendance \u00e0 tenir des propos diff\u00e9rents selon les lieux.<\/p>\n<p>Elle a rappel\u00e9 les assurances r\u00e9p\u00e9t\u00e9es des dirigeants serbes quant au contr\u00f4le strict des exportations de munitions nationales, qui ne parviendraient pas en Ukraine.<\/p>\n<p>\u00ab Nous avons toujours entendu de la part de hauts responsables serbes que leurs exportations sont rigoureusement surveill\u00e9es, afin de garantir qu&rsquo;aucune munition n&rsquo;atteigne l&rsquo;Ukraine et ne soit utilis\u00e9e contre nos troupes \u00bb, a-t-elle insist\u00e9.<\/p>\n<p>Auparavant, les services de renseignement ext\u00e9rieurs russes avaient r\u00e9v\u00e9l\u00e9 les livraisons secr\u00e8tes de munitions de Belgrade \u00e0 Kiev, malgr\u00e9 l&rsquo;engagement de neutralit\u00e9 de la Serbie.<\/p>\n<p>Suite \u00e0 ces r\u00e9v\u00e9lations, Vucic s&rsquo;\u00e9tait engag\u00e9 \u00e0 suspendre les livraisons si la documentation ou les destinataires finaux \u00e9taient mis en doute. Le 23 juin, il a confirm\u00e9 la suspension des exportations de munitions dans l&rsquo;attente de solutions alternatives.<\/p>\n<p>* Traduit de l&rsquo;anglais par Mariem Njeh<\/p>\n<p>                            &#13;<br \/>\n                                <a href=\"https:\/\/www.aa.com.tr\/fr\/p\/abonnement\/1001\" target=\"_blank\" style=\"font-size:12px; color:#444; text-decoration:none;\" rel=\"nofollow noopener\">&#13;<br \/>\n                                    Seulement une partie des d\u00e9p\u00eaches, que l&rsquo;Agence Anadolu diffuse \u00e0 ses abonn\u00e9s via le Syst\u00e8me de Diffusion interne (HAS), est diffus\u00e9e sur le site de l&rsquo;AA, de mani\u00e8re r\u00e9sum\u00e9e. <b style=\"color:#1897F7\">Contactez-nous s&rsquo;il vous pla\u00eet pour vous abonner.<\/b>&#13;<br \/>\n                                <\/a>&#13;<\/p>\n","protected":false},"excerpt":{"rendered":"AA \/ Moscou \/ Elena Teslova La porte-parole du minist\u00e8re russe des Affaires \u00e9trang\u00e8res, Maria Zakharova, a accus\u00e9&hellip;\n","protected":false},"author":2,"featured_media":518493,"comment_status":"","ping_status":"","sticky":false,"template":"","format":"standard","meta":{"footnotes":""},"categories":[1588],"tags":[11,1785,1777,674,4534,12,473,1853,132,1851,220,1850,1852],"class_list":{"0":"post-518492","1":"post","2":"type-post","3":"status-publish","4":"format-standard","5":"has-post-thumbnail","7":"category-royaume-uni","8":"tag-actualites","9":"tag-anadolu-ajansi","10":"tag-eu","11":"tag-europe","12":"tag-londres","13":"tag-news","14":"tag-royaume-uni","15":"tag-royaume-uni-de-grande-bretagne-et-dirlande-du-nord","16":"tag-russie","17":"tag-uk","18":"tag-ukraine","19":"tag-united-kingdom","20":"tag-united-kingdom-of-great-britain-and-northern-ireland"},"share_on_mastodon":{"url":"https:\/\/pubeurope.com\/@fr\/115509024784296913","error":""},"_links":{"self":[{"href":"https:\/\/www.europesays.com\/fr\/wp-json\/wp\/v2\/posts\/518492","targetHints":{"allow":["GET"]}}],"collection":[{"href":"https:\/\/www.europesays.com\/fr\/wp-json\/wp\/v2\/posts"}],"about":[{"href":"https:\/\/www.europesays.com\/fr\/wp-json\/wp\/v2\/types\/post"}],"author":[{"embeddable":true,"href":"https:\/\/www.europesays.com\/fr\/wp-json\/wp\/v2\/users\/2"}],"replies":[{"embeddable":true,"href":"https:\/\/www.europesays.com\/fr\/wp-json\/wp\/v2\/comments?post=518492"}],"version-history":[{"count":0,"href":"https:\/\/www.europesays.com\/fr\/wp-json\/wp\/v2\/posts\/518492\/revisions"}],"wp:featuredmedia":[{"embeddable":true,"href":"https:\/\/www.europesays.com\/fr\/wp-json\/wp\/v2\/media\/518493"}],"wp:attachment":[{"href":"https:\/\/www.europesays.com\/fr\/wp-json\/wp\/v2\/media?parent=518492"}],"wp:term":[{"taxonomy":"category","embeddable":true,"href":"https:\/\/www.europesays.com\/fr\/wp-json\/wp\/v2\/categories?post=518492"},{"taxonomy":"post_tag","embeddable":true,"href":"https:\/\/www.europesays.com\/fr\/wp-json\/wp\/v2\/tags?post=518492"}],"curies":[{"name":"wp","href":"https:\/\/api.w.org\/{rel}","templated":true}]}}