{"id":518494,"date":"2025-11-07T15:03:13","date_gmt":"2025-11-07T15:03:13","guid":{"rendered":"https:\/\/www.europesays.com\/fr\/518494\/"},"modified":"2025-11-07T15:03:13","modified_gmt":"2025-11-07T15:03:13","slug":"lallemagne-maintient-lecheance-de-fin-dannee-pour-une-decision-sur-le-programme-scaf","status":"publish","type":"post","link":"https:\/\/www.europesays.com\/fr\/518494\/","title":{"rendered":"L&rsquo;Allemagne maintient l&rsquo;\u00e9ch\u00e9ance de fin d&rsquo;ann\u00e9e pour une d\u00e9cision sur le programme SCAF"},"content":{"rendered":"<p>L&rsquo;Allemagne vise toujours \u00e0 prendre une d\u00e9cision d&rsquo;ici la fin de l&rsquo;ann\u00e9e concernant l&rsquo;avenir du chasseur franco-allemand SCAF (Syst\u00e8me de Combat A\u00e9rien du Futur), a d\u00e9clar\u00e9 vendredi son ministre de la D\u00e9fense, tandis que son homologue fran\u00e7aise a soulign\u00e9 l&rsquo;urgence d&rsquo;avancer sur ce projet.<\/p>\n<p>Le programme, qui ambitionne de d\u00e9velopper une nouvelle g\u00e9n\u00e9ration d&rsquo;avions de chasse et de syst\u00e8mes associ\u00e9s pour les forces a\u00e9riennes europ\u00e9ennes, inclut \u00e9galement l&rsquo;Espagne.<\/p>\n<p>Berlin a accus\u00e9 l&rsquo;industrie fran\u00e7aise de bloquer la prochaine phase du programme en exigeant un leadership exclusif, tandis que l&rsquo;instabilit\u00e9 politique en France a retard\u00e9 l&rsquo;organisation de discussions de haut niveau sur le sujet.<\/p>\n<p><b>AUCUNE DATE POUR UNE R\u00c9UNION TRILAT\u00c9RALE DES MINISTRES<\/b><\/p>\n<p>S&rsquo;adressant aux journalistes \u00e0 Berlin, le ministre allemand de la D\u00e9fense, Boris Pistorius, a indiqu\u00e9 qu&rsquo;aucune nouvelle date n&rsquo;avait encore \u00e9t\u00e9 fix\u00e9e pour une r\u00e9union trilat\u00e9rale des ministres concern\u00e9s.<\/p>\n<p>\u00ab\u00a0Nous maintenons notre objectif de prendre une d\u00e9cision d&rsquo;ici la fin de l&rsquo;ann\u00e9e, quelle que soit la nature de cette d\u00e9cision\u00a0\u00bb, a-t-il affirm\u00e9, pr\u00e9cisant avoir abord\u00e9 le sujet plus t\u00f4t cette semaine avec le chancelier Friedrich Merz.<\/p>\n<p>\u00ab\u00a0Je ne peux pas dire s&rsquo;il y aura une r\u00e9union (trilat\u00e9rale) et quand elle aura lieu\u00a0\u00bb, a-t-il ajout\u00e9.<\/p>\n<p>Pistorius a indiqu\u00e9 s&rsquo;\u00eatre entretenu la semaine derni\u00e8re avec son homologue fran\u00e7aise Catherine Vautrin, qui lui a fait part de sa volont\u00e9 de poursuivre le projet.<\/p>\n<p>\u00ab\u00a0Mais, comme nous le savons tous, ce n&rsquo;est pas une question qui se d\u00e9cide uniquement au sein du gouvernement fran\u00e7ais. M. Eric Trappier, de l&rsquo;entreprise de d\u00e9fense fran\u00e7aise Dassault, joue manifestement un r\u00f4le cl\u00e9 ici, du moins en ce qui concerne la communication publique\u00a0\u00bb, a-t-il observ\u00e9.<\/p>\n<p>Interrog\u00e9e \u00e0 Madrid avant une rencontre avec la ministre espagnole de la D\u00e9fense, Margarita Robles, Catherine Vautrin a soulign\u00e9 l&rsquo;urgence d&rsquo;avancer, rappelant que les Rafale actuellement en service devront \u00eatre remplac\u00e9s \u00e0 l&rsquo;horizon 2040.<\/p>\n<p>\u00ab\u00a0La France a besoin d&rsquo;un avion embarqu\u00e9 et du syst\u00e8me, qui repr\u00e9sente l&rsquo;innovation du SCAF\u00a0\u00bb, a-t-elle d\u00e9clar\u00e9.<\/p>\n<p>\u00ab\u00a0Trois pays sont impliqu\u00e9s dans ce projet et il est logique que les trois travaillent ensemble et que leurs industries participent \u00e0 la construction du SCAF. Il y a urgence\u00a0\u00bb, a-t-elle insist\u00e9.<\/p>\n<p>Elle a ajout\u00e9 que les trois partenaires devront se r\u00e9unir pour discuter du sujet, sans toutefois avancer de calendrier pr\u00e9cis.<\/p>\n","protected":false},"excerpt":{"rendered":"L&rsquo;Allemagne vise toujours \u00e0 prendre une d\u00e9cision d&rsquo;ici la fin de l&rsquo;ann\u00e9e concernant l&rsquo;avenir du chasseur franco-allemand SCAF&hellip;\n","protected":false},"author":2,"featured_media":518495,"comment_status":"","ping_status":"","sticky":false,"template":"","format":"standard","meta":{"footnotes":""},"categories":[1587],"tags":[11,672,340,1804,1805,1803,1777,674,1801,12,1802],"class_list":{"0":"post-518494","1":"post","2":"type-post","3":"status-publish","4":"format-standard","5":"has-post-thumbnail","7":"category-allemagne","8":"tag-actualites","9":"tag-allemagne","10":"tag-bourse","11":"tag-bundesrepublik-deutschland","12":"tag-de","13":"tag-deutschland","14":"tag-eu","15":"tag-europe","16":"tag-germany","17":"tag-news","18":"tag-republique-federale-dallemagne"},"share_on_mastodon":{"url":"https:\/\/pubeurope.com\/@fr\/115509028695478612","error":""},"_links":{"self":[{"href":"https:\/\/www.europesays.com\/fr\/wp-json\/wp\/v2\/posts\/518494","targetHints":{"allow":["GET"]}}],"collection":[{"href":"https:\/\/www.europesays.com\/fr\/wp-json\/wp\/v2\/posts"}],"about":[{"href":"https:\/\/www.europesays.com\/fr\/wp-json\/wp\/v2\/types\/post"}],"author":[{"embeddable":true,"href":"https:\/\/www.europesays.com\/fr\/wp-json\/wp\/v2\/users\/2"}],"replies":[{"embeddable":true,"href":"https:\/\/www.europesays.com\/fr\/wp-json\/wp\/v2\/comments?post=518494"}],"version-history":[{"count":0,"href":"https:\/\/www.europesays.com\/fr\/wp-json\/wp\/v2\/posts\/518494\/revisions"}],"wp:featuredmedia":[{"embeddable":true,"href":"https:\/\/www.europesays.com\/fr\/wp-json\/wp\/v2\/media\/518495"}],"wp:attachment":[{"href":"https:\/\/www.europesays.com\/fr\/wp-json\/wp\/v2\/media?parent=518494"}],"wp:term":[{"taxonomy":"category","embeddable":true,"href":"https:\/\/www.europesays.com\/fr\/wp-json\/wp\/v2\/categories?post=518494"},{"taxonomy":"post_tag","embeddable":true,"href":"https:\/\/www.europesays.com\/fr\/wp-json\/wp\/v2\/tags?post=518494"}],"curies":[{"name":"wp","href":"https:\/\/api.w.org\/{rel}","templated":true}]}}