{"id":518500,"date":"2025-11-07T15:06:14","date_gmt":"2025-11-07T15:06:14","guid":{"rendered":"https:\/\/www.europesays.com\/fr\/518500\/"},"modified":"2025-11-07T15:06:14","modified_gmt":"2025-11-07T15:06:14","slug":"la-reponse-de-kylian-mbappe-au-tacle-dorelsan-dans-son-nouvel-album","status":"publish","type":"post","link":"https:\/\/www.europesays.com\/fr\/518500\/","title":{"rendered":"la r\u00e9ponse de Kylian Mbapp\u00e9 au tacle d&rsquo;Orelsan dans son nouvel album"},"content":{"rendered":"<p class=\"article-p mdl\">Sa r\u00e9ponse n&rsquo;aura pas attendu longtemps. Quelques heures apr\u00e8s la sortie du nouvel album d&rsquo;Orelsan, dans lequel le rappeur fran\u00e7ais a tacl\u00e9 l&rsquo;attaquant du Real Madrid, le capitaine des Bleus a r\u00e9agi sur les r\u00e9seaux sociaux.<\/p>\n<p class=\"article-p mdl\">Fid\u00e8le \u00e0 sa ville natale, Orelsan a gliss\u00e9 dans son nouveau titre La petite voix de son\u00a0<a class=\"link\" href=\"https:\/\/www.rtl.fr\/culture\/musique\/orelsan-sort-la-fuite-en-avant-paternite-celebrite-pop-culture-japonaise-que-vaut-son-album-7900563730\" title=\"Orelsan sort &quot;La Fuite en avant&quot; : paternit\u00e9, c\u00e9l\u00e9brit\u00e9, pop culture japonaise... Que vaut son album ?\" rel=\"nofollow noopener\" target=\"_blank\">nouvel album La Fuite en avant\u00a0<\/a>une pique directement adress\u00e9e au clan\u00a0<a class=\"link\" href=\"https:\/\/www.rtl.fr\/sport\/football\/mbappe-et-le-psg-aux-prud-hommes-le-17-novembre-3-questions-pour-comprendre-le-litige-entre-l-attaquant-et-son-ancien-club-7900562680\" rel=\"nofollow noopener\" target=\"_blank\">Mbapp\u00e9<\/a>. \u00ab\u00a0Tu vas faire couler ta ville comme les Mbapp\u00e9\u00a0\u00bb, l\u00e2che-t-il, en r\u00e9f\u00e9rence au rachat du Stade Malherbe de Caen par la soci\u00e9t\u00e9 Coalition Capital, g\u00e9r\u00e9e par la m\u00e8re du joueur.<\/p>\n<p class=\"article-p mdl\">Une op\u00e9ration qui avait fait couler beaucoup d\u2019encre, alors que le club venait d\u2019\u00eatre rel\u00e9gu\u00e9 en National 1 et venait de licencier seize salari\u00e9s, selon\u00a0<a class=\"link\" href=\"https:\/\/www.footmercato.net\/a8123662140610740582-kylian-mbappe-detruit-orelsan#:~:text=Les%20propos%20d%27Orelsan%20ne,qu%27on%20vous%20appelle%20Caennais.\" rel=\"nofollow noopener\" target=\"_blank\">Foot Mercato<\/a>.<\/p>\n<p class=\"article-p mdl\">Le ton d\u2019Orelsan, moqueur, tranche avec son attachement \u00e0 la Normandie. Dans la m\u00eame chanson, il raille sa propre ville : \u00ab\u00a0Fais pas semblant d\u2019aimer ta ville, elle est claqu\u00e9e. Elle est morte, c\u2019est pour \u00e7a qu\u2019on vous appelle Caennais\u00a0\u00bb.\u00a0<\/p>\n<p>            La r\u00e9plique ac\u00e9r\u00e9e de Kylian Mbapp\u00e9<\/p>\n<p class=\"article-p mdl\">La r\u00e9ponse du capitaine de l\u2019\u00e9quipe de France ne s\u2019est pas faite attendre. Sur X, Kylian Mbapp\u00e9 a r\u00e9agi ce vendredi 7 novembre : \u00ab\u00a0T\u2019es le bienvenu pour \u00ab\u00a0sauver\u00a0\u00bb la ville que tu aimes tant, Orelsan. PS : le mec a fait que nous supplier pour entrer avec 1% sans payer parce qu\u2019il a pas un rond mais veut avoir la bonne image du petit gars de Normandie.\u00a0\u00bb<\/p>\n<blockquote class=\"twitter-tweet\">\n<p lang=\"fr\" dir=\"ltr\">T\u2019es le bienvenu pour \u00ab sauver \u00bb la ville que tu aimes tant \ud83d\ude0c <a href=\"https:\/\/twitter.com\/Orel_san?ref_src=twsrc%5Etfw\" rel=\"nofollow noopener\" target=\"_blank\">@Orel_san<\/a> <\/p>\n<p>Ps: Le mec a fait que nous supplier pour entrer avec 1% sans payer parce qu\u2019il a pas un rond mais pour avoir la bonne image du petit gars de Normandie. <a href=\"https:\/\/t.co\/inpIultqdn\" rel=\"nofollow\">https:\/\/t.co\/inpIultqdn<\/a><\/p>\n<p>\u2014 Kylian Mbapp\u00e9 (@KMbappe) <a href=\"https:\/\/twitter.com\/KMbappe\/status\/1986761184125534321?ref_src=twsrc%5Etfw\" rel=\"nofollow noopener\" target=\"_blank\">November 7, 2025<\/a><\/p><\/blockquote>\n<p class=\"article-p mdl\">Le SM Caen traverse une p\u00e9riode d\u00e9licate. Le club a \u00e9t\u00e9 rel\u00e9gu\u00e9 en National et navigue en milieu de tableau. Un plan de sauvegarde de l&#8217;emploi a \u00e9t\u00e9 mis en place, valid\u00e9 par la direction du travail, selon\u00a0<a class=\"link\" href=\"https:\/\/www.ouest-france.fr\/sport\/football\/sm-caen\/sm-caen-le-plan-social-valide-par-la-direction-du-travail-16-salaries-quittent-le-club-86fd6df2-b965-11f0-b227-510f72443e00\" target=\"_blank\" rel=\"nofollow noopener\">Ouest France<\/a>. Il doit aboutir au d\u00e9part de seize salari\u00e9s.<\/p>\n<p class=\"article-p mdl\">L&rsquo;entr\u00e9e du clan Mbapp\u00e9 via Coalition Capital devait symboliser un nouveau d\u00e9part pour le club normand. Mais les difficult\u00e9s sportives et \u00e9conomiques semblent avoir raviv\u00e9 des tensions locales.<\/p>\n<p>    La r\u00e9daction vous recommande<\/p>\n<p class=\"s-newsletter__title\">\n                L\u2019actualit\u00e9 par la r\u00e9daction de RTL dans votre bo\u00eete mail.\n            <\/p>\n<p class=\"s-newsletter__subtitle\">\n                Gr\u00e2ce \u00e0 votre compte RTL abonnez-vous \u00e0 la newsletter RTL info pour suivre toute l&rsquo;actualit\u00e9 au quotidien\n            <\/p>\n<p>\n                                    Lire la suite\n                                <\/p>\n<p>                            <script async src=\"https:\/\/platform.twitter.com\/widgets.js\" charset=\"utf-8\"><\/script><\/p>\n","protected":false},"excerpt":{"rendered":"Sa r\u00e9ponse n&rsquo;aura pas attendu longtemps. Quelques heures apr\u00e8s la sortie du nouvel album d&rsquo;Orelsan, dans lequel le&hellip;\n","protected":false},"author":2,"featured_media":518501,"comment_status":"","ping_status":"","sticky":false,"template":"","format":"standard","meta":{"footnotes":""},"categories":[2],"tags":[11,107,2619,63,1011,27,6477,873,12,21953,973,25],"class_list":{"0":"post-518500","1":"post","2":"type-post","3":"status-publish","4":"format-standard","5":"has-post-thumbnail","7":"category-actualites","8":"tag-actualites","9":"tag-fil-info","10":"tag-fil-sport","11":"tag-football","12":"tag-fr","13":"tag-france","14":"tag-kylian-mbappe","15":"tag-musique","16":"tag-news","17":"tag-orelsan","18":"tag-people","19":"tag-republique-francaise"},"share_on_mastodon":{"url":"https:\/\/pubeurope.com\/@fr\/115509040560954287","error":""},"_links":{"self":[{"href":"https:\/\/www.europesays.com\/fr\/wp-json\/wp\/v2\/posts\/518500","targetHints":{"allow":["GET"]}}],"collection":[{"href":"https:\/\/www.europesays.com\/fr\/wp-json\/wp\/v2\/posts"}],"about":[{"href":"https:\/\/www.europesays.com\/fr\/wp-json\/wp\/v2\/types\/post"}],"author":[{"embeddable":true,"href":"https:\/\/www.europesays.com\/fr\/wp-json\/wp\/v2\/users\/2"}],"replies":[{"embeddable":true,"href":"https:\/\/www.europesays.com\/fr\/wp-json\/wp\/v2\/comments?post=518500"}],"version-history":[{"count":0,"href":"https:\/\/www.europesays.com\/fr\/wp-json\/wp\/v2\/posts\/518500\/revisions"}],"wp:featuredmedia":[{"embeddable":true,"href":"https:\/\/www.europesays.com\/fr\/wp-json\/wp\/v2\/media\/518501"}],"wp:attachment":[{"href":"https:\/\/www.europesays.com\/fr\/wp-json\/wp\/v2\/media?parent=518500"}],"wp:term":[{"taxonomy":"category","embeddable":true,"href":"https:\/\/www.europesays.com\/fr\/wp-json\/wp\/v2\/categories?post=518500"},{"taxonomy":"post_tag","embeddable":true,"href":"https:\/\/www.europesays.com\/fr\/wp-json\/wp\/v2\/tags?post=518500"}],"curies":[{"name":"wp","href":"https:\/\/api.w.org\/{rel}","templated":true}]}}